{"id":21351,"date":"2025-06-13T04:15:00","date_gmt":"2025-06-13T07:15:00","guid":{"rendered":"https:\/\/grandepremio.com\/br\/noticias\/nao-estou-desesperado-por-boa-corrida-lewis-hamilton-prega-calma-2025-ferrari\/"},"modified":"2025-06-12T20:18:18","modified_gmt":"2025-06-12T23:18:18","slug":"nao-estou-desesperado-por-boa-corrida-lewis-hamilton-prega-calma-2025-ferrari","status":"publish","type":"post","link":"https:\/\/grandepremio.com\/br\/f1\/nao-estou-desesperado-por-boa-corrida-lewis-hamilton-prega-calma-2025-ferrari\/","title":{"rendered":"&#8220;N\u00e3o estou desesperado por uma boa corrida&#8221;: Hamilton prega calma com 2025 da Ferrari"},"content":{"rendered":"\n<p class=\"wp-block-paragraph\">As dificuldades de adapta\u00e7\u00e3o de <strong>Lewis Hamilton<\/strong> na <strong>Ferrari<\/strong> s\u00e3o not\u00f3rias neste ano de 2025. Com o campeonato chegando \u00e0 d\u00e9cima etapa neste fim de semana, o sentimento \u00e9 de necessidade desesperada de completar um fim de semana verdadeiramente bom, de cabo a rabo? De acordo com o heptacampe\u00e3o mundial, n\u00e3o.<\/p>\n\n\n\n<p class=\"wp-block-paragraph\">Hamilton destacou que, claro, ter uma etapa inteiramente forte \u00e9 sempre positivo, mas neste momento da parceria com a Ferrari n\u00e3o \u00e9 algo que ganha contornos de necessidade para fins de justificativa ou confian\u00e7a. A situa\u00e7\u00e3o \u00e9 menos dram\u00e1tica, garantiu, do que se imagina da porta de Maranello para fora.<\/p>\n\n\n\n<p class=\"wp-block-paragraph\">&#8220;N\u00e3o sinto que estou buscando [dessa forma]. Claro que um bom fim de semana \u00e9 sempre positivo, mas n\u00e3o sinto que estou desesperadamente atr\u00e1s de um&#8221;, afirmou.<\/p>\n\n\n\n<p class=\"wp-block-paragraph\">&#8220;As coisas parecem piores do lado de fora que de dentro. Acabei de vir da engenharia, e a maneira como o carro \u00e9 ajustado \u00e9 diferente em compara\u00e7\u00e3o a qualquer ano desde que estou na F1. E conversas com engenheiros mudam as coisas&#8221;, opinou.<\/p>\n\n\n\n<figure class=\"wp-block-image size-large\"><img decoding=\"async\" src=\"https:\/\/www.grandepremio.com\/br\/wp-content\/uploads\/2025\/06\/canada-2025-f1-quinta-feira-ferrari-lewis-hamilton-afp-01-1200x800.jpg\" alt=\"\" class=\"wp-image-980162\"\/><figcaption class=\"wp-element-caption\">Lewis Hamilton desesperado por boa corrida? N\u00e3o \u00e9 para tanto (Foto: AFP) <\/figcaption><\/figure>\n\n\n\n<p class=\"wp-block-paragraph\">&#8220;H\u00e1 uma certa maneira que eles gostam de trabalhar, e essas coisas acontecem. Eu posso chegar e dizer &#8216;calma a\u00ed um instante, n\u00e3o acho que isso fa\u00e7a sentido&#8217;. Eu fiz dessa forma nos \u00faltimos 17, 18 anos, e funcionou bem em muitos deles. \u00c9 uma quest\u00e3o de fazer essas coisas funcionarem com const\u00e2ncia junto \u00e0 equipe e conversar de maneira construtiva ajuda a fazer mudan\u00e7as&#8221;, continuou.<\/p>\n\n\n\n<p class=\"wp-block-paragraph\">&#8220;O carro tem um ponto de primor de desempenho, e estamos tentando fazer aparecer em todas as pistas, algo com que todas as equipes est\u00e3o tendo dificuldades&#8221;, finalizou.<\/p>\n\n\n\n<p class=\"wp-block-paragraph\"><strong>Hamilton<\/strong> ocupa o <strong><a href=\"https:\/\/www.grandepremio.com\/br\/f1\/noticias\/oscar-piastri-abre-10-pontos-sobre-lando-norris-vitoria-espanha-classificacao-f1-2025\/\">sexto lugar do Mundial de Pilotos<\/a><\/strong>, com 71 pontos. S\u00e3o 23 a menos que <strong>Charles Leclerc<\/strong>, companheiro de Ferrari. \u00c0 frente deles, <strong>George Russell<\/strong>, antigo companheiro de Lewis na <strong>Mercedes<\/strong>, tem 111.<\/p>\n\n\n\n<p class=\"wp-block-paragraph\">A&nbsp;<strong><a href=\"https:\/\/www.grandepremio.com\/br\/f1\/\" target=\"_blank\" rel=\"noreferrer noopener\"><\/a><a href=\"https:\/\/www.grandepremio.com\/br\/f1\/\" target=\"_blank\" rel=\"noreferrer noopener\">F\u00f3rmula 1<\/a><\/strong>&nbsp;realiza o GP do Canad\u00e1 neste fim de semana, de 13 a 15 de junho, em&nbsp;<strong>Montreal<\/strong>, d\u00e9cima etapa da temporada 2025. O&nbsp;<strong>GRANDE PR\u00caMIO<\/strong>&nbsp;acompanha todas as atividades&nbsp;<strong><a href=\"https:\/\/www.grandepremio.com\/br\/f1\/ao-vivo\" target=\"_blank\" rel=\"noreferrer noopener\">AO VIVO E EM&nbsp;<\/a><a href=\"https:\/\/www.grandepremio.com\/br\/ao-vivo\/\" target=\"_blank\" rel=\"noreferrer noopener\">TEMPO REAL<\/a><\/strong>, al\u00e9m de classifica\u00e7\u00e3o e corrida em&nbsp;<strong><a href=\"https:\/\/www.youtube.com\/@GrandePremio1\/streams\" target=\"_blank\" rel=\"noreferrer noopener\">SEGUNDA TELA no YouTube<\/a><\/strong>, em parceria com a Voz do Esporte. O&nbsp;<strong>Briefing<\/strong>&nbsp;chega para analisar ap\u00f3s o fim de cada dia de atividades nas redes sociais e na GPTV.<\/p>\n\n\n\n<p class=\"wp-block-paragraph\"><strong>GP do Canad\u00e1&nbsp;de F1: veja os hor\u00e1rios em Brasil, Cabo Verde,&nbsp;<a href=\"https:\/\/grandepremio.pt\/\" target=\"_blank\" rel=\"noreferrer noopener\">Portugal<\/a>, Angola e Mo\u00e7ambique:<\/strong><\/p>\n\n\n\n<figure class=\"wp-block-table\"><table class=\"has-fixed-layout\"><tbody><tr><td><strong>Sess\u00e3o<\/strong><\/td><td><strong>BRA*<\/strong><\/td><td><strong>CBV<\/strong><\/td><td><strong>POR<\/strong><br><strong>ANG<\/strong><\/td><td><strong>MOZ<\/strong><\/td><\/tr><tr><td>Treino livre 1<\/td><td>14:30<\/td><td>16:30<\/td><td>18:30<\/td><td>19:30<\/td><\/tr><tr><td>Treino livre 2<\/td><td>18:00<\/td><td>20:00<\/td><td>22:00<\/td><td>23:00<\/td><\/tr><tr><td>Treino livre 3<\/td><td>13:30<\/td><td>15:30<\/td><td>17:30<\/td><td>18:30<\/td><\/tr><tr><td>Classifica\u00e7\u00e3o<\/td><td>17:00<\/td><td>19:00<\/td><td>21:00<\/td><td>22:00<\/td><\/tr><tr><td>Corrida<\/td><td>15:00<\/td><td>17:00<\/td><td>19:00<\/td><td>20:00<\/td><\/tr><\/tbody><\/table><\/figure>\n\n\n\n<p class=\"wp-block-paragraph\"><em>*Hor\u00e1rios em Bras\u00edlia<\/em><\/p>\n\n\n\n<p class=\"wp-block-paragraph\">\u25b6\ufe0f&nbsp;<strong>Inscreva-se nos dois canais do GRANDE PR\u00caMIO no YouTube:&nbsp;<a href=\"https:\/\/www.youtube.com\/channel\/UC9OlHEgxoaY6QY6nWPoiqQg?sub_confirmation=1\" target=\"_blank\" rel=\"noreferrer noopener\">GP<\/a>&nbsp;|&nbsp;<a href=\"https:\/\/www.youtube.com\/channel\/UC9csiS6q_C3C0FYhyr1rnFA?sub_confirmation=1\" target=\"_blank\" rel=\"noreferrer noopener\">GP2<\/a><\/strong><br>\u25b6\ufe0f&nbsp;<strong>OU\u00c7A AGORA:&nbsp;<a href=\"https:\/\/www.grandepremio.com\/br\/f1\/noticias\/caprichos-do-destino-e-gp-mais-longo-como-nao-amar-a-f1-no-canada-paddockast-195\/\">Caprichos do destino e GP mais longo: como n\u00e3o amar a F1 no Canad\u00e1 | Paddockast #195<\/a><\/strong><\/p>\n\n\n\n<figure class=\"wp-block-embed is-type-video is-provider-youtube wp-block-embed-youtube wp-embed-aspect-16-9 wp-has-aspect-ratio\"><div class=\"wp-block-embed__wrapper\">\n<iframe loading=\"lazy\" title=\"24H DE LE MANS COM IMAGENS | HIPERPOLE | 4\u00aa ETAPA | FIA WEC 2025\" width=\"500\" height=\"281\" src=\"https:\/\/www.youtube.com\/embed\/mD9_NxYECFA?feature=oembed\" frameborder=\"0\" allow=\"accelerometer; autoplay; clipboard-write; encrypted-media; gyroscope; picture-in-picture; web-share\" referrerpolicy=\"strict-origin-when-cross-origin\" allowfullscreen><\/iframe>\n<\/div><figcaption class=\"wp-element-caption\">24H DE LE MANS AO VIVO E COM IMAGENS | HIPERPOLE | 4\u00aa ETAPA | FIA WEC 2025<\/figcaption><\/figure>\n","protected":false},"excerpt":{"rendered":"<p>Lewis Hamilton afirmou que situa\u00e7\u00e3o da Ferrari est\u00e1 pior da porta para fora que para dentro. Apesar de um bom fim de semana ser sempre positivo, n\u00e3o \u00e9 algo que avalia como fundamental por enquanto<\/p>\n","protected":false},"author":0,"featured_media":1000980165,"comment_status":"closed","ping_status":"closed","sticky":false,"template":"","format":"standard","meta":{"42wp_featured_image_caption":"","42wp_featured_image_credits":"","42wp_featured_video":"","42wp_featured_image_hidden":false,"42wp_authors_list":[],"footnotes":""},"categories":[2],"tags":[27776,34186,27487,26000,27773,38654,39086,41965,209,4924,5660,8235,41950,3630,642,31769,11958,31768,41966,207,38466,578,33334,14357,42374,30039,33934,1713,37187,39670,87],"42wp_author":[47120],"class_list":["post-21351","post","type-post","status-publish","format-standard","has-post-thumbnail","hentry","category-f1","tag-assistir-f1-ao-vivo","tag-assistir-f1-gratis","tag-assistir-f1-online","tag-audiencia-da-tv","tag-audiencia-f1","tag-audiencia-f1-tv","tag-calendario-f1-2025","tag-calendario-f1-2025-horarios","tag-charles-leclerc","tag-circuito-gilles-villeneuve","tag-classificacao","tag-classificacao-da-f1","tag-classificacao-f1-2025","tag-f1-2025","tag-f1-ao-vivo","tag-f1-canada","tag-f1-live","tag-f1-montreal","tag-f1-tv-2025","tag-ferrari","tag-ferrari-2025","tag-ferrari-f1","tag-ferrari-formula-1","tag-gp-do-canada","tag-hamilton-2025","tag-hamilton-f1","tag-hamilton-formula-1","tag-hamilton-na-ferrari","tag-leclerc-f1","tag-leclerc-formula-1","tag-lewis-hamilton","42wp_author-pedro-henrique-marum"],"_links":{"self":[{"href":"https:\/\/grandepremio.com\/br\/wp-json\/wp\/v2\/posts\/21351","targetHints":{"allow":["GET"]}}],"collection":[{"href":"https:\/\/grandepremio.com\/br\/wp-json\/wp\/v2\/posts"}],"about":[{"href":"https:\/\/grandepremio.com\/br\/wp-json\/wp\/v2\/types\/post"}],"replies":[{"embeddable":true,"href":"https:\/\/grandepremio.com\/br\/wp-json\/wp\/v2\/comments?post=21351"}],"version-history":[{"count":0,"href":"https:\/\/grandepremio.com\/br\/wp-json\/wp\/v2\/posts\/21351\/revisions"}],"wp:featuredmedia":[{"embeddable":true,"href":"https:\/\/grandepremio.com\/br\/wp-json\/wp\/v2\/media\/1000980165"}],"wp:attachment":[{"href":"https:\/\/grandepremio.com\/br\/wp-json\/wp\/v2\/media?parent=21351"}],"wp:term":[{"taxonomy":"category","embeddable":true,"href":"https:\/\/grandepremio.com\/br\/wp-json\/wp\/v2\/categories?post=21351"},{"taxonomy":"post_tag","embeddable":true,"href":"https:\/\/grandepremio.com\/br\/wp-json\/wp\/v2\/tags?post=21351"},{"taxonomy":"42wp_author","embeddable":true,"href":"https:\/\/grandepremio.com\/br\/wp-json\/wp\/v2\/42wp_author?post=21351"}],"curies":[{"name":"wp","href":"https:\/\/api.w.org\/{rel}","templated":true}]}}