{"id":21405,"date":"2025-06-11T15:01:07","date_gmt":"2025-06-11T18:01:07","guid":{"rendered":"https:\/\/grandepremio.com\/br\/noticias\/oscar-piastri-cita-michael-phelps-michael-jordan-inspiracoes-mentalidade-melhor\/"},"modified":"2025-06-11T16:53:32","modified_gmt":"2025-06-11T19:53:32","slug":"oscar-piastri-cita-michael-phelps-michael-jordan-inspiracoes-mentalidade-melhor","status":"publish","type":"post","link":"https:\/\/grandepremio.com\/br\/f1\/oscar-piastri-cita-michael-phelps-michael-jordan-inspiracoes-mentalidade-melhor\/","title":{"rendered":"Piastri cita Phelps e Jordan como inspira\u00e7\u00f5es na carreira: &#8220;Mentalidade de ser o melhor&#8221;"},"content":{"rendered":"\n<p class=\"wp-block-paragraph\"><strong>Oscar Piastri<\/strong> revelou que se inspira em grandes nomes do esporte para moldar sua trajet\u00f3ria na F\u00f3rmula 1. Falando ao site oficial da <strong>McLaren<\/strong>, destacou o nadador americano <strong>Michael Phelps<\/strong> como principal refer\u00eancia, elogiando a <strong>disciplina e o comprometimento<\/strong> do recordista ol\u00edmpico. Tamb\u00e9m mencionou <strong>Michael Jordan<\/strong> como outro exemplo de atleta que admira, principalmente pela <strong>\u00e9tica de trabalho<\/strong> e pela <strong>mentalidade vencedora<\/strong>.<\/p>\n\n\n\n<p class=\"wp-block-paragraph\">Piastri atualmente lidera o <strong>Mundial de Pilotos<\/strong>, com 186 pontos \u2014 10 a mais que Lando Norris. Das nove etapas da temporada 2025 at\u00e9 aqui, venceu <strong>cinco<\/strong> e s\u00f3 n\u00e3o subiu no p\u00f3dio na Austr\u00e1lia, quando escapou da pista molhada e terminou em nono.<\/p>\n\n\n\n<p class=\"wp-block-paragraph\">\u201cLembro at\u00e9 hoje de quando Phelps ganhou oito medalhas de ouro em uma \u00fanica Olimp\u00edada. Venceu todas as provas que disputou. Para mim, <strong>o que mais impressiona \u00e9 a dedica\u00e7\u00e3o que teve<\/strong>\u201d, afirmou. \u201cVi uma entrevista em que dizia que nadou todos os dias durante quatro anos, entre uma edi\u00e7\u00e3o dos Jogos e a seguinte. Estar na piscina todos os dias por quatro anos \u2014 <strong>isso \u00e9 comprometimento, no m\u00ednimo<\/strong>\u201d, seguiu.<\/p>\n\n\n\n<p class=\"wp-block-paragraph\">\u201cAcho que Michael Jordan segue a mesma linha, no sentido de compromisso total com o esporte. O <strong>esfor\u00e7o para ser o melhor e a determina\u00e7\u00e3o de n\u00e3o deixar nada o impedir \u00e9 inspirador<\/strong>. Jogava um esporte coletivo e queria fazer o time ser o melhor poss\u00edvel&#8221;, falou.<\/p>\n\n\n\n<figure class=\"wp-block-image size-large\"><img decoding=\"async\" src=\"https:\/\/www.grandepremio.com\/br\/wp-content\/uploads\/2025\/06\/espanha-2025-f1-corrida-mclaren-oscar-piastri-afp-20-1200x800.jpg\" alt=\"\" class=\"wp-image-976572\"\/><figcaption class=\"wp-element-caption\">Piastri tem oito p\u00f3dios seguidos na temporada 2025 (Foto: AFP)<\/figcaption><\/figure>\n\n\n\n<p class=\"wp-block-paragraph\">&#8220;Conquistou t\u00edtulos na NBA, depois jogou beisebol por dois anos e quando voltou ao basquete, era t\u00e3o bom quanto antes, se n\u00e3o ainda melhor. N\u00e3o \u00e9 s\u00f3 o fato de ter mudado de esporte, mas como fez isso e <strong>a mentalidade de ser o melhor em tudo que se propunha<\/strong>\u201d, emendou.<\/p>\n\n\n\n<p class=\"wp-block-paragraph\">Empolgado pelo bom momento da McLaren, o piloto acredita que a prova em Montreal representa nova chance de consolidar o desempenho.<\/p>\n\n\n\n<p class=\"wp-block-paragraph\">\u201cA vit\u00f3ria em Barcelona foi um fim de semana muito positivo, e estou feliz de voltar a correr logo depois da folga. A equipe est\u00e1 fazendo um trabalho excelente em todas as \u00e1reas e seguimos avan\u00e7ando juntos. Estou bem focado e otimista para Montreal. \u00c9 uma boa oportunidade de manter o embalo e estou animado para encarar um circuito r\u00e1pido e de baixa press\u00e3o aerodin\u00e2mica\u201d, concluiu.<\/p>\n\n\n\n<p class=\"wp-block-paragraph\">A&nbsp;<strong><a href=\"https:\/\/www.grandepremio.com\/br\/f1\/\" target=\"_blank\" rel=\"noreferrer noopener\"><\/a><a href=\"https:\/\/www.grandepremio.com\/br\/f1\/\" target=\"_blank\" rel=\"noreferrer noopener\">F\u00f3rmula 1<\/a><\/strong>&nbsp;realiza o GP do Canad\u00e1 neste fim de semana, de 13 a 15 de junho, em&nbsp;<strong>Montreal<\/strong>, d\u00e9cima etapa da temporada 2025. O&nbsp;<strong>GRANDE PR\u00caMIO<\/strong>&nbsp;acompanha todas as atividades&nbsp;<strong><a href=\"https:\/\/www.grandepremio.com\/br\/f1\/ao-vivo\" target=\"_blank\" rel=\"noreferrer noopener\">AO VIVO E EM&nbsp;<\/a><a href=\"https:\/\/www.grandepremio.com\/br\/ao-vivo\/\" target=\"_blank\" rel=\"noreferrer noopener\">TEMPO REAL<\/a><\/strong>, al\u00e9m de classifica\u00e7\u00e3o e corrida em&nbsp;<strong><a href=\"https:\/\/www.youtube.com\/@GrandePremio1\/streams\" target=\"_blank\" rel=\"noreferrer noopener\">SEGUNDA TELA no YouTube<\/a><\/strong>, em parceria com a Voz do Esporte. O&nbsp;<strong>Briefing<\/strong>&nbsp;chega para analisar ap\u00f3s o fim de cada dia de atividades nas redes sociais e na GPTV.<\/p>\n\n\n\n<p class=\"wp-block-paragraph\"><strong>GP do Canad\u00e1&nbsp;de F1: veja os hor\u00e1rios em Brasil, Cabo Verde,&nbsp;<a href=\"https:\/\/grandepremio.pt\/\" target=\"_blank\" rel=\"noreferrer noopener\">Portugal<\/a>, Angola e Mo\u00e7ambique:<\/strong><\/p>\n\n\n\n<figure class=\"wp-block-table\"><table class=\"has-fixed-layout\"><tbody><tr><td><strong>Sess\u00e3o<\/strong><\/td><td><strong>BRA*<\/strong><\/td><td><strong>CBV<\/strong><\/td><td><strong>POR<\/strong><br><strong>ANG<\/strong><\/td><td><strong>MOZ<\/strong><\/td><\/tr><tr><td>Treino livre 1<\/td><td>14:30<\/td><td>16:30<\/td><td>18:30<\/td><td>19:30<\/td><\/tr><tr><td>Treino livre 2<\/td><td>18:00<\/td><td>20:00<\/td><td>22:00<\/td><td>23:00<\/td><\/tr><tr><td>Treino livre 3<\/td><td>13:30<\/td><td>15:30<\/td><td>17:30<\/td><td>18:30<\/td><\/tr><tr><td>Classifica\u00e7\u00e3o<\/td><td>17:00<\/td><td>19:00<\/td><td>21:00<\/td><td>22:00<\/td><\/tr><tr><td>Corrida<\/td><td>15:00<\/td><td>17:00<\/td><td>19:00<\/td><td>20:00<\/td><\/tr><\/tbody><\/table><\/figure>\n\n\n\n<p class=\"wp-block-paragraph\"><em>*Hor\u00e1rios em Bras\u00edlia<\/em><\/p>\n\n\n\n<p class=\"wp-block-paragraph\">\u25b6\ufe0f&nbsp;<strong>Inscreva-se nos dois canais do GRANDE PR\u00caMIO no YouTube:&nbsp;<a href=\"https:\/\/www.youtube.com\/channel\/UC9OlHEgxoaY6QY6nWPoiqQg?sub_confirmation=1\" target=\"_blank\" rel=\"noreferrer noopener\">GP<\/a>&nbsp;|&nbsp;<a href=\"https:\/\/www.youtube.com\/channel\/UC9csiS6q_C3C0FYhyr1rnFA?sub_confirmation=1\" target=\"_blank\" rel=\"noreferrer noopener\">GP2<\/a><\/strong><\/p>\n\n\n\n<figure class=\"wp-block-embed is-type-video is-provider-youtube wp-block-embed-youtube wp-embed-aspect-16-9 wp-has-aspect-ratio\"><div class=\"wp-block-embed__wrapper\">\n<iframe loading=\"lazy\" title=\"ESTREIA DE MADRI E CHOQUES COM INDY E COPA DO MUNDO: O CALEND\u00c1RIO DA F1 2026 | Paddock Sprint\" width=\"500\" height=\"281\" src=\"https:\/\/www.youtube.com\/embed\/4kJ_Lw0joMY?feature=oembed\" frameborder=\"0\" allow=\"accelerometer; autoplay; clipboard-write; encrypted-media; gyroscope; picture-in-picture; web-share\" referrerpolicy=\"strict-origin-when-cross-origin\" allowfullscreen><\/iframe>\n<\/div><\/figure>\n","protected":false},"excerpt":{"rendered":"<p>Oscar Piastri elogiou disciplina de Michael Phelps e mentalidade vencedora de Michael Jordan ao citar lendas como inspira\u00e7\u00f5es<\/p>\n","protected":false},"author":0,"featured_media":1000974576,"comment_status":"closed","ping_status":"closed","sticky":false,"template":"","format":"standard","meta":{"42wp_featured_image_caption":"","42wp_featured_image_credits":"","42wp_featured_video":"","42wp_featured_image_hidden":false,"42wp_authors_list":[],"footnotes":""},"categories":[2],"tags":[26271,5273,147,3630,180,3628,1491,28285,30840,547,90,35129,2916,42001],"42wp_author":[47164],"class_list":["post-21405","post","type-post","status-publish","format-standard","has-post-thumbnail","hentry","category-f1","tag-calendario-f1","tag-classificacao-f1","tag-f1","tag-f1-2025","tag-formula-1","tag-formula-1-2025","tag-grande-premio","tag-grandepremio","tag-horarios-f1","tag-lando-norris","tag-mclaren","tag-onde-assistir-f1","tag-oscar-piastri","tag-temporada-2025-f1","42wp_author-marcos-gil-ribeiro"],"_links":{"self":[{"href":"https:\/\/grandepremio.com\/br\/wp-json\/wp\/v2\/posts\/21405","targetHints":{"allow":["GET"]}}],"collection":[{"href":"https:\/\/grandepremio.com\/br\/wp-json\/wp\/v2\/posts"}],"about":[{"href":"https:\/\/grandepremio.com\/br\/wp-json\/wp\/v2\/types\/post"}],"replies":[{"embeddable":true,"href":"https:\/\/grandepremio.com\/br\/wp-json\/wp\/v2\/comments?post=21405"}],"version-history":[{"count":0,"href":"https:\/\/grandepremio.com\/br\/wp-json\/wp\/v2\/posts\/21405\/revisions"}],"wp:featuredmedia":[{"embeddable":true,"href":"https:\/\/grandepremio.com\/br\/wp-json\/wp\/v2\/media\/1000974576"}],"wp:attachment":[{"href":"https:\/\/grandepremio.com\/br\/wp-json\/wp\/v2\/media?parent=21405"}],"wp:term":[{"taxonomy":"category","embeddable":true,"href":"https:\/\/grandepremio.com\/br\/wp-json\/wp\/v2\/categories?post=21405"},{"taxonomy":"post_tag","embeddable":true,"href":"https:\/\/grandepremio.com\/br\/wp-json\/wp\/v2\/tags?post=21405"},{"taxonomy":"42wp_author","embeddable":true,"href":"https:\/\/grandepremio.com\/br\/wp-json\/wp\/v2\/42wp_author?post=21405"}],"curies":[{"name":"wp","href":"https:\/\/api.w.org\/{rel}","templated":true}]}}