{"id":21429,"date":"2025-06-11T05:30:00","date_gmt":"2025-06-11T08:30:00","guid":{"rendered":"https:\/\/grandepremio.com\/br\/noticias\/juan-manuel-fangio-stirling-moss-nano-da-silva-personagens-tragica-edicao-24-horas-le-mans-1955\/"},"modified":"2025-06-10T16:19:37","modified_gmt":"2025-06-10T19:19:37","slug":"juan-manuel-fangio-stirling-moss-nano-da-silva-personagens-tragica-edicao-24-horas-le-mans-1955","status":"publish","type":"post","link":"https:\/\/grandepremio.com\/br\/endurance\/wec\/juan-manuel-fangio-stirling-moss-nano-da-silva-personagens-tragica-edicao-24-horas-le-mans-1955\/","title":{"rendered":"Fangio, Moss, Da Silva: quem eram os grandes nomes nas 24 Horas de Le Mans de 1955"},"content":{"rendered":"\n<p class=\"wp-block-paragraph\">Para o mundo do automobilismo, o dia 11 de junho jamais ser\u00e1 lembrado como uma data a ser comemorada. Muito pelo contr\u00e1rio. H\u00e1 exatos 70 anos, durante a 23\u00aa edi\u00e7\u00e3o da corrida de longa dura\u00e7\u00e3o mais tradicional do mundo, o <strong>Circuito de La Sarthe<\/strong> foi palco do maior acidente da hist\u00f3ria das <strong>24 Horas de Le Mans<\/strong>, que resultou nas mortes do piloto <strong>Pierre Levegh<\/strong> e de 83 espectadores. Mas al\u00e9m do franc\u00eas, que da pior forma ficou eternizado como grande protagonista da trag\u00e9dia, o grid daquele ano contava com outros personagens marcantes.<\/p>\n\n\n\n<p class=\"wp-block-paragraph\">Num mundo que aos poucos se recuperava das profundas marcas deixadas pela Segunda Guerra Mundial, <strong>Jaguar<\/strong> e <strong>Mercedes<\/strong> despontavam como principais for\u00e7as, levando para as pistas a antipatia entre ingleses e alem\u00e3es. Do lado das Flechas de Prata, <strong>Juan Manuel Fangio<\/strong> e <strong>Stirling Moss<\/strong> se destacavam, enquanto <strong>Mike Hawthorn<\/strong> e <strong>Ivor Bueb<\/strong> eram a esperan\u00e7a por parte dos felinos.<\/p>\n\n\n\n<p class=\"wp-block-paragraph\">Fangio, claro, dispensa qualquer tipo de apresenta\u00e7\u00e3o. Naquela altura da carreira, o argentino j\u00e1 era bicampe\u00e3o de <strong>F\u00f3rmula 1<\/strong> e caminhava para o terceiro t\u00edtulo, em 1955 mesmo, antes de levar a melhor em 1956 e 1957 para dominar completamente a primeira d\u00e9cada da principal categoria do automobilismo \u2014 em tempos ainda sem muito glamour, dando os primeiros passos.<\/p>\n\n\n\n<p class=\"wp-block-paragraph\">Como dupla, &#8216;El Chueco&#8217;, como era conhecido, p\u00f4de contar com ningu\u00e9m menos que Moss, considerado por muitos o maior piloto da hist\u00f3ria a nunca ter conquistado um t\u00edtulo de <strong>F1<\/strong>. Naquele mesmo ano, o brit\u00e2nico j\u00e1 havia levado a melhor na <strong>Mille Miglia<\/strong>, famosa corrida de 1.500 km na <strong>It\u00e1lia<\/strong>, quando completou a prova no tempo recorde de 10h08min, desbancando o pr\u00f3prio Fangio, que ficou em segundo. Eram os queridinhos da marca alem\u00e3, companheiros de equipe na F1 e escolhidos para buscar a gl\u00f3ria de Le Mans.<\/p>\n\n\n\n<figure class=\"wp-block-image size-full\"><img decoding=\"async\" src=\"https:\/\/www.grandepremio.com\/br\/wp-content\/uploads\/2025\/02\/MOSS-MERCEDES.jpg\" alt=\"\" class=\"wp-image-924130\"\/><figcaption class=\"wp-element-caption\">Stirling Moss com a Mercedes W196R (Foto: LAT Images)<\/figcaption><\/figure>\n\n\n\n<p class=\"wp-block-paragraph\">Al\u00e9m da estrelada dupla, a Mercedes deu entrada nas 24 Horas de Le Mans com mais dois carros de f\u00e1brica. Em um deles, <strong>Karl Kling<\/strong> \u2014 que foi eleito &#8216;Personalidade Esportiva Alem\u00e3&#8217; em 1952 \u2014 e o franc\u00eas <strong>Andr\u00e9 Simon<\/strong>, que tamb\u00e9m vestiu as cores da <strong>Gordini<\/strong> e da <strong>Ferrari<\/strong> at\u00e9 1965, quando decidiu se aposentar de vez das pistas. No outro, o franc\u00eas Levegh, que morreria naquela corrida, e o norte-americano <strong>John Fitch<\/strong>, que al\u00e9m de ter sido o primeiro piloto do pa\u00eds a ter sucesso na Europa no per\u00edodo p\u00f3s-guerra, tamb\u00e9m deixou legado muito grande com o trabalho realizado no desenvolvimento de sistemas avan\u00e7ados de c\u00e1psulas de seguran\u00e7a para os competidores.<\/p>\n\n\n\n<p class=\"wp-block-paragraph\">J\u00e1 do lado da Jaguar, Hawthorn e Bueb eram os grandes destaques e, por isso, acabaram ficando com o triunfo daquela edi\u00e7\u00e3o em La Sarthe \u2014 a Mercedes decidiu retirar os carros da prova horas ap\u00f3s a trag\u00e9dia. Enquanto o segundo teve uma carreira mais discreta, o primeiro se tornou campe\u00e3o mundial de F1 em 1958, fato determinante para a decis\u00e3o de se aposentar logo ap\u00f3s o fim daquele campeonato. Os dois morreram em acidentes automobil\u00edsticos antes do fim da d\u00e9cada: Bueb, numa corrida de F2; Hawthorne, aposentado, enquanto fazia uma viagem. <\/p>\n\n\n\n<p class=\"wp-block-paragraph\">Mas a montadora inglesa tinha mais dois carros de f\u00e1brica na disputa: <strong>Tony Rolt<\/strong> \u2014 condecorado pelo ex\u00e9rcito brit\u00e2nico pela participa\u00e7\u00e3o na Segunda Guerra Mundial \u2014 e <strong>Duncan Hamilton<\/strong> formavam uma das parcerias, enquanto <strong>Don Beauman<\/strong> e <strong>Norman Dewis<\/strong> formavam a outra dupla. Por\u00e9m, as equipes <strong>Ecurie Francorchamps<\/strong> e <strong>Briggs Cunningham<\/strong> tamb\u00e9m competiam com um modelo da Jaguar, com <strong>Johnny Claes<\/strong> \u2014 que antes da fama como piloto, <a href=\"https:\/\/www.grandepremio.com\/br\/f1\/noticias\/juan-manuel-fangio-nino-farina-ate-principe-grid-como-foi-primeira-corrida-historia-formula-1-1950\/\">foi trompetista\u00a0de jazz<\/a>\u00a0e l\u00edder de banda de sucesso na Gr\u00e3-Bretanha \u2014, <strong>Jacques Swaters<\/strong>, <strong>William Spear<\/strong> e <strong>Phil Walters<\/strong> ao volante.<\/p>\n\n\n\n<p class=\"wp-block-paragraph\">As grandes personalidades estavam tamb\u00e9m fora do pacote Mercedes-Jaguar. <strong>Ken Miles<\/strong>, por exemplo, que teve o trabalho no desenvolvimento do <strong>Ford GT40<\/strong> e a participa\u00e7\u00e3o nas 24 Horas de Le Mans de 1966 retratados no filme &#8216;Ford v Ferrari&#8217;, estava presente naquela edi\u00e7\u00e3o, pela <strong>MG<\/strong>, ao lado do brit\u00e2nico <strong>Johnny Lockett<\/strong>, e terminou na 12\u00aa posi\u00e7\u00e3o.<\/p>\n\n\n\n<figure class=\"wp-block-image size-large\"><img decoding=\"async\" src=\"https:\/\/www.grandepremio.com\/br\/wp-content\/uploads\/2025\/06\/jaguar-6-1200x878.jpeg\" alt=\"\" class=\"wp-image-979280\"\/><figcaption class=\"wp-element-caption\">A Jaguar #6 de Mike Hawthorn e Ivor Bueb (Foto: 24 Horas de Le Mans)<\/figcaption><\/figure>\n\n\n\n<p class=\"wp-block-paragraph\">Assim como <strong>Colin Chapman<\/strong>, importante designer, inventor e fundador da empresa de carros esportivos <strong>Lotus<\/strong>. Embora tenha competido na F1, ficou mais conhecido pelas diversas inova\u00e7\u00f5es desenvolvidas para a categoria: chassi monocoque, aerof\u00f3lios e assoalhos cujo formato produzia o chamado &#8216;efeito-solo&#8217;. O brit\u00e2nico foi desclassificado das 24 Horas de Le Mans de 1955 por ter feito uma manobra de revers\u00e3o para retornar \u00e0 pista ap\u00f3s ter sa\u00eddo dela, o que violava as regras.<\/p>\n\n\n\n<p class=\"wp-block-paragraph\">Primeiro norte-americano de nascimento a ganhar um campeonato de F1, tr\u00eas vezes vencedor da prova em La Sarthe, tr\u00eas vezes das <strong>12 Horas de Sebring<\/strong> e duas vezes dos <strong>1.000 km de N\u00fcrburgring<\/strong>, <strong>Phil Hill<\/strong> tamb\u00e9m carimbou presen\u00e7a, com o vermelho da Ferrari, mas completou apenas 76 voltas antes de abandonar. Da mesma forma, <strong>Maurice Trintignant<\/strong>, que participou das primeiras 15 temporadas da F1 e que tamb\u00e9m representou o time de Maranello em Le Mans, completou somente 107 giros e n\u00e3o viu a bandeira quadriculada.<\/p>\n\n\n\n<p class=\"wp-block-paragraph\">Por \u00faltimo, mas n\u00e3o menos importante: <strong>Hermano da Silva Ramos<\/strong> \u2014 mais conhecido como <strong>Nano da Silva<\/strong>. Filho de m\u00e3e francesa e de pai brasileiro, foi o terceiro piloto do Brasil a competir na F1 \u2014 depois de <strong>Chico Landi<\/strong> e <strong>Gino Bianco<\/strong> \u2014, mas tamb\u00e9m fez carreira em outras competi\u00e7\u00f5es, como o Tour de France Auto e as 24 Horas de Le Mans, sempre competindo por grandes marcas: MG, Ferrari, <strong>Aston Martin<\/strong>, <strong>Maserati<\/strong>, Jaguar, <strong>Cooper<\/strong>, <strong>Lotus<\/strong> e <strong>Porsche<\/strong>. Em 1955, pela Gordini e ao lado de <strong>Jacques Pollet<\/strong>, foi at\u00e9 o 26\u00ba lugar e precisou abandonar no 145\u00ba giro.<\/p>\n\n\n\n<p class=\"wp-block-paragraph\">Os carros do <strong>Mundial de Endurance<\/strong> (<strong>WEC<\/strong>) aceleram entre os dias 11 e 15 de junho para a principal corrida do ano, as&nbsp;<strong>24 Horas de Le Mans<\/strong>, quarta etapa da temporada. O&nbsp;<strong>GRANDE PR\u00caMIO<\/strong>&nbsp;acompanha todas as atividades da temporada 2025 e transmite todas as etapas&nbsp;<strong>AO VIVO<\/strong>&nbsp;e&nbsp;<strong>COM IMAGENS<\/strong>&nbsp;no canal do&nbsp;<strong>YouTube&nbsp;<\/strong>e na&nbsp;<strong>GPTV<\/strong>.<\/p>\n\n\n\n<p class=\"wp-block-paragraph\">As atividades de pista come\u00e7am para valer nesta quarta-feira (11), \u00e0s 9h (de Bras\u00edlia, GMT-3), com o&nbsp;<strong>TL1<\/strong>. Depois, \u00e0s 13h45, acontece a primeira parte da&nbsp;<strong>classifica\u00e7\u00e3o<\/strong>, e o dia encerra \u00e0s 17h, com o&nbsp;<strong>TL2<\/strong>.<\/p>\n\n\n\n<p class=\"wp-block-paragraph\">Na quinta-feira (12), o&nbsp;<strong>TL3&nbsp;<\/strong>ser\u00e1 \u00e0s 9h45, enquanto a defini\u00e7\u00e3o da pole-position come\u00e7a a partir das 15h. Em seguida, \u00e0s 18h, o&nbsp;<strong>TL4&nbsp;<\/strong>fecha o dia. Por fim, no s\u00e1bado (14), os pilotos realizam o&nbsp;<strong>warm-up<\/strong>&nbsp;\u00e0s 7h, e a&nbsp;<strong>largada&nbsp;<\/strong>est\u00e1 programada para as 11h.<\/p>\n\n\n\n<p class=\"wp-block-paragraph\">\u25b6\ufe0f <strong>Inscreva-se nos dois canais do GRANDE PR\u00caMIO no YouTube:&nbsp;<a href=\"https:\/\/www.youtube.com\/channel\/UC9OlHEgxoaY6QY6nWPoiqQg?sub_confirmation=1\" target=\"_blank\" rel=\"noreferrer noopener\">GP<\/a>&nbsp;|&nbsp;<a href=\"https:\/\/www.youtube.com\/channel\/UC9csiS6q_C3C0FYhyr1rnFA?sub_confirmation=1\" target=\"_blank\" rel=\"noreferrer noopener\">GP2<\/a><\/strong><br>\u25b6\ufe0f <strong>LEIA TAMB\u00c9M:&nbsp;<a href=\"https:\/\/www.grandepremio.com\/br\/endurance\/wec\/noticias\/felipe-nasr-poe-vitoria-le-mans-objetivo-maximo-garante-estar-muito-confiante\/\">Nasr p\u00f5e vit\u00f3ria em Le Mans como &#8220;objetivo m\u00e1ximo&#8221; e garante estar &#8220;muito confiante&#8221;<\/a><\/strong><\/p>\n\n\n\n<figure class=\"wp-block-embed is-type-video is-provider-youtube wp-block-embed-youtube wp-embed-aspect-4-3 wp-has-aspect-ratio\"><div class=\"wp-block-embed__wrapper\">\n<iframe loading=\"lazy\" title=\"24H DE LE MANS COM IMAGENS | TREINO LIVRE 1 | 4\u00aa ETAPA | FIA WEC 2025\" width=\"500\" height=\"281\" src=\"https:\/\/www.youtube.com\/embed\/ZGouN6FvHmM?feature=oembed\" frameborder=\"0\" allow=\"accelerometer; autoplay; clipboard-write; encrypted-media; gyroscope; picture-in-picture; web-share\" referrerpolicy=\"strict-origin-when-cross-origin\" allowfullscreen><\/iframe>\n<\/div><\/figure>\n","protected":false},"excerpt":{"rendered":"<p>Al\u00e9m de grandes campe\u00f5es da F\u00f3rmula 1, como Juan Manuel Fangio e Phil Hill, o grid da 23\u00aa edi\u00e7\u00e3o da corrida no hist\u00f3rico Circuito de La Sarthe ainda contou com a presen\u00e7a do brasileiro Nano da Silva, assim como Ken Miles, que teve os anos finais da carreira retratados nas telas do cinema. Confira quem eram os principais personagens daquela prova marcada pelo desastre que matou 84 pessoas<\/p>\n","protected":false},"author":0,"featured_media":1000977314,"comment_status":"closed","ping_status":"closed","sticky":false,"template":"","format":"standard","meta":{"42wp_featured_image_caption":"","42wp_featured_image_credits":"","42wp_featured_video":"","42wp_featured_image_hidden":false,"42wp_authors_list":[],"footnotes":""},"categories":[52],"tags":[25034,42286,28876,43100,31715,207,43101,39845,910,1971,1208,43099,82,39846,2835,39847],"42wp_author":[47160],"class_list":["post-21429","post","type-post","status-publish","format-standard","has-post-thumbnail","hentry","category-wec","tag-24-horas-de-le-mans","tag-24-horas-de-le-mans-2025","tag-24h-de-le-mans","tag-24h-de-le-mans-2025","tag-classificacao-le-mans","tag-ferrari","tag-hiperpole-le-mans","tag-horarios-le-mans","tag-jaguar","tag-juan-manuel-fangio","tag-le-mans","tag-le-mans-2025","tag-mercedes","tag-programacao-le-mans","tag-stirling-moss","tag-treinos-le-mans","42wp_author-vicente-soella"],"_links":{"self":[{"href":"https:\/\/grandepremio.com\/br\/wp-json\/wp\/v2\/posts\/21429","targetHints":{"allow":["GET"]}}],"collection":[{"href":"https:\/\/grandepremio.com\/br\/wp-json\/wp\/v2\/posts"}],"about":[{"href":"https:\/\/grandepremio.com\/br\/wp-json\/wp\/v2\/types\/post"}],"replies":[{"embeddable":true,"href":"https:\/\/grandepremio.com\/br\/wp-json\/wp\/v2\/comments?post=21429"}],"version-history":[{"count":0,"href":"https:\/\/grandepremio.com\/br\/wp-json\/wp\/v2\/posts\/21429\/revisions"}],"wp:featuredmedia":[{"embeddable":true,"href":"https:\/\/grandepremio.com\/br\/wp-json\/wp\/v2\/media\/1000977314"}],"wp:attachment":[{"href":"https:\/\/grandepremio.com\/br\/wp-json\/wp\/v2\/media?parent=21429"}],"wp:term":[{"taxonomy":"category","embeddable":true,"href":"https:\/\/grandepremio.com\/br\/wp-json\/wp\/v2\/categories?post=21429"},{"taxonomy":"post_tag","embeddable":true,"href":"https:\/\/grandepremio.com\/br\/wp-json\/wp\/v2\/tags?post=21429"},{"taxonomy":"42wp_author","embeddable":true,"href":"https:\/\/grandepremio.com\/br\/wp-json\/wp\/v2\/42wp_author?post=21429"}],"curies":[{"name":"wp","href":"https:\/\/api.w.org\/{rel}","templated":true}]}}