{"id":21467,"date":"2025-06-10T08:15:44","date_gmt":"2025-06-10T11:15:44","guid":{"rendered":"https:\/\/grandepremio.com\/br\/noticias\/gp-dos-paises-baixos-confirma-formato-sprint-edicao-despedida-2026\/"},"modified":"2025-06-10T11:04:06","modified_gmt":"2025-06-10T14:04:06","slug":"gp-dos-paises-baixos-confirma-formato-sprint-edicao-despedida-2026","status":"publish","type":"post","link":"https:\/\/grandepremio.com\/br\/f1\/gp-dos-paises-baixos-confirma-formato-sprint-edicao-despedida-2026\/","title":{"rendered":"GP dos Pa\u00edses Baixos confirma formato sprint em edi\u00e7\u00e3o de despedida em 2026"},"content":{"rendered":"\n<p class=\"wp-block-paragraph\">O <strong>GP dos Pa\u00edses Baixos<\/strong> est\u00e1 com os dias contatos na <strong>F\u00f3rmula 1<\/strong> e ter\u00e1 a edi\u00e7\u00e3o de despedida na temporada 2026. Por\u00e9m, como forma de encerrar em alta a passagem por Zandvoort, a organiza\u00e7\u00e3o do evento confirmou, nesta ter\u00e7a-feira (10), <a href=\"https:\/\/www.grandepremio.com\/br\/f1\/noticias\/f1-divulga-calendario-temporada-2026-24-corridas-gp-de-sao-paulo\/\">pouco depois de a categoria divulgar o calend\u00e1rio do ano que vem<\/a>, que o fim de semana na casa de <strong>Max Verstappen<\/strong> vai contar com o formato sprint.<\/p>\n\n\n\n<p class=\"wp-block-paragraph\"><strong>Zandvoort <\/strong>recebeu a <strong>F1 <\/strong>pela primeira vez em 1952 e recebeu a categoria de forma quase que ininterrupta at\u00e9 1985 \u2014 as exce\u00e7\u00f5es foram 1954, 1956, 1957 e 1972. Ap\u00f3s uma aus\u00eancia de 36 anos, a pra\u00e7a se valeu do sucesso de <strong>Verstappen <\/strong>e retornou ao calend\u00e1rio em 2021. E ainda que as arquibancadas do evento fiquem lotadas todos os anos, a organiza\u00e7\u00e3o do <strong>GP dos Pa\u00edses Baixos<\/strong> optou por renovar o contrato por apenas mais um ano, sendo 2026 a edi\u00e7\u00e3o de despedida.\u00a0<\/p>\n\n\n\n<p class=\"wp-block-paragraph\">A op\u00e7\u00e3o por n\u00e3o receber mais a F1 partiu da pr\u00f3pria organiza\u00e7\u00e3o, que, ao falar sobre o processo de renova\u00e7\u00e3o, decidiu \u201csair em alta com mais dois incr\u00edveis <strong>GPs dos Pa\u00edses Baixos<\/strong> em 2025 e 2026\u201d. Agora, os organizadores da corrida confirmaram que a edi\u00e7\u00e3o do ano que vem vai acontecer em um formato diferente.<\/p>\n\n\n\n<p class=\"wp-block-paragraph\">Pela primeira vez na hist\u00f3ria, o <strong>GP dos Pa\u00edses Baixos<\/strong> de 2026, que acontece entre os dias 21 e 23 de agosto, ser\u00e1 no formato sprint. Portanto, a sexta-feira ter\u00e1 o treino livre \u00fanico antes de os pilotos partirem para a classifica\u00e7\u00e3o da corrida curta. No s\u00e1bado, a a\u00e7\u00e3o come\u00e7a com a etapa sprint e, na sequ\u00eancia, os pilotos realizam a classifica\u00e7\u00e3o do evento principal. A corrida principal acontece no domingo.<\/p>\n\n\n\n<figure class=\"wp-block-image size-large\"><img decoding=\"async\" src=\"https:\/\/www.grandepremio.com\/br\/wp-content\/uploads\/2024\/08\/paises-baixos-holanda-2024-f1-corrida-mercedes-george-russell-03-1200x800.jpg\" alt=\"\" class=\"wp-image-857860\"\/><figcaption class=\"wp-element-caption\"> A edi\u00e7\u00e3o de 2026 ser\u00e1 a \u00faltima do GP dos Pa\u00edses Baixos (Foto: AFP)<\/figcaption><\/figure>\n\n\n\n<p class=\"wp-block-paragraph\">Ainda que o <strong>GP dos Pa\u00edses Baixos<\/strong> tenha confirmado o fim de semana sprint, ainda n\u00e3o se sabe quais ser\u00e3o as demais pra\u00e7as que v\u00e3o receber o formato com a corrida curta. Em 2025, os GPs da <strong>China, Miami, B\u00e9lgica, Estados Unidos, S\u00e3o Paulo<\/strong> e <strong>Catar <\/strong>foram as etapas escolhidas para receberem a prova curta.<\/p>\n\n\n\n<p class=\"wp-block-paragraph\">A&nbsp;<strong><a href=\"https:\/\/www.grandepremio.com\/br\/f1\/\" target=\"_blank\" rel=\"noreferrer noopener\"><\/a><a href=\"https:\/\/www.grandepremio.com\/br\/f1\/\" target=\"_blank\" rel=\"noreferrer noopener\">F\u00f3rmula 1<\/a><\/strong>&nbsp;realiza o GP do Canad\u00e1 neste fim de semana, de 13 a 15 de junho, em&nbsp;<strong>Montreal<\/strong>, d\u00e9cima etapa da temporada 2025. O&nbsp;<strong>GRANDE PR\u00caMIO<\/strong>&nbsp;acompanha todas as atividades&nbsp;<strong><a href=\"https:\/\/www.grandepremio.com\/br\/f1\/ao-vivo\" target=\"_blank\" rel=\"noreferrer noopener\">AO VIVO E EM&nbsp;<\/a><a href=\"https:\/\/www.grandepremio.com\/br\/ao-vivo\/\" target=\"_blank\" rel=\"noreferrer noopener\">TEMPO REAL<\/a><\/strong>, al\u00e9m de classifica\u00e7\u00e3o e corrida em&nbsp;<strong><a href=\"https:\/\/www.youtube.com\/@GrandePremio1\/streams\" target=\"_blank\" rel=\"noreferrer noopener\">SEGUNDA TELA no YouTube<\/a><\/strong>, em parceria com a Voz do Esporte. O&nbsp;<strong>Briefing<\/strong>&nbsp;chega para analisar ap\u00f3s o fim de cada dia de atividades nas redes sociais e na GPTV.<\/p>\n\n\n\n<p class=\"wp-block-paragraph\"><strong>GP do Canad\u00e1&nbsp;de F1: veja os hor\u00e1rios em Brasil, Cabo Verde,&nbsp;<a href=\"https:\/\/grandepremio.pt\/\" target=\"_blank\" rel=\"noreferrer noopener\">Portugal<\/a>, Angola e Mo\u00e7ambique:<\/strong><\/p>\n\n\n\n<figure class=\"wp-block-table\"><table class=\"has-fixed-layout\"><tbody><tr><td><strong>Sess\u00e3o<\/strong><\/td><td><strong>BRA*<\/strong><\/td><td><strong>CBV<\/strong><\/td><td><strong>POR<\/strong><br><strong>ANG<\/strong><\/td><td><strong>MOZ<\/strong><\/td><\/tr><tr><td>Treino livre 1<\/td><td>14:30<\/td><td>16:30<\/td><td>18:30<\/td><td>19:30<\/td><\/tr><tr><td>Treino livre 2<\/td><td>18:00<\/td><td>20:00<\/td><td>22:00<\/td><td>23:00<\/td><\/tr><tr><td>Treino livre 3<\/td><td>13:30<\/td><td>15:30<\/td><td>17:30<\/td><td>18:30<\/td><\/tr><tr><td>Classifica\u00e7\u00e3o<\/td><td>17:00<\/td><td>19:00<\/td><td>21:00<\/td><td>22:00<\/td><\/tr><tr><td>Corrida<\/td><td>15:00<\/td><td>17:00<\/td><td>19:00<\/td><td>20:00<\/td><\/tr><\/tbody><\/table><\/figure>\n\n\n\n<p class=\"wp-block-paragraph\"><em>*Hor\u00e1rios em Bras\u00edlia<\/em><\/p>\n\n\n\n<p class=\"wp-block-paragraph\">\u25b6\ufe0f&nbsp;<strong>Inscreva-se nos dois canais do GRANDE PR\u00caMIO no YouTube:&nbsp;<a href=\"https:\/\/www.youtube.com\/channel\/UC9OlHEgxoaY6QY6nWPoiqQg?sub_confirmation=1\" target=\"_blank\" rel=\"noreferrer noopener\">GP<\/a>&nbsp;|&nbsp;<a href=\"https:\/\/www.youtube.com\/channel\/UC9csiS6q_C3C0FYhyr1rnFA?sub_confirmation=1\" target=\"_blank\" rel=\"noreferrer noopener\">GP2<\/a><\/strong><\/p>\n\n\n\n<figure class=\"wp-block-embed is-type-video is-provider-youtube wp-block-embed-youtube wp-embed-aspect-16-9 wp-has-aspect-ratio\"><div class=\"wp-block-embed__wrapper\">\n<iframe loading=\"lazy\" title=\"F1 CHEGA AO CANAD\u00c1 + HAMILTON DESISTE DE 2025 + DRUGOVICH CORRE? | Paddock GP #419\" width=\"500\" height=\"281\" src=\"https:\/\/www.youtube.com\/embed\/lavk5dmTTW4?feature=oembed\" frameborder=\"0\" allow=\"accelerometer; autoplay; clipboard-write; encrypted-media; gyroscope; picture-in-picture; web-share\" referrerpolicy=\"strict-origin-when-cross-origin\" allowfullscreen><\/iframe>\n<\/div><\/figure>\n","protected":false},"excerpt":{"rendered":"<p>Depois de confirmar que 2026 ser\u00e1 o \u00faltimo ano recebendo a F\u00f3rmula 1, a organiza\u00e7\u00e3o do GP dos Pa\u00edses Baixos confirmou que o fim de semana ser\u00e1 no formato sprint<\/p>\n","protected":false},"author":0,"featured_media":1000857166,"comment_status":"closed","ping_status":"closed","sticky":false,"template":"","format":"standard","meta":{"42wp_featured_image_caption":"","42wp_featured_image_credits":"","42wp_featured_video":"","42wp_featured_image_hidden":false,"42wp_authors_list":[],"footnotes":""},"categories":[2],"tags":[26271,5921,29126,1491,28285,203],"42wp_author":[47149],"class_list":["post-21467","post","type-post","status-publish","format-standard","has-post-thumbnail","hentry","category-f1","tag-calendario-f1","tag-corrida-sprint","tag-gp-dos-paises-baixos","tag-grande-premio","tag-grandepremio","tag-max-verstappen","42wp_author-bernardo-castro"],"_links":{"self":[{"href":"https:\/\/grandepremio.com\/br\/wp-json\/wp\/v2\/posts\/21467","targetHints":{"allow":["GET"]}}],"collection":[{"href":"https:\/\/grandepremio.com\/br\/wp-json\/wp\/v2\/posts"}],"about":[{"href":"https:\/\/grandepremio.com\/br\/wp-json\/wp\/v2\/types\/post"}],"replies":[{"embeddable":true,"href":"https:\/\/grandepremio.com\/br\/wp-json\/wp\/v2\/comments?post=21467"}],"version-history":[{"count":0,"href":"https:\/\/grandepremio.com\/br\/wp-json\/wp\/v2\/posts\/21467\/revisions"}],"wp:featuredmedia":[{"embeddable":true,"href":"https:\/\/grandepremio.com\/br\/wp-json\/wp\/v2\/media\/1000857166"}],"wp:attachment":[{"href":"https:\/\/grandepremio.com\/br\/wp-json\/wp\/v2\/media?parent=21467"}],"wp:term":[{"taxonomy":"category","embeddable":true,"href":"https:\/\/grandepremio.com\/br\/wp-json\/wp\/v2\/categories?post=21467"},{"taxonomy":"post_tag","embeddable":true,"href":"https:\/\/grandepremio.com\/br\/wp-json\/wp\/v2\/tags?post=21467"},{"taxonomy":"42wp_author","embeddable":true,"href":"https:\/\/grandepremio.com\/br\/wp-json\/wp\/v2\/42wp_author?post=21467"}],"curies":[{"name":"wp","href":"https:\/\/api.w.org\/{rel}","templated":true}]}}