{"id":21468,"date":"2025-06-10T08:12:03","date_gmt":"2025-06-10T11:12:03","guid":{"rendered":"https:\/\/grandepremio.com\/br\/noticias\/monaco-indy-500-repetem-2021-deixam-coincidir-ultimo-fim-semana-maio\/"},"modified":"2025-06-10T11:10:11","modified_gmt":"2025-06-10T14:10:11","slug":"monaco-indy-500-repetem-2021-deixam-coincidir-ultimo-fim-semana-maio","status":"publish","type":"post","link":"https:\/\/grandepremio.com\/br\/f1\/monaco-indy-500-repetem-2021-deixam-coincidir-ultimo-fim-semana-maio\/","title":{"rendered":"M\u00f4naco e Indy 500 repetem 2021 e deixam de coincidir em \u00faltimo fim de semana de maio"},"content":{"rendered":"\n<p class=\"wp-block-paragraph\">Uma mudan\u00e7a sutil no calend\u00e1rio da <strong>temporada 2026<\/strong>, divulgado pela <strong>F\u00f3rmula 1<\/strong> <a href=\"https:\/\/www.grandepremio.com\/br\/f1\/noticias\/f1-divulga-calendario-temporada-2026-24-corridas-gp-de-sao-paulo\/\">nesta ter\u00e7a-feira (10)<\/a>, confirmou a quebra de uma escrita que, de certa forma, passou a fazer parte de uma esp\u00e9cie de cultura popular para os amantes dos esportes a motor. Repetindo <strong>2021<\/strong>, o tradicional <strong>GP de M\u00f4naco<\/strong> n\u00e3o ser\u00e1 realizado no mesmo fim de semana de uma das maiores provas do automobilismo mundial, as <strong>500 Milhas de Indian\u00e1polis<\/strong>, que faz parte do calend\u00e1rio da <strong>Indy<\/strong>.<\/p>\n\n\n\n<p class=\"wp-block-paragraph\">A separa\u00e7\u00e3o j\u00e1 era esperada, uma vez que a extens\u00e3o de contrato assinada recentemente fixava nova data do GP de M\u00f4naco <a href=\"https:\/\/www.grandepremio.com\/br\/f1\/noticias\/formula-1-mantem-tradicao-confirma-gp-monaco-calendario-temporada-2031\/\">no primeiro fim de semana de junho<\/a>. Tradicionalmente, na verdade, a corrida nas ruas do Principado tem rela\u00e7\u00e3o com o <strong>Dia da Ascens\u00e3o<\/strong>, comemora\u00e7\u00e3o cat\u00f3lica que faz refer\u00eancia \u00e0 ascens\u00e3o de&nbsp;<strong>Jesus Cristo<\/strong>&nbsp;ao c\u00e9us ap\u00f3s a ressurrei\u00e7\u00e3o.<\/p>\n\n\n\n<p class=\"wp-block-paragraph\">Essa data, no entanto, n\u00e3o \u00e9 fixa e depende da&nbsp;<strong>P\u00e1scoa<\/strong>&nbsp;\u2014 o Dia da Ascens\u00e3o acontece 40 dias ap\u00f3s os festejos pascais, caindo sempre na quinta-feira. Ao longo dos anos, o primeiro dia de atividade do GP de&nbsp;<a href=\"https:\/\/www.grandepremio.com\/br\/circuito\/monaco\/\" target=\"_blank\" rel=\"noreferrer noopener\">M\u00f4naco<\/a>&nbsp;era realizado exatamente na data, mas ficou acordado que a corrida em&nbsp;<strong>Monte Carlo<\/strong>&nbsp;encerraria as atividades da F1 em maio.<\/p>\n\n\n\n<p class=\"wp-block-paragraph\">J\u00e1 a Indy 500 <a href=\"https:\/\/www.grandepremio.com\/br\/indy\/noticias\/por-que-indy-500-gp-de-monaco-acontecem-mesmo-dia\/\">acontece no domingo que antecede o <strong>Memorial Day<\/strong><\/a>, feriado local que homenageia homens e mulheres das&nbsp;<strong>For\u00e7as Armada<\/strong>s dos&nbsp;<strong>Estados Unidos<\/strong>&nbsp;que morreram em combate. Ele \u00e9 sempre na \u00faltima segunda-feira do m\u00eas de maio \u2014 o que afasta a lenda de que a principal corrida da&nbsp;<a href=\"https:\/\/www.grandepremio.com\/formula-indy\/\" target=\"_blank\" rel=\"noreferrer noopener\">Indy<\/a>&nbsp;\u00e9 no domingo que fecha o quinto m\u00eas do ano.<\/p>\n\n\n\n<figure class=\"wp-block-image size-large\"><img decoding=\"async\" src=\"https:\/\/www.grandepremio.com\/br\/wp-content\/uploads\/2020\/08\/indy500-largada-02-1024x683.jpg\" alt=\"\" class=\"wp-image-410705\"\/><figcaption class=\"wp-element-caption\">As 500 Milhas de Indian\u00e1polis acontecem no fim de maio (Foto: Indycar)<\/figcaption><\/figure>\n\n\n\n<p class=\"wp-block-paragraph\">Este ano, M\u00f4naco e 500 Milhas aconteceram no dia 25 de maio. Em 2026, a etapa em Monte Carlo <strong>ser\u00e1 a oitava da temporada, de 5 a 7 de junho<\/strong>, enquanto a Indy realizar\u00e1 a famosa corrida <strong>em 24 de maio<\/strong>, repetindo o cen\u00e1rio de 2021, quando a F\u00f3rmula 1 correu no Principado em 23 de maio e as 500 Milhas aconteceram na semana seguinte, no dia 30. Em 2020, por conta da pandemia, o GP de M\u00f4naco n\u00e3o aconteceu.<\/p>\n\n\n\n<p class=\"wp-block-paragraph\">Agora, se M\u00f4naco n\u00e3o dividir\u00e1 mais as aten\u00e7\u00f5es com a Indy 500, esta fa\u00e7anha passar\u00e1 a ser do <strong>GP do Canad\u00e1 <\/strong>em <strong>2026<\/strong>, marcado para o mesmo fim de semana (22 a 24 de maio). O curioso \u00e9 que, por conta da diferen\u00e7a de fuso, os pilotos da F1 costumavam acelerar os compromissos de m\u00eddia p\u00f3s-GP para acompanhar a largada da prova norte-americana. <\/p>\n\n\n\n<p class=\"wp-block-paragraph\">S\u00f3 que o Canad\u00e1 tamb\u00e9m \u00e9 na Am\u00e9rica do Norte, o que significa que os hor\u00e1rios das duas corridas v\u00e3o coincidir. A F\u00f3rmula 1 ainda n\u00e3o divulgou a programa\u00e7\u00e3o, mas a largada da Indy 500 acontece historicamente \u00e0s 12h45, hora local (13h45 de Bras\u00edlia, GMT-3). <\/p>\n\n\n\n<p class=\"wp-block-paragraph\">Este ano, a prova em Montreal come\u00e7ar\u00e1 \u00e0s 14h locais (15h em Bras\u00edlia), e o fuso \u00e9 o mesmo de Indian\u00e1polis, ou seja: se o cen\u00e1rio se repetir, os pilotos ter\u00e3o de se contentar em pegar as 500 Milhas pela metade.<\/p>\n\n\n\n<p class=\"wp-block-paragraph\">A&nbsp;<strong><a href=\"https:\/\/www.grandepremio.com\/br\/f1\/\" target=\"_blank\" rel=\"noreferrer noopener\"><\/a><a href=\"https:\/\/www.grandepremio.com\/br\/f1\/\" target=\"_blank\" rel=\"noreferrer noopener\">F\u00f3rmula 1<\/a><\/strong>&nbsp;realiza o GP do Canad\u00e1 neste fim de semana, de 13 a 15 de junho, em&nbsp;<strong>Montreal<\/strong>, d\u00e9cima etapa da temporada 2025. O&nbsp;<strong>GRANDE PR\u00caMIO<\/strong>&nbsp;acompanha todas as atividades&nbsp;<strong><a href=\"https:\/\/www.grandepremio.com\/br\/f1\/ao-vivo\" target=\"_blank\" rel=\"noreferrer noopener\">AO VIVO E EM&nbsp;<\/a><a href=\"https:\/\/www.grandepremio.com\/br\/ao-vivo\/\" target=\"_blank\" rel=\"noreferrer noopener\">TEMPO REAL<\/a><\/strong>, al\u00e9m de classifica\u00e7\u00e3o e corrida em&nbsp;<strong><a href=\"https:\/\/www.youtube.com\/@GrandePremio1\/streams\" target=\"_blank\" rel=\"noreferrer noopener\">SEGUNDA TELA no YouTube<\/a><\/strong>, em parceria com a Voz do Esporte. O&nbsp;<strong>Briefing<\/strong>&nbsp;chega para analisar ap\u00f3s o fim de cada dia de atividades nas redes sociais e na GPTV.<\/p>\n\n\n\n<p class=\"wp-block-paragraph\"><strong>GP do Canad\u00e1&nbsp;de F1: veja os hor\u00e1rios em Brasil, Cabo Verde,&nbsp;<a href=\"https:\/\/grandepremio.pt\/\" target=\"_blank\" rel=\"noreferrer noopener\">Portugal<\/a>, Angola e Mo\u00e7ambique:<\/strong><\/p>\n\n\n\n<figure class=\"wp-block-table\"><table class=\"has-fixed-layout\"><tbody><tr><td><strong>Sess\u00e3o<\/strong><\/td><td><strong>BRA*<\/strong><\/td><td><strong>CBV<\/strong><\/td><td><strong>POR<\/strong><br><strong>ANG<\/strong><\/td><td><strong>MOZ<\/strong><\/td><\/tr><tr><td>Treino livre 1<\/td><td>14:30<\/td><td>16:30<\/td><td>18:30<\/td><td>19:30<\/td><\/tr><tr><td>Treino livre 2<\/td><td>18:00<\/td><td>20:00<\/td><td>22:00<\/td><td>23:00<\/td><\/tr><tr><td>Treino livre 3<\/td><td>13:30<\/td><td>15:30<\/td><td>17:30<\/td><td>18:30<\/td><\/tr><tr><td>Classifica\u00e7\u00e3o<\/td><td>17:00<\/td><td>19:00<\/td><td>21:00<\/td><td>22:00<\/td><\/tr><tr><td>Corrida<\/td><td>15:00<\/td><td>17:00<\/td><td>19:00<\/td><td>20:00<\/td><\/tr><\/tbody><\/table><\/figure>\n\n\n\n<p class=\"wp-block-paragraph\"><em>*Hor\u00e1rios em Bras\u00edlia<\/em><\/p>\n\n\n\n<p class=\"wp-block-paragraph\"><strong>\u25b6\ufe0f<\/strong> <strong>Inscreva-se nos dois canais do GRANDE PR\u00caMIO no YouTube:\u00a0<a href=\"https:\/\/www.youtube.com\/channel\/UC9OlHEgxoaY6QY6nWPoiqQg?sub_confirmation=1\" target=\"_blank\" rel=\"noreferrer noopener\">GP<\/a>\u00a0|\u00a0<a href=\"https:\/\/www.youtube.com\/channel\/UC9csiS6q_C3C0FYhyr1rnFA?sub_confirmation=1\" target=\"_blank\" rel=\"noreferrer noopener\">GP2<\/a><\/strong><\/p>\n","protected":false},"excerpt":{"rendered":"<p>A coincid\u00eancia de datas entre o GP de M\u00f4naco e as 500 Milhas de Indian\u00e1polis passaram a fazer parte de uma esp\u00e9cie de cultura popular para os amantes do esporte a motor, mas as tradicionais corridas acontecer\u00e3o em fins de semana separados em 2026<\/p>\n","protected":false},"author":0,"featured_media":1000973039,"comment_status":"closed","ping_status":"closed","sticky":false,"template":"","format":"standard","meta":{"42wp_featured_image_caption":"","42wp_featured_image_credits":"","42wp_featured_video":"","42wp_featured_image_hidden":false,"42wp_authors_list":[],"footnotes":""},"categories":[2],"tags":[2980,26271,25053,5273,147,3630,180,3628,5100,14357,39820,1491,28285,30840,232,4993,4486,43846,31785,35129,42001],"42wp_author":[47147],"class_list":["post-21468","post","type-post","status-publish","format-standard","has-post-thumbnail","hentry","category-f1","tag-500-milhas-indianapolis","tag-calendario-f1","tag-canada","tag-classificacao-f1","tag-f1","tag-f1-2025","tag-formula-1","tag-formula-1-2025","tag-gp-de-monaco","tag-gp-do-canada","tag-gp-do-canada-f1","tag-grande-premio","tag-grandepremio","tag-horarios-f1","tag-indy-500","tag-monaco-f1","tag-montreal","tag-montreal-2025","tag-montreal-f1","tag-onde-assistir-f1","tag-temporada-2025-f1","42wp_author-luana-marino"],"_links":{"self":[{"href":"https:\/\/grandepremio.com\/br\/wp-json\/wp\/v2\/posts\/21468","targetHints":{"allow":["GET"]}}],"collection":[{"href":"https:\/\/grandepremio.com\/br\/wp-json\/wp\/v2\/posts"}],"about":[{"href":"https:\/\/grandepremio.com\/br\/wp-json\/wp\/v2\/types\/post"}],"replies":[{"embeddable":true,"href":"https:\/\/grandepremio.com\/br\/wp-json\/wp\/v2\/comments?post=21468"}],"version-history":[{"count":0,"href":"https:\/\/grandepremio.com\/br\/wp-json\/wp\/v2\/posts\/21468\/revisions"}],"wp:featuredmedia":[{"embeddable":true,"href":"https:\/\/grandepremio.com\/br\/wp-json\/wp\/v2\/media\/1000973039"}],"wp:attachment":[{"href":"https:\/\/grandepremio.com\/br\/wp-json\/wp\/v2\/media?parent=21468"}],"wp:term":[{"taxonomy":"category","embeddable":true,"href":"https:\/\/grandepremio.com\/br\/wp-json\/wp\/v2\/categories?post=21468"},{"taxonomy":"post_tag","embeddable":true,"href":"https:\/\/grandepremio.com\/br\/wp-json\/wp\/v2\/tags?post=21468"},{"taxonomy":"42wp_author","embeddable":true,"href":"https:\/\/grandepremio.com\/br\/wp-json\/wp\/v2\/42wp_author?post=21468"}],"curies":[{"name":"wp","href":"https:\/\/api.w.org\/{rel}","templated":true}]}}