{"id":21470,"date":"2025-06-10T06:45:03","date_gmt":"2025-06-10T09:45:03","guid":{"rendered":"https:\/\/grandepremio.com\/br\/noticias\/f1-divulga-calendario-temporada-2026-24-corridas-gp-de-sao-paulo\/"},"modified":"2025-06-10T07:15:05","modified_gmt":"2025-06-10T10:15:05","slug":"f1-divulga-calendario-temporada-2026-24-corridas-gp-de-sao-paulo","status":"publish","type":"post","link":"https:\/\/grandepremio.com\/br\/f1\/f1-divulga-calendario-temporada-2026-24-corridas-gp-de-sao-paulo\/","title":{"rendered":"\u00cdmola fora, Madri dentro e S\u00e3o Paulo em tripleta: F1 divulga calend\u00e1rio de 2026"},"content":{"rendered":"\n<p class=\"wp-block-paragraph\">A <strong>F\u00f3rmula 1<\/strong> e a <strong>Federa\u00e7\u00e3o Internacional de Automobilismo (FIA)<\/strong> divulgaram, nesta ter\u00e7a-feira (10), o calend\u00e1rio da temporada de 2026. A categoria manteve os 24 eventos, mas realizou algumas mudan\u00e7as. A principal \u00e9 a sa\u00edda do <strong>GP da Em\u00edlia-Romanha<\/strong>, em <strong>\u00cdmola<\/strong>, para a entrada do <strong>GP de Madri<\/strong>. Al\u00e9m disso, o <strong>GP de M\u00f4naco<\/strong> acontecer\u00e1 em junho, enquanto o <strong>GP do Canad\u00e1<\/strong> foi movido para maio, conflitando as datas com a<strong> Indy 500<\/strong>. O <strong>GP de S\u00e3o Paulo<\/strong> segue no calend\u00e1rio como a 21\u00aa etapa.<\/p>\n\n\n\n<p class=\"wp-block-paragraph\">Assim como em 2025, a temporada 2026 da <strong>F1 <\/strong>tem in\u00edcio em <strong>Melbourne<\/strong>, na <strong>Austr\u00e1lia<\/strong>, mas agora entre os dias 6 e 8 de mar\u00e7o. E a sequ\u00eancia de corridas segue praticamente a mesma, passando por <strong>China<\/strong>, <strong>Jap\u00e3o<\/strong>, <strong>Bahrein<\/strong>,<strong> Ar\u00e1bia Saudita<\/strong> e <strong>Miami<\/strong>. A primeira grande mudan\u00e7a acontece j\u00e1 na s\u00e9tima etapa, com o <strong>GP do Canad\u00e1<\/strong>.&nbsp;<\/p>\n\n\n\n<p class=\"wp-block-paragraph\">Por quest\u00f5es log\u00edsticas, uma vez que fica mais pr\u00f3xima dos <strong>Estados Unidos<\/strong>, a etapa em <strong>Montreal <\/strong>foi antecipada para maio antes de a temporada europeia ter in\u00edcio. Assim, o <strong>GP do Canad\u00e1<\/strong> ser\u00e1 realizado entre os dias 22 e 24 de maio. Em contrapartida, a prova no <strong>Circuito Gilles Villeneuve<\/strong> ter\u00e1 choque de data com a <strong>Indy 500<\/strong>.<\/p>\n\n\n\n<p class=\"wp-block-paragraph\">O <strong>GP de M\u00f4naco<\/strong>, que vai acontecer entre os dias 5 e 7 de junho, abre a temporada europeia e \u00e9 seguido pelo <strong>GP da Espanha<\/strong>, em <strong>Barcelona<\/strong>, <strong>\u00c1ustria<\/strong>, <strong>Inglaterra<\/strong>, <strong>B\u00e9lgica <\/strong>e <strong>Hungria<\/strong>. Ap\u00f3s a corrida no <strong>Hungaroring<\/strong>, a <strong>F1 <\/strong>inicia as f\u00e9rias de ver\u00e3o no dia 27 de julho e retoma as atividades no dia 21 de agosto, com o primeiro treino livre do <strong>GP dos Pa\u00edses Baixos<\/strong>.<\/p>\n\n\n\n<figure class=\"wp-block-image size-large\"><img decoding=\"async\" src=\"https:\/\/www.grandepremio.com\/br\/wp-content\/uploads\/2025\/05\/emilia-romanha-2025-f1-corrida-racing-bulls-isack-hadjar-04-1200x800.jpg\" alt=\"\" class=\"wp-image-969408\"\/><figcaption class=\"wp-element-caption\">\u00cdmola perdeu espa\u00e7o no calend\u00e1rio da F1 em 2026 (Foto: Red Bull Content Pool)<\/figcaption><\/figure>\n\n\n\n<p class=\"wp-block-paragraph\">A programa\u00e7\u00e3o da <strong>F1 <\/strong>ainda conta com o <strong>GP da It\u00e1lia<\/strong>, <strong>GP da Espanha<\/strong> e <strong>GP do Azerbaij\u00e3o<\/strong>. Assim, a categoria encerra a fase europeia e vai para <strong>Singapura <\/strong>entre os dias 9 e 11 de outubro. A primeira sequ\u00eancia de tr\u00eas fins de semana de corrida come\u00e7a com o <strong>GP dos Estados Unidos<\/strong> (23 a 25 de outubro), passa pelo <strong>GP da Cidade do M\u00e9xico<\/strong> (30 de outubro a 1\u00ba de novembro) e se encerra no <strong>GP de S\u00e3o Paulo<\/strong> (6 a 8 de novembro).&nbsp;<\/p>\n\n\n\n<p class=\"wp-block-paragraph\">Ap\u00f3s a etapa em <strong>Interlagos<\/strong>, a <strong>F1 <\/strong>faz uma pausa de duas semanas e retoma as atividades com uma nova tripleta para fechar a temporada. A sequ\u00eancia final tem in\u00edcio com o <strong>GP de Las Vegas<\/strong> (19 a 21 de novembro), \u00e9 seguida pelo <strong>GP do Catar<\/strong> e o certame chega ao fim com o <strong>GP de Abu Dhabi<\/strong> (4 a 6 de dezembro).<\/p>\n\n\n\n<h2 class=\"wp-block-heading\" id=\"h-calendario-da-f1-2026\"><strong>CALEND\u00c1RIO DA F1 2026<\/strong><\/h2>\n\n\n\n<figure class=\"wp-block-table\"><table class=\"has-fixed-layout\"><tbody><tr><td>GP da Austr\u00e1lia<\/td><td>6 a 8 de mar\u00e7o<\/td><\/tr><tr><td>GP da China<\/td><td>13 a 15 de mar\u00e7o<\/td><\/tr><tr><td>GP do Jap\u00e3o<\/td><td>27 a 29 de mar\u00e7o<\/td><\/tr><tr><td>GP do Bahrein<\/td><td>10 a 12 de abril<\/td><\/tr><tr><td>GP da Ar\u00e1bia Saudita<\/td><td>17 a 19 de abril<\/td><\/tr><tr><td>GP de Miami<\/td><td>1\u00ba a 3 de maio<\/td><\/tr><tr><td>GP do Canad\u00e1<\/td><td>22 a 24 de maio<\/td><\/tr><tr><td>GP de M\u00f4naco<\/td><td>5 a 7 de junho<\/td><\/tr><tr><td>GP da Espanha<\/td><td>12 a 14 de junho<\/td><\/tr><tr><td>GP da \u00c1ustria<\/td><td>26 a 28 de junho<\/td><\/tr><tr><td>GP da Inglaterra<\/td><td>3 a 5 de julho<\/td><\/tr><tr><td>GP da B\u00e9lgica<\/td><td>17 a 19 de julho<\/td><\/tr><tr><td>GP da Hungria<\/td><td>24 a 26 de julho<\/td><\/tr><tr><td>GP dos Pa\u00edses Baixos<\/td><td>21 a 23 de agosto<\/td><\/tr><tr><td>GP da It\u00e1lia<\/td><td>4 a 6 de setembro<\/td><\/tr><tr><td>GP de Madri<\/td><td>11 a 13 de setembro<\/td><\/tr><tr><td>GP do Azerbaij\u00e3o<\/td><td>25 a 27 de setembro<\/td><\/tr><tr><td>GP de Singapura<\/td><td>9 a 11 de outubro<\/td><\/tr><tr><td>GP dos Estados Unidos<\/td><td>23 a 25 de outubro<\/td><\/tr><tr><td>GP da Cidade do M\u00e9xico<\/td><td>30 de outubro a 1\u00ba de novembro<\/td><\/tr><tr><td>GP de S\u00e3o Paulo<\/td><td>6 a 8 de novembro<\/td><\/tr><tr><td>GP de Las Vegas<\/td><td>19 a 21 de novembro<\/td><\/tr><tr><td>GP do Catar<\/td><td>27 a 29 de novembro<\/td><\/tr><tr><td>GP de Abu Dhabi<\/td><td>4 a 6 de dezembro<\/td><\/tr><\/tbody><\/table><\/figure>\n\n\n\n<p class=\"wp-block-paragraph\">A&nbsp;<strong><a href=\"https:\/\/www.grandepremio.com\/br\/f1\/\" target=\"_blank\" rel=\"noreferrer noopener\"><\/a><a href=\"https:\/\/www.grandepremio.com\/br\/f1\/\" target=\"_blank\" rel=\"noreferrer noopener\">F\u00f3rmula 1<\/a><\/strong>&nbsp;realiza o GP do Canad\u00e1 neste fim de semana, de 13 a 15 de junho, em&nbsp;<strong>Montreal<\/strong>, d\u00e9cima etapa da temporada 2025. O&nbsp;<strong>GRANDE PR\u00caMIO<\/strong>&nbsp;acompanha todas as atividades&nbsp;<strong><a href=\"https:\/\/www.grandepremio.com\/br\/f1\/ao-vivo\" target=\"_blank\" rel=\"noreferrer noopener\">AO VIVO E EM&nbsp;<\/a><a href=\"https:\/\/www.grandepremio.com\/br\/ao-vivo\/\" target=\"_blank\" rel=\"noreferrer noopener\">TEMPO REAL<\/a><\/strong>, al\u00e9m de classifica\u00e7\u00e3o e corrida em&nbsp;<strong><a href=\"https:\/\/www.youtube.com\/@GrandePremio1\/streams\" target=\"_blank\" rel=\"noreferrer noopener\">SEGUNDA TELA no YouTube<\/a><\/strong>, em parceria com a Voz do Esporte. O&nbsp;<strong>Briefing<\/strong>&nbsp;chega para analisar ap\u00f3s o fim de cada dia de atividades nas redes sociais e na GPTV.<\/p>\n\n\n\n<p class=\"wp-block-paragraph\"><strong>GP do Canad\u00e1&nbsp;de F1: veja os hor\u00e1rios em Brasil, Cabo Verde,&nbsp;<a href=\"https:\/\/grandepremio.pt\/\" target=\"_blank\" rel=\"noreferrer noopener\">Portugal<\/a>, Angola e Mo\u00e7ambique:<\/strong><\/p>\n\n\n\n<figure class=\"wp-block-table\"><table class=\"has-fixed-layout\"><tbody><tr><td><strong>Sess\u00e3o<\/strong><\/td><td><strong>BRA*<\/strong><\/td><td><strong>CBV<\/strong><\/td><td><strong>POR<\/strong><br><strong>ANG<\/strong><\/td><td><strong>MOZ<\/strong><\/td><\/tr><tr><td>Treino livre 1<\/td><td>14:30<\/td><td>16:30<\/td><td>18:30<\/td><td>19:30<\/td><\/tr><tr><td>Treino livre 2<\/td><td>18:00<\/td><td>20:00<\/td><td>22:00<\/td><td>23:00<\/td><\/tr><tr><td>Treino livre 3<\/td><td>13:30<\/td><td>15:30<\/td><td>17:30<\/td><td>18:30<\/td><\/tr><tr><td>Classifica\u00e7\u00e3o<\/td><td>17:00<\/td><td>19:00<\/td><td>21:00<\/td><td>22:00<\/td><\/tr><tr><td>Corrida<\/td><td>15:00<\/td><td>17:00<\/td><td>19:00<\/td><td>20:00<\/td><\/tr><\/tbody><\/table><\/figure>\n\n\n\n<p class=\"wp-block-paragraph\"><em>*Hor\u00e1rios em Bras\u00edlia<\/em><\/p>\n\n\n\n<p class=\"wp-block-paragraph\">\u25b6\ufe0f&nbsp;<strong>Inscreva-se nos dois canais do GRANDE PR\u00caMIO no YouTube:&nbsp;<a href=\"https:\/\/www.youtube.com\/channel\/UC9OlHEgxoaY6QY6nWPoiqQg?sub_confirmation=1\" target=\"_blank\" rel=\"noreferrer noopener\">GP<\/a>&nbsp;|&nbsp;<a href=\"https:\/\/www.youtube.com\/channel\/UC9csiS6q_C3C0FYhyr1rnFA?sub_confirmation=1\" target=\"_blank\" rel=\"noreferrer noopener\">GP2<\/a><\/strong><\/p>\n\n\n\n<figure class=\"wp-block-embed is-type-video is-provider-youtube wp-block-embed-youtube wp-embed-aspect-16-9 wp-has-aspect-ratio\"><div class=\"wp-block-embed__wrapper\">\n<iframe loading=\"lazy\" title=\"COMO HAMILTON N\u00c3O SABE O QUE FERRARI PREPARA EM 2025? | GP \u00c0S 10\" width=\"500\" height=\"281\" src=\"https:\/\/www.youtube.com\/embed\/gSXJ8NfB8wQ?feature=oembed\" frameborder=\"0\" allow=\"accelerometer; autoplay; clipboard-write; encrypted-media; gyroscope; picture-in-picture; web-share\" referrerpolicy=\"strict-origin-when-cross-origin\" allowfullscreen><\/iframe>\n<\/div><\/figure>\n","protected":false},"excerpt":{"rendered":"<p>Entre as principais mudan\u00e7as no calend\u00e1rio 2026 da F1 est\u00e3o a sa\u00edda de \u00cdmola para a chegada de Madri e o GP do Canad\u00e1 realocado para o m\u00eas de maio por quest\u00f5es log\u00edsticas. A etapa em Montreal, no entanto, acontece no mesmo fim de semana da Indy 500<\/p>\n","protected":false},"author":0,"featured_media":1000949985,"comment_status":"closed","ping_status":"closed","sticky":false,"template":"","format":"standard","meta":{"42wp_featured_image_caption":"","42wp_featured_image_credits":"","42wp_featured_video":"","42wp_featured_image_hidden":false,"42wp_authors_list":[],"footnotes":""},"categories":[2],"tags":[26271,29516,26266,1753,23783,22936,222,29827,996,1647,1505,24898,25424,31212,35707,873,5100,26680,1397,1754,14357,600,3023,24977,29126],"42wp_author":[47149],"class_list":["post-21470","post","type-post","status-publish","format-standard","has-post-thumbnail","hentry","category-f1","tag-calendario-f1","tag-f1-2026","tag-gp-da-arabia-saudita","tag-gp-da-australia","tag-gp-da-austria","tag-gp-da-belgica","tag-gp-da-china","tag-gp-da-cidade-do-mexico","tag-gp-da-espanha","tag-gp-da-hungria","tag-gp-da-inglaterra","tag-gp-da-italia","tag-gp-de-abu-dhabi","tag-gp-de-las-vegas","tag-gp-de-madri","tag-gp-de-miami","tag-gp-de-monaco","tag-gp-de-sao-paulo","tag-gp-de-singapura","tag-gp-do-bahrein","tag-gp-do-canada","tag-gp-do-catar","tag-gp-do-japao","tag-gp-dos-estados-unidos","tag-gp-dos-paises-baixos","42wp_author-bernardo-castro"],"_links":{"self":[{"href":"https:\/\/grandepremio.com\/br\/wp-json\/wp\/v2\/posts\/21470","targetHints":{"allow":["GET"]}}],"collection":[{"href":"https:\/\/grandepremio.com\/br\/wp-json\/wp\/v2\/posts"}],"about":[{"href":"https:\/\/grandepremio.com\/br\/wp-json\/wp\/v2\/types\/post"}],"replies":[{"embeddable":true,"href":"https:\/\/grandepremio.com\/br\/wp-json\/wp\/v2\/comments?post=21470"}],"version-history":[{"count":0,"href":"https:\/\/grandepremio.com\/br\/wp-json\/wp\/v2\/posts\/21470\/revisions"}],"wp:featuredmedia":[{"embeddable":true,"href":"https:\/\/grandepremio.com\/br\/wp-json\/wp\/v2\/media\/1000949985"}],"wp:attachment":[{"href":"https:\/\/grandepremio.com\/br\/wp-json\/wp\/v2\/media?parent=21470"}],"wp:term":[{"taxonomy":"category","embeddable":true,"href":"https:\/\/grandepremio.com\/br\/wp-json\/wp\/v2\/categories?post=21470"},{"taxonomy":"post_tag","embeddable":true,"href":"https:\/\/grandepremio.com\/br\/wp-json\/wp\/v2\/tags?post=21470"},{"taxonomy":"42wp_author","embeddable":true,"href":"https:\/\/grandepremio.com\/br\/wp-json\/wp\/v2\/42wp_author?post=21470"}],"curies":[{"name":"wp","href":"https:\/\/api.w.org\/{rel}","templated":true}]}}