{"id":21501,"date":"2025-06-09T10:03:53","date_gmt":"2025-06-09T13:03:53","guid":{"rendered":"https:\/\/grandepremio.com\/br\/noticias\/max-verstappen-cre-sucesso-aston-martin-adrian-newey-admite-diferente-verde\/"},"modified":"2025-06-09T11:39:10","modified_gmt":"2025-06-09T14:39:10","slug":"max-verstappen-cre-sucesso-aston-martin-adrian-newey-admite-diferente-verde","status":"publish","type":"post","link":"https:\/\/grandepremio.com\/br\/f1\/max-verstappen-cre-sucesso-aston-martin-adrian-newey-admite-diferente-verde\/","title":{"rendered":"Verstappen cr\u00ea em sucesso de Aston Martin e Newey, mas admite: &#8220;Diferente v\u00ea-lo de verde&#8221;"},"content":{"rendered":"\n<p class=\"wp-block-paragraph\"><strong>Max Verstappen<\/strong> admitiu que, depois de tantos anos, \u00e9 estranho ver <strong>Adrian Newey<\/strong> vestindo um uniforme verde pelo paddock em vez do azul marinho caracter\u00edstico da <strong>Red Bull<\/strong>. Ainda assim, o tetracampe\u00e3o aposta que a parceria entre o ic\u00f4nico projetista e a <strong>Aston Martin <\/strong>tem tudo para ser de sucesso, e ver os frutos desta uni\u00e3o o deixa &#8220;ansioso&#8221;.<\/p>\n\n\n\n<p class=\"wp-block-paragraph\">Newey se uniu ao time de Silverstone depois de um casamento de 19 anos com os taurinos que rendeu oito t\u00edtulos no <strong>Mundial de Pilotos <\/strong>(quatro com <strong>Sebastian Vettel <\/strong>e outros quatro com Verstappen) e seis no de <strong>Construtores<\/strong>. O trabalho para valer com a Aston Martin come\u00e7ou em mar\u00e7o deste ano, ap\u00f3s o per\u00edodo de car\u00eancia, e ele esteve pela primeira vez no pit-wall em <strong>M\u00f4naco<\/strong>.<\/p>\n\n\n\n<p class=\"wp-block-paragraph\">Verstappen falou aos jornalistas sobre a sensa\u00e7\u00e3o que teve ao se deparar com Newey vestindo as cores da Aston Martin. &#8220;V\u00ea-lo de verde, claro, \u00e9 um pouco diferente, mas estou feliz por ele.&#8221;<\/p>\n\n\n\n<p class=\"wp-block-paragraph\">&#8220;Espero que ele esteja feliz. Isso \u00e9 o mais importante no final das contas. E tenho certeza de que contribuir\u00e1 para o sucesso da equipe. Estou animado para ver o que podem fazer no pr\u00f3ximo ano, quando acredito que enfim estar\u00e1 totalmente envolvido&#8221;, destacou Max.<\/p>\n\n\n\n<figure class=\"wp-block-image size-full\"><img decoding=\"async\" src=\"https:\/\/www.grandepremio.com\/br\/wp-content\/uploads\/2024\/09\/SI202306180968_hires_jpeg_24bit_rgb-1.jpg\" alt=\"\" class=\"wp-image-866398\"\/><figcaption class=\"wp-element-caption\">Max Verstappen teve quatro carros campe\u00f5es projetados por Adrian Newey (Foto: Red Bull Content Pool)<\/figcaption><\/figure>\n\n\n\n<p class=\"wp-block-paragraph\">Em seguida, Verstappen afirmou que essa expectativa \u00e9 semelhante \u00e0 que ele mesmo tinha quando o brit\u00e2nico ainda estava na Red Bull. &#8220;Lembrei-me de como era conosco quando o vejo na garagem.&#8221;<\/p>\n\n\n\n<p class=\"wp-block-paragraph\">\u201cHonestamente, n\u00e3o faz mais sentido pensar nisso. Adrian n\u00e3o est\u00e1 mais aqui. Ainda temos muito respeito por ele \u2014 pelo menos, eu tenho muito respeito por Adrian. \u00c9 uma \u00f3tima pessoa, al\u00e9m de todo o sucesso que teve com a nossa equipe&#8221;, encerrou.<\/p>\n\n\n\n<p class=\"wp-block-paragraph\">A\u00a0<strong><a href=\"https:\/\/www.grandepremio.com\/br\/f1\/\" target=\"_blank\" rel=\"noreferrer noopener\"><\/a><a href=\"https:\/\/www.grandepremio.com\/br\/f1\/\" target=\"_blank\" rel=\"noreferrer noopener\">F\u00f3rmula 1<\/a><\/strong>\u00a0realiza o GP do Canad\u00e1 de 13 a 15 de junho, em\u00a0<strong>Montreal<\/strong>, d\u00e9cima etapa da temporada 2025. O\u00a0<strong>GRANDE PR\u00caMIO<\/strong>\u00a0acompanha todas as atividades\u00a0<strong><a href=\"https:\/\/www.grandepremio.com\/br\/f1\/ao-vivo\" target=\"_blank\" rel=\"noreferrer noopener\">AO VIVO E EM\u00a0<\/a><a href=\"https:\/\/www.grandepremio.com\/br\/ao-vivo\/\" target=\"_blank\" rel=\"noreferrer noopener\">TEMPO REAL<\/a><\/strong>, al\u00e9m de classifica\u00e7\u00e3o e corrida em\u00a0<strong><a href=\"https:\/\/www.youtube.com\/@GrandePremio1\/streams\" target=\"_blank\" rel=\"noreferrer noopener\">SEGUNDA TELA no YouTube<\/a><\/strong>, em parceria com a Voz do Esporte. O\u00a0<strong>Briefing<\/strong>\u00a0chega para analisar ap\u00f3s o fim de cada dia de atividades nas redes sociais e na GPTV.<\/p>\n\n\n\n<p class=\"wp-block-paragraph\"><strong>GP do Canad\u00e1 de F1: veja os hor\u00e1rios em Brasil, Cabo Verde,&nbsp;<a href=\"https:\/\/grandepremio.pt\/\" target=\"_blank\" rel=\"noreferrer noopener\">Portugal<\/a>, Angola e Mo\u00e7ambique:<\/strong><\/p>\n\n\n\n<figure class=\"wp-block-table\"><table class=\"has-fixed-layout\"><tbody><tr><td><strong>Sess\u00e3o<\/strong><\/td><td><strong>BRA*<\/strong><\/td><td><strong>CBV<\/strong><\/td><td><strong>POR<\/strong><br><strong>ANG<\/strong><\/td><td><strong>MOZ<\/strong><\/td><\/tr><tr><td>Treino livre 1<\/td><td>14:30<\/td><td>16:30<\/td><td>18:30<\/td><td>19:30<\/td><\/tr><tr><td>Treino livre 2<\/td><td>18:00<\/td><td>20:00<\/td><td>22:00<\/td><td>23:00<\/td><\/tr><tr><td>Treino livre 3<\/td><td>13:30<\/td><td>15:30<\/td><td>17:30<\/td><td>18:30<\/td><\/tr><tr><td>Classifica\u00e7\u00e3o<\/td><td>17:00<\/td><td>19:00<\/td><td>21:00<\/td><td>22:00<\/td><\/tr><tr><td>Corrida<\/td><td>15:00<\/td><td>17:00<\/td><td>19:00<\/td><td>20:00<\/td><\/tr><\/tbody><\/table><\/figure>\n\n\n\n<p class=\"wp-block-paragraph\"><em>*Hor\u00e1rios em Bras\u00edlia<\/em><\/p>\n\n\n\n<p class=\"wp-block-paragraph\"><strong>\u25b6\ufe0f<\/strong> <strong>Inscreva-se nos dois canais do GRANDE PR\u00caMIO no YouTube:\u00a0<a href=\"https:\/\/www.youtube.com\/channel\/UC9OlHEgxoaY6QY6nWPoiqQg?sub_confirmation=1\" target=\"_blank\" rel=\"noreferrer noopener\">GP<\/a>\u00a0|\u00a0<a href=\"https:\/\/www.youtube.com\/channel\/UC9csiS6q_C3C0FYhyr1rnFA?sub_confirmation=1\" target=\"_blank\" rel=\"noreferrer noopener\">GP2<\/a><\/strong><br>\u25b6\ufe0f <strong>LEIA TAMB\u00c9M:\u00a0<a href=\"https:\/\/www.grandepremio.com\/br\/f1\/noticias\/ex-chefe-da-ferrari-questiona-decisao-de-contratar-hamilton-esta-no-fim-da-carreira\/\">Ex-chefe da Ferrari questiona decis\u00e3o de contratar Hamilton: \u201cEst\u00e1 no fim da carreira\u201d<\/a><\/strong><\/p>\n\n\n\n<figure class=\"wp-block-embed is-type-video is-provider-youtube wp-block-embed-youtube wp-embed-aspect-16-9 wp-has-aspect-ratio\"><div class=\"wp-block-embed__wrapper\">\n<iframe loading=\"lazy\" title=\"COMO HAMILTON N\u00c3O SABE O QUE FERRARI PREPARA EM 2025? | GP \u00c0S 10\" width=\"500\" height=\"281\" src=\"https:\/\/www.youtube.com\/embed\/gSXJ8NfB8wQ?feature=oembed\" frameborder=\"0\" allow=\"accelerometer; autoplay; clipboard-write; encrypted-media; gyroscope; picture-in-picture; web-share\" referrerpolicy=\"strict-origin-when-cross-origin\" allowfullscreen><\/iframe>\n<\/div><\/figure>\n","protected":false},"excerpt":{"rendered":"<p>Max Verstappen ainda se disse ansioso para ver o que Adrian Newey e Aston Martin ser\u00e3o capazes de produzir juntos, apostando no sucesso da parceria na F1<\/p>\n","protected":false},"author":0,"featured_media":1000971004,"comment_status":"closed","ping_status":"closed","sticky":false,"template":"","format":"standard","meta":{"42wp_featured_image_caption":"","42wp_featured_image_credits":"","42wp_featured_video":"","42wp_featured_image_hidden":false,"42wp_authors_list":[],"footnotes":""},"categories":[2],"tags":[3547,309,26271,25053,5273,147,3630,180,3628,14357,39820,1491,28285,30840,203,4486,43846,31785,35129,204,42001],"42wp_author":[47147],"class_list":["post-21501","post","type-post","status-publish","format-standard","has-post-thumbnail","hentry","category-f1","tag-adrian-newey","tag-aston-martin","tag-calendario-f1","tag-canada","tag-classificacao-f1","tag-f1","tag-f1-2025","tag-formula-1","tag-formula-1-2025","tag-gp-do-canada","tag-gp-do-canada-f1","tag-grande-premio","tag-grandepremio","tag-horarios-f1","tag-max-verstappen","tag-montreal","tag-montreal-2025","tag-montreal-f1","tag-onde-assistir-f1","tag-red-bull","tag-temporada-2025-f1","42wp_author-luana-marino"],"_links":{"self":[{"href":"https:\/\/grandepremio.com\/br\/wp-json\/wp\/v2\/posts\/21501","targetHints":{"allow":["GET"]}}],"collection":[{"href":"https:\/\/grandepremio.com\/br\/wp-json\/wp\/v2\/posts"}],"about":[{"href":"https:\/\/grandepremio.com\/br\/wp-json\/wp\/v2\/types\/post"}],"replies":[{"embeddable":true,"href":"https:\/\/grandepremio.com\/br\/wp-json\/wp\/v2\/comments?post=21501"}],"version-history":[{"count":0,"href":"https:\/\/grandepremio.com\/br\/wp-json\/wp\/v2\/posts\/21501\/revisions"}],"wp:featuredmedia":[{"embeddable":true,"href":"https:\/\/grandepremio.com\/br\/wp-json\/wp\/v2\/media\/1000971004"}],"wp:attachment":[{"href":"https:\/\/grandepremio.com\/br\/wp-json\/wp\/v2\/media?parent=21501"}],"wp:term":[{"taxonomy":"category","embeddable":true,"href":"https:\/\/grandepremio.com\/br\/wp-json\/wp\/v2\/categories?post=21501"},{"taxonomy":"post_tag","embeddable":true,"href":"https:\/\/grandepremio.com\/br\/wp-json\/wp\/v2\/tags?post=21501"},{"taxonomy":"42wp_author","embeddable":true,"href":"https:\/\/grandepremio.com\/br\/wp-json\/wp\/v2\/42wp_author?post=21501"}],"curies":[{"name":"wp","href":"https:\/\/api.w.org\/{rel}","templated":true}]}}