{"id":21508,"date":"2025-06-09T07:56:10","date_gmt":"2025-06-09T10:56:10","guid":{"rendered":"https:\/\/grandepremio.com\/br\/noticias\/audi-aproxima-acordo-adidas-temporada-2026-formula-1\/"},"modified":"2025-06-09T11:04:36","modified_gmt":"2025-06-09T14:04:36","slug":"audi-aproxima-acordo-adidas-temporada-2026-formula-1","status":"publish","type":"post","link":"https:\/\/grandepremio.com\/br\/f1\/audi-aproxima-acordo-adidas-temporada-2026-formula-1\/","title":{"rendered":"Audi se aproxima de acordo com Adidas para temporada 2026 da F\u00f3rmula 1"},"content":{"rendered":"\n<p class=\"wp-block-paragraph\">Em contagem regressiva para estrear na<strong> F\u00f3rmula 1<\/strong>, a <strong>Audi <\/strong>est\u00e1 perto de fechar importante acordo de patroc\u00ednio com a <strong>Adidas<\/strong> para a <strong>temporada 2026<\/strong>. A marca alem\u00e3 de artigos esportivos \u00e9 tamb\u00e9m fornecedora oficial de roupas da <strong>Mercedes<\/strong>, parceria esta que come\u00e7ou este ano.<\/p>\n\n\n\n<p class=\"wp-block-paragraph\">A informa\u00e7\u00e3o \u00e9 do site <em>PlanetF1.com<\/em> desta segunda-feira (9). A publica\u00e7\u00e3o informa ainda que a uni\u00e3o com a Audi n\u00e3o ter\u00e1 impacto no compromisso que j\u00e1 existe com a Mercedes \u2014 as duas escuderias germ\u00e2nicas do grid.<\/p>\n\n\n\n<p class=\"wp-block-paragraph\">Compartilhamento de fornecedores entre equipes, ali\u00e1s, \u00e9 uma pr\u00e1tica comum. <strong>McLaren<\/strong> e<strong> Red Bull<\/strong>, por exemplo, possuem acordos vigentes com a brit\u00e2nica <strong>Castore<\/strong>, enquanto a <strong>Ferrari<\/strong> \u00e9 um dos times ligados \u00e0 tamb\u00e9m alem\u00e3 Puma.<\/p>\n\n\n\n<p class=\"wp-block-paragraph\">No in\u00edcio do ano, a Adidas tornou p\u00fablica a parceria com a Mercedes, que encerrou uni\u00e3o com a Puma ap\u00f3s 13 anos. Em comunicado oficial, o time chefiado por<strong> Toto Wolff <\/strong>detalhou que a marca seria respons\u00e1vel por desenvolver o uniforme de engenheiros, mec\u00e2nicos e pilotos, al\u00e9m de tamb\u00e9m confeccionar produtos para os f\u00e3s.\u00a0 <\/p>\n\n\n\n<figure class=\"wp-block-image size-large\"><img decoding=\"async\" src=\"https:\/\/www.grandepremio.com\/br\/wp-content\/uploads\/2025\/06\/espanha-2025-f1-corrida-sauber-gabriel-bortoleto-06-1200x800.jpg\" alt=\"\" class=\"wp-image-976522\"\/><figcaption class=\"wp-element-caption\">Gabriel Bortoleto: Sauber vive ano de transi\u00e7\u00e3o at\u00e9 chegada da Audi (Foto: Sauber)<\/figcaption><\/figure>\n\n\n\n<p class=\"wp-block-paragraph\">Quanto \u00e0 Audi, a expectativa para o in\u00edcio de 2026 \u00e9 grande, e a fabricante tem investido alto para que a transi\u00e7\u00e3o a partir da <strong>Sauber <\/strong>seja feita com sucesso. Recentemente, a marca das quatro argolas promoveu uma importante reestrutura\u00e7\u00e3o interna, colocando <strong>Mattia Binotto<\/strong> para chefiar o projeto na F1.<\/p>\n\n\n\n<p class=\"wp-block-paragraph\">O chefe de equipe na pista, todavia, \u00e9<strong> Jonathan Wheatley<\/strong>, ex-diretor-esportivo de longa data da Red Bull e que j\u00e1 iniciou os trabalhos com a Sauber no GP do Jap\u00e3o deste ano. <strong>Nico H\u00fclkenberg<\/strong> e <strong>Gabriel Bortoleto<\/strong> formam a dupla de pilotos.<\/p>\n\n\n\n<p class=\"wp-block-paragraph\">A\u00a0<strong><a href=\"https:\/\/www.grandepremio.com\/br\/f1\/\" target=\"_blank\" rel=\"noreferrer noopener\"><\/a><a href=\"https:\/\/www.grandepremio.com\/br\/f1\/\" target=\"_blank\" rel=\"noreferrer noopener\">F\u00f3rmula 1<\/a><\/strong>\u00a0realiza o GP do Canad\u00e1 de 13 a 15 de junho, em\u00a0<strong>Montreal<\/strong>, d\u00e9cima etapa da temporada 2025. O\u00a0<strong>GRANDE PR\u00caMIO<\/strong>\u00a0acompanha todas as atividades\u00a0<strong><a href=\"https:\/\/www.grandepremio.com\/br\/f1\/ao-vivo\" target=\"_blank\" rel=\"noreferrer noopener\">AO VIVO E EM\u00a0<\/a><a href=\"https:\/\/www.grandepremio.com\/br\/ao-vivo\/\" target=\"_blank\" rel=\"noreferrer noopener\">TEMPO REAL<\/a><\/strong>, al\u00e9m de classifica\u00e7\u00e3o e corrida em\u00a0<strong><a href=\"https:\/\/www.youtube.com\/@GrandePremio1\/streams\" target=\"_blank\" rel=\"noreferrer noopener\">SEGUNDA TELA no YouTube<\/a><\/strong>, em parceria com a Voz do Esporte. O\u00a0<strong>Briefing<\/strong>\u00a0chega para analisar ap\u00f3s o fim de cada dia de atividades nas redes sociais e na GPTV.<\/p>\n\n\n\n<p class=\"wp-block-paragraph\"><strong>GP do Canad\u00e1 de F1: veja os hor\u00e1rios em Brasil, Cabo Verde,\u00a0<a href=\"https:\/\/grandepremio.pt\/\" target=\"_blank\" rel=\"noreferrer noopener\">Portugal<\/a>, Angola e Mo\u00e7ambique:<\/strong><\/p>\n\n\n\n<figure class=\"wp-block-table\"><table class=\"has-fixed-layout\"><tbody><tr><td><strong>Sess\u00e3o<\/strong><\/td><td><strong>BRA*<\/strong><\/td><td><strong>CBV<\/strong><\/td><td><strong>POR<\/strong><br><strong>ANG<\/strong><\/td><td><strong>MOZ<\/strong><\/td><\/tr><tr><td>Treino livre 1<\/td><td>14:30<\/td><td>16:30<\/td><td>18:30<\/td><td>19:30<\/td><\/tr><tr><td>Treino livre 2<\/td><td>18:00<\/td><td>20:00<\/td><td>22:00<\/td><td>23:00<\/td><\/tr><tr><td>Treino livre 3<\/td><td>13:30<\/td><td>15:30<\/td><td>17:30<\/td><td>18:30<\/td><\/tr><tr><td>Classifica\u00e7\u00e3o<\/td><td>17:00<\/td><td>19:00<\/td><td>21:00<\/td><td>22:00<\/td><\/tr><tr><td>Corrida<\/td><td>15:00<\/td><td>17:00<\/td><td>19:00<\/td><td>20:00<\/td><\/tr><\/tbody><\/table><\/figure>\n\n\n\n<p class=\"wp-block-paragraph\"><em>*Hor\u00e1rios em Bras\u00edlia<\/em><\/p>\n\n\n\n<p class=\"wp-block-paragraph\"><strong>\u25b6\ufe0f<\/strong> <strong>Inscreva-se nos dois canais do GRANDE PR\u00caMIO no YouTube:\u00a0<a href=\"https:\/\/www.youtube.com\/channel\/UC9OlHEgxoaY6QY6nWPoiqQg?sub_confirmation=1\" target=\"_blank\" rel=\"noreferrer noopener\">GP<\/a>\u00a0|\u00a0<a href=\"https:\/\/www.youtube.com\/channel\/UC9csiS6q_C3C0FYhyr1rnFA?sub_confirmation=1\" target=\"_blank\" rel=\"noreferrer noopener\">GP2<\/a><\/strong><br>\u25b6\ufe0f <strong>LEIA TAMB\u00c9M: <a href=\"https:\/\/www.grandepremio.com\/br\/f1\/noticias\/ex-chefe-da-ferrari-questiona-decisao-de-contratar-hamilton-esta-no-fim-da-carreira\/\">Ex-chefe da Ferrari questiona decis\u00e3o de contratar Hamilton: \u201cEst\u00e1 no fim da carreira\u201d<\/a><\/strong><\/p>\n\n\n\n<figure class=\"wp-block-embed is-type-video is-provider-youtube wp-block-embed-youtube wp-embed-aspect-16-9 wp-has-aspect-ratio\"><div class=\"wp-block-embed__wrapper\">\n<iframe loading=\"lazy\" title=\"COMO HAMILTON N\u00c3O SABE O QUE FERRARI PREPARA EM 2025? | GP \u00c0S 10\" width=\"500\" height=\"281\" src=\"https:\/\/www.youtube.com\/embed\/gSXJ8NfB8wQ?feature=oembed\" frameborder=\"0\" allow=\"accelerometer; autoplay; clipboard-write; encrypted-media; gyroscope; picture-in-picture; web-share\" referrerpolicy=\"strict-origin-when-cross-origin\" allowfullscreen><\/iframe>\n<\/div><\/figure>\n","protected":false},"excerpt":{"rendered":"<p>A Adidas \u00e9 tamb\u00e9m a fornecedora oficial de roupas da Mercedes na F\u00f3rmula 1. De acordo com o site PlanetF1.com, a parceria com a Audi n\u00e3o impacta no acordo j\u00e1 existente com o time de Brackley<\/p>\n","protected":false},"author":0,"featured_media":1000707235,"comment_status":"closed","ping_status":"closed","sticky":false,"template":"","format":"standard","meta":{"42wp_featured_image_caption":"","42wp_featured_image_credits":"","42wp_featured_video":"","42wp_featured_image_hidden":false,"42wp_authors_list":[],"footnotes":""},"categories":[2],"tags":[970,26271,25053,43845,31774,5273,147,3630,180,3628,14357,39820,1491,28285,30840,4486,43846,31785,35129,1197,42001],"42wp_author":[47147],"class_list":["post-21508","post","type-post","status-publish","format-standard","has-post-thumbnail","hentry","category-f1","tag-audi","tag-calendario-f1","tag-canada","tag-canada-2025","tag-canada-f1","tag-classificacao-f1","tag-f1","tag-f1-2025","tag-formula-1","tag-formula-1-2025","tag-gp-do-canada","tag-gp-do-canada-f1","tag-grande-premio","tag-grandepremio","tag-horarios-f1","tag-montreal","tag-montreal-2025","tag-montreal-f1","tag-onde-assistir-f1","tag-sauber","tag-temporada-2025-f1","42wp_author-luana-marino"],"_links":{"self":[{"href":"https:\/\/grandepremio.com\/br\/wp-json\/wp\/v2\/posts\/21508","targetHints":{"allow":["GET"]}}],"collection":[{"href":"https:\/\/grandepremio.com\/br\/wp-json\/wp\/v2\/posts"}],"about":[{"href":"https:\/\/grandepremio.com\/br\/wp-json\/wp\/v2\/types\/post"}],"replies":[{"embeddable":true,"href":"https:\/\/grandepremio.com\/br\/wp-json\/wp\/v2\/comments?post=21508"}],"version-history":[{"count":0,"href":"https:\/\/grandepremio.com\/br\/wp-json\/wp\/v2\/posts\/21508\/revisions"}],"wp:featuredmedia":[{"embeddable":true,"href":"https:\/\/grandepremio.com\/br\/wp-json\/wp\/v2\/media\/1000707235"}],"wp:attachment":[{"href":"https:\/\/grandepremio.com\/br\/wp-json\/wp\/v2\/media?parent=21508"}],"wp:term":[{"taxonomy":"category","embeddable":true,"href":"https:\/\/grandepremio.com\/br\/wp-json\/wp\/v2\/categories?post=21508"},{"taxonomy":"post_tag","embeddable":true,"href":"https:\/\/grandepremio.com\/br\/wp-json\/wp\/v2\/tags?post=21508"},{"taxonomy":"42wp_author","embeddable":true,"href":"https:\/\/grandepremio.com\/br\/wp-json\/wp\/v2\/42wp_author?post=21508"}],"curies":[{"name":"wp","href":"https:\/\/api.w.org\/{rel}","templated":true}]}}