{"id":21512,"date":"2025-06-09T06:56:39","date_gmt":"2025-06-09T09:56:39","guid":{"rendered":"https:\/\/grandepremio.com\/br\/noticias\/ex-chefe-da-ferrari-questiona-decisao-de-contratar-hamilton-esta-no-fim-da-carreira\/"},"modified":"2025-06-09T08:41:09","modified_gmt":"2025-06-09T11:41:09","slug":"ex-chefe-da-ferrari-questiona-decisao-de-contratar-hamilton-esta-no-fim-da-carreira","status":"publish","type":"post","link":"https:\/\/grandepremio.com\/br\/f1\/ex-chefe-da-ferrari-questiona-decisao-de-contratar-hamilton-esta-no-fim-da-carreira\/","title":{"rendered":"Ex-chefe da Ferrari questiona decis\u00e3o de contratar Hamilton: \u201cEst\u00e1 no fim da carreira\u201d"},"content":{"rendered":"\n<p class=\"wp-block-paragraph\"><strong>Mattia Binotto<\/strong>, que trabalhou na <strong>Ferrari <\/strong>por mais de duas d\u00e9cadas e passou os \u00faltimos anos em <strong>Maranello <\/strong>como chefe, voltou a comentar sobre a situa\u00e7\u00e3o de <strong>Lewis Hamilton<\/strong>. Na vis\u00e3o do antigo dirigente, a equipe errou no momento de contratar o heptacampe\u00e3o, que hoje tem 40 anos de idade e est\u00e1 na fase final da carreira. <strong>Binotto<\/strong>, no entanto, reconhece que a chegada do #44 poderia render mais frutos caso tivesse acontecido alguns anos antes.<\/p>\n\n\n\n<p class=\"wp-block-paragraph\"><strong>Binotto <\/strong>deixou o posto de chefe da <strong>Ferrari <\/strong>no fim de 2022, mas vez ou outra ainda faz alguns coment\u00e1rios sobre a situa\u00e7\u00e3o da equipe de <strong>Maranello<\/strong>. No ano passado, por exemplo, o italiano refor\u00e7ou que <strong>Charles Leclerc<\/strong> \u00e9 o futuro e, por isso, <a href=\"https:\/\/www.grandepremio.com\/br\/f1\/noticias\/mattia-binotto-afirma-nao-teria-levado-lewis-hamilton-ferrari-charles-leclerc-talento\/?_gl=1*1cnxrnd*_ga*MTk2NzYwODk1Mi4xNzMzMzUzNjEz*_ga_8EWPK1F9S1*czE3NDk0NjA0OTMkbzY1NSRnMSR0MTc0OTQ2MjE0MSRqNjAkbDAkaDQ4OTIzOTI4MQ..\">n\u00e3o teria contratado<\/a> <strong>Hamilton<\/strong>. Agora, voltou a comentar sobre a situa\u00e7\u00e3o do heptacampe\u00e3o.<\/p>\n\n\n\n<p class=\"wp-block-paragraph\">Ainda com dificuldades de adapta\u00e7\u00e3o, <strong>Hamilton <\/strong>est\u00e1 sofrendo com o ritmo de corrida e de classifica\u00e7\u00e3o da <strong>Ferrari <\/strong>e, ap\u00f3s nove etapas, ainda busca o primeiro p\u00f3dio vestido de vermelho. <strong>Leclerc<\/strong>, por sua vez, j\u00e1 terminou no top-3 em tr\u00eas oportunidades.<\/p>\n\n\n\n<p class=\"wp-block-paragraph\">Por isso, <strong>Binotto <\/strong>reconheceu que a <strong>Ferrari <\/strong>contratou <strong>Hamilton <\/strong>em um momento errado e disse que a alian\u00e7a poderia render mais frutos caso tivesse acontecido h\u00e1 alguns anos.<\/p>\n\n\n\n<figure class=\"wp-block-image size-large\"><img decoding=\"async\" src=\"https:\/\/www.grandepremio.com\/br\/wp-content\/uploads\/2025\/05\/espanha-2025-f1-treinos-livres-ferrari-lewis-hamilton-afp-02-1-1200x770.jpg\" alt=\"\" class=\"wp-image-975663\"\/><figcaption class=\"wp-element-caption\">Lewis Hamilton est\u00e1 com dificuldades para se adaptar \u00e0 Ferrari (Foto: AFP) <\/figcaption><\/figure>\n\n\n\n<p class=\"wp-block-paragraph\">\u201cHamilton tem uma certa idade e a Ferrari o contratou quando ele j\u00e1 estava no fim da carreira. O ideal seria que eles tivessem conseguido contar com ele alguns anos antes. Mas como algu\u00e9m de fora, talvez nem dev\u00eassemos julgar\u201d, disse o ex-<strong>Ferrari<\/strong>.<\/p>\n\n\n\n<p class=\"wp-block-paragraph\">\u201cEst\u00e1 claro que o desempenho na pista e os resultados n\u00e3o s\u00e3o bons. Mas eu conhe\u00e7o muito bem cada membro daquela equipe e sei que eles s\u00e3o fortes e capazes. Eles saber\u00e3o como melhorar o carro e se sair\u00e3o bem no futuro. E acho que a Ferrari pode ficar satisfeita com este ano\u201d, finalizou <strong>Binotto<\/strong>.<\/p>\n\n\n\n<p class=\"wp-block-paragraph\">A&nbsp;<strong><a href=\"https:\/\/www.grandepremio.com\/br\/f1\/\" target=\"_blank\" rel=\"noreferrer noopener\"><\/a><a href=\"https:\/\/www.grandepremio.com\/br\/f1\/\" target=\"_blank\" rel=\"noreferrer noopener\">F\u00f3rmula 1<\/a><\/strong>&nbsp;volta de&nbsp;<strong>13 a 15 de junho<\/strong>&nbsp;no&nbsp;<strong>Canad\u00e1<\/strong>, d\u00e9cima etapa da&nbsp;<strong>temporada 2025<\/strong>.<\/p>\n\n\n\n<p class=\"wp-block-paragraph\">\u25b6\ufe0f&nbsp;<strong>Inscreva-se nos dois canais do GRANDE PR\u00caMIO no YouTube:&nbsp;<a href=\"https:\/\/www.youtube.com\/channel\/UC9OlHEgxoaY6QY6nWPoiqQg?sub_confirmation=1\" target=\"_blank\" rel=\"noreferrer noopener\">GP<\/a>&nbsp;|&nbsp;<a href=\"https:\/\/www.youtube.com\/channel\/UC9csiS6q_C3C0FYhyr1rnFA?sub_confirmation=1\" target=\"_blank\" rel=\"noreferrer noopener\">GP2<\/a><\/strong><\/p>\n\n\n\n<figure class=\"wp-block-embed is-type-video is-provider-youtube wp-block-embed-youtube wp-embed-aspect-16-9 wp-has-aspect-ratio\"><div class=\"wp-block-embed__wrapper\">\n<iframe loading=\"lazy\" title=\"COMO HAMILTON N\u00c3O SABE O QUE FERRARI PREPARA EM 2025? | GP \u00c0S 10\" width=\"500\" height=\"281\" src=\"https:\/\/www.youtube.com\/embed\/gSXJ8NfB8wQ?feature=oembed\" frameborder=\"0\" allow=\"accelerometer; autoplay; clipboard-write; encrypted-media; gyroscope; picture-in-picture; web-share\" referrerpolicy=\"strict-origin-when-cross-origin\" allowfullscreen><\/iframe>\n<\/div><\/figure>\n","protected":false},"excerpt":{"rendered":"<p>Mattia Binotto, ex-chefe da Ferrari na F1, voltou a comentar sobre a contrata\u00e7\u00e3o de Lewis Hamilton e disse que o heptacampe\u00e3o chegou ao time em um momento inoportuno<\/p>\n","protected":false},"author":0,"featured_media":1000974673,"comment_status":"closed","ping_status":"closed","sticky":false,"template":"","format":"standard","meta":{"42wp_featured_image_caption":"","42wp_featured_image_credits":"","42wp_featured_video":"","42wp_featured_image_hidden":false,"42wp_authors_list":[],"footnotes":""},"categories":[2],"tags":[209,207,42744,1491,28285,2810,1713,2780,87,442,42448],"42wp_author":[47149],"class_list":["post-21512","post","type-post","status-publish","format-standard","has-post-thumbnail","hentry","category-f1","tag-charles-leclerc","tag-ferrari","tag-ferrari-sf-25","tag-grande-premio","tag-grandepremio","tag-hamilton","tag-hamilton-na-ferrari","tag-leclerc","tag-lewis-hamilton","tag-mattia-binotto","tag-sf-25","42wp_author-bernardo-castro"],"_links":{"self":[{"href":"https:\/\/grandepremio.com\/br\/wp-json\/wp\/v2\/posts\/21512","targetHints":{"allow":["GET"]}}],"collection":[{"href":"https:\/\/grandepremio.com\/br\/wp-json\/wp\/v2\/posts"}],"about":[{"href":"https:\/\/grandepremio.com\/br\/wp-json\/wp\/v2\/types\/post"}],"replies":[{"embeddable":true,"href":"https:\/\/grandepremio.com\/br\/wp-json\/wp\/v2\/comments?post=21512"}],"version-history":[{"count":0,"href":"https:\/\/grandepremio.com\/br\/wp-json\/wp\/v2\/posts\/21512\/revisions"}],"wp:featuredmedia":[{"embeddable":true,"href":"https:\/\/grandepremio.com\/br\/wp-json\/wp\/v2\/media\/1000974673"}],"wp:attachment":[{"href":"https:\/\/grandepremio.com\/br\/wp-json\/wp\/v2\/media?parent=21512"}],"wp:term":[{"taxonomy":"category","embeddable":true,"href":"https:\/\/grandepremio.com\/br\/wp-json\/wp\/v2\/categories?post=21512"},{"taxonomy":"post_tag","embeddable":true,"href":"https:\/\/grandepremio.com\/br\/wp-json\/wp\/v2\/tags?post=21512"},{"taxonomy":"42wp_author","embeddable":true,"href":"https:\/\/grandepremio.com\/br\/wp-json\/wp\/v2\/42wp_author?post=21512"}],"curies":[{"name":"wp","href":"https:\/\/api.w.org\/{rel}","templated":true}]}}