{"id":21571,"date":"2025-06-07T09:23:32","date_gmt":"2025-06-07T12:23:32","guid":{"rendered":"https:\/\/grandepremio.com\/br\/noticias\/george-russell-admite-surpresa-clima-entre-pilotos-fia-mais-envolvido-esperava\/"},"modified":"2025-06-07T10:31:07","modified_gmt":"2025-06-07T13:31:07","slug":"george-russell-admite-surpresa-clima-entre-pilotos-fia-mais-envolvido-esperava","status":"publish","type":"post","link":"https:\/\/grandepremio.com\/br\/f1\/george-russell-admite-surpresa-clima-entre-pilotos-fia-mais-envolvido-esperava\/","title":{"rendered":"Russell admite surpresa com clima entre pilotos e FIA: &#8220;Mais envolvido que esperava&#8221;"},"content":{"rendered":"\n<p class=\"wp-block-paragraph\"><strong>George Russell<\/strong> vive fase agitada nos bastidores da <strong>F\u00f3rmula 1<\/strong>. Diretor da <strong>Associa\u00e7\u00e3o de Pilotos de Grande Pr\u00eamio (GPDA)<\/strong> desde 2021, revelou que os \u00faltimos meses foram marcados por envolvimento pol\u00edtico muito maior do que esperava ao aceitar o cargo. Tudo por conta das crescentes tens\u00f5es entre os pilotos e a <strong>Federa\u00e7\u00e3o Internacional de Automobilismo (FIA)<\/strong>, especialmente com o presidente <strong>Mohammed Ben Sulayem<\/strong>.<\/p>\n\n\n\n<p class=\"wp-block-paragraph\">Russell explicou que, no \u00faltimo ano e meio, a FIA tomou decis\u00f5es surpreendentes \u2013 como <strong>proibi\u00e7\u00e3o de manifesta\u00e7\u00f5es pol\u00edticas e religiosas<\/strong> e <strong>puni\u00e7\u00f5es por palavr\u00f5es em entrevistas<\/strong> &#8211; que contribu\u00edram para a piora no clima com os pilotos.<\/p>\n\n\n\n<p class=\"wp-block-paragraph\">&#8220;Para ser honesto, <strong>Alex Wurz<\/strong> [presidente da GPDA] e <strong>Anastasia Fowle<\/strong>, nossa advogada, cuidam da maioria das quest\u00f5es pesadas&#8221;, afirmou ao site alem\u00e3o <em>Motorsport-total.com<\/em>.<\/p>\n\n\n\n<p class=\"wp-block-paragraph\">&#8220;Mas, nos \u00faltimos 18 meses, <strong>estivemos muito mais ocupados do que imagin\u00e1vamos<\/strong>. As coisas se dividiram demais. As decis\u00f5es foram surpreendentes, inclusive para mim. <strong>Fiquei mais envolvido que esperava<\/strong>, e \u00e9 preciso buscar equil\u00edbrio\u201d, explicou.<\/p>\n\n\n\n<figure class=\"wp-block-image size-large\"><img decoding=\"async\" src=\"https:\/\/www.grandepremio.com\/br\/wp-content\/uploads\/2024\/04\/mohammed-sulayem-presidente-fia-1024x681.jpg\" alt=\"\" class=\"wp-image-804950\"\/><figcaption class=\"wp-element-caption\">Mohamed Ben Sulayem se envolveu em alguns embates com pilotos (Foto: Reprodu\u00e7\u00e3o\/Khaleej Times)<\/figcaption><\/figure>\n\n\n\n<p class=\"wp-block-paragraph\">Apesar do cen\u00e1rio tenso, assegurou que <strong>n\u00e3o pretende deixar o cargo na GPDA<\/strong>. Elogiou o trabalho feito nos bastidores por equipes, Liberty Media e Stefano Domenicali, mas lan\u00e7ou uma met\u00e1fora para ilustrar a delicadeza do momento.<\/p>\n\n\n\n<p class=\"wp-block-paragraph\">\u201cN\u00e3o, n\u00e3o deixaria o cargo. Hoje a F1 est\u00e1 surfando uma onda de popularidade, mas se cairmos dessa onda, a queda pode ser r\u00e1pida. Todos precisamos estar atentos e n\u00e3o tratar o sucesso atual da categoria como garantido. \u00c9 como uma torre de Jenga: se um bloco cair, tudo pode desmoronar\u201d, alertou.<\/p>\n\n\n\n<p class=\"wp-block-paragraph\">Ao falar sobre o grupo de <em>WhatsApp<\/em> da GPDA, o brit\u00e2nico comentou que h\u00e1 um forte esp\u00edrito de uni\u00e3o entre os 20 pilotos.<\/p>\n\n\n\n<p class=\"wp-block-paragraph\">\u201cN\u00e3o \u00e9 s\u00f3 s\u00e9rio ou s\u00f3 piada. \u00c9 um misto. Quando come\u00e7a uma conversa, as mensagens voam. \u00c9 uma rela\u00e7\u00e3o boa entre todos. Claro que alguns t\u00eam amizades mais pr\u00f3ximas que outros, mas pense bem: \u00e9 como se os 20 melhores jogadores de futebol do mundo estivessem num grupo. N\u00e3o d\u00e1 para imaginar Messi e Cristiano Ronaldo trocando memes, n\u00e9? Pois \u00e9, \u00e9 algo especial\u201d, concluiu.<\/p>\n\n\n\n<p class=\"wp-block-paragraph\">A&nbsp;<strong><a href=\"https:\/\/www.grandepremio.com\/br\/f1\/\" target=\"_blank\" rel=\"noreferrer noopener\"><\/a><a href=\"https:\/\/www.grandepremio.com\/br\/f1\/\" target=\"_blank\" rel=\"noreferrer noopener\">F\u00f3rmula 1<\/a><\/strong>&nbsp;volta de&nbsp;<strong>13 a 15 de junho<\/strong>&nbsp;no&nbsp;<strong>Canad\u00e1<\/strong>, d\u00e9cima etapa da&nbsp;<strong>temporada 2025<\/strong>.<\/p>\n\n\n\n<p class=\"wp-block-paragraph\">\u25b6\ufe0f&nbsp;<strong>Inscreva-se nos dois canais do GRANDE PR\u00caMIO no YouTube:&nbsp;<a href=\"https:\/\/www.youtube.com\/channel\/UC9OlHEgxoaY6QY6nWPoiqQg?sub_confirmation=1\" target=\"_blank\" rel=\"noreferrer noopener\">GP<\/a>&nbsp;|&nbsp;<a href=\"https:\/\/www.youtube.com\/channel\/UC9csiS6q_C3C0FYhyr1rnFA?sub_confirmation=1\" target=\"_blank\" rel=\"noreferrer noopener\">GP2<\/a><\/strong><br>\u25b6\ufe0f&nbsp;<strong>LEIA TAMB\u00c9M:&nbsp;<a href=\"https:\/\/www.grandepremio.com\/br\/f1\/noticias\/felipe-drugovich-stoffel-vandoorne-valtteri-bottas-quem-pode-substituir-lance-stroll-gp-do-canada\/\">Drugovich, Vandoorne e at\u00e9 Bottas: quem pode substituir Stroll no GP do Canad\u00e1<\/a><\/strong><\/p>\n\n\n\n<figure class=\"wp-block-embed is-type-video is-provider-youtube wp-block-embed-youtube wp-embed-aspect-16-9 wp-has-aspect-ratio\"><div class=\"wp-block-embed__wrapper\">\n<iframe loading=\"lazy\" title=\"RED BULL SE ANTECIPA E J\u00c1 ACIONA &amp;apos;BRECHA ANTONELLI&amp;apos; + FERRARI S\u00d3 EM 2026? | WGP\" width=\"500\" height=\"281\" src=\"https:\/\/www.youtube.com\/embed\/u44Ua5_RxFQ?feature=oembed\" frameborder=\"0\" allow=\"accelerometer; autoplay; clipboard-write; encrypted-media; gyroscope; picture-in-picture; web-share\" referrerpolicy=\"strict-origin-when-cross-origin\" allowfullscreen><\/iframe>\n<\/div><\/figure>\n","protected":false},"excerpt":{"rendered":"<p>George Russell assumiu dire\u00e7\u00e3o da Associa\u00e7\u00e3o de Pilotos de Grande Pr\u00eamio em 2021 e foi figura ativa nos embates recentes entre pilotos e FIA<\/p>\n","protected":false},"author":0,"featured_media":1000974665,"comment_status":"closed","ping_status":"closed","sticky":false,"template":"","format":"standard","meta":{"42wp_featured_image_caption":"","42wp_featured_image_credits":"","42wp_featured_video":"","42wp_featured_image_hidden":false,"42wp_authors_list":[],"footnotes":""},"categories":[2],"tags":[7517,26271,5273,147,3630,25893,180,3628,800,7451,1491,28285,30840,82,35129,42001],"42wp_author":[47164],"class_list":["post-21571","post","type-post","status-publish","format-standard","has-post-thumbnail","hentry","category-f1","tag-alexander-wurz","tag-calendario-f1","tag-classificacao-f1","tag-f1","tag-f1-2025","tag-federacao-internacional-de-automobilismo","tag-formula-1","tag-formula-1-2025","tag-george-russell","tag-gpda","tag-grande-premio","tag-grandepremio","tag-horarios-f1","tag-mercedes","tag-onde-assistir-f1","tag-temporada-2025-f1","42wp_author-marcos-gil-ribeiro"],"_links":{"self":[{"href":"https:\/\/grandepremio.com\/br\/wp-json\/wp\/v2\/posts\/21571","targetHints":{"allow":["GET"]}}],"collection":[{"href":"https:\/\/grandepremio.com\/br\/wp-json\/wp\/v2\/posts"}],"about":[{"href":"https:\/\/grandepremio.com\/br\/wp-json\/wp\/v2\/types\/post"}],"replies":[{"embeddable":true,"href":"https:\/\/grandepremio.com\/br\/wp-json\/wp\/v2\/comments?post=21571"}],"version-history":[{"count":0,"href":"https:\/\/grandepremio.com\/br\/wp-json\/wp\/v2\/posts\/21571\/revisions"}],"wp:featuredmedia":[{"embeddable":true,"href":"https:\/\/grandepremio.com\/br\/wp-json\/wp\/v2\/media\/1000974665"}],"wp:attachment":[{"href":"https:\/\/grandepremio.com\/br\/wp-json\/wp\/v2\/media?parent=21571"}],"wp:term":[{"taxonomy":"category","embeddable":true,"href":"https:\/\/grandepremio.com\/br\/wp-json\/wp\/v2\/categories?post=21571"},{"taxonomy":"post_tag","embeddable":true,"href":"https:\/\/grandepremio.com\/br\/wp-json\/wp\/v2\/tags?post=21571"},{"taxonomy":"42wp_author","embeddable":true,"href":"https:\/\/grandepremio.com\/br\/wp-json\/wp\/v2\/42wp_author?post=21571"}],"curies":[{"name":"wp","href":"https:\/\/api.w.org\/{rel}","templated":true}]}}