{"id":21592,"date":"2025-06-06T11:28:58","date_gmt":"2025-06-06T14:28:58","guid":{"rendered":"https:\/\/grandepremio.com\/br\/noticias\/capacete-foi-arremessado-narrador-formula-1-ecoa-informacao-sobre-revolta-lance-stroll\/"},"modified":"2025-06-06T13:24:44","modified_gmt":"2025-06-06T16:24:44","slug":"capacete-foi-arremessado-narrador-formula-1-ecoa-informacao-sobre-revolta-lance-stroll","status":"publish","type":"post","link":"https:\/\/grandepremio.com\/br\/f1\/capacete-foi-arremessado-narrador-formula-1-ecoa-informacao-sobre-revolta-lance-stroll\/","title":{"rendered":"&#8220;Capacete foi arremessado&#8221;: Narrador da F1 ecoa informa\u00e7\u00e3o sobre revolta de Stroll"},"content":{"rendered":"\n<p class=\"wp-block-paragraph\">Um dos assuntos mais quentes da <strong>F\u00f3rmula 1<\/strong> ap\u00f3s o <strong><a href=\"https:\/\/www.grandepremio.com\/br\/f1\/noticias\/oscar-piastri-comanda-1-2-soberano-mclaren-vence-tatico-gp-espanha-gabriel-bortoleto-12o\/\">GP da Espanha<\/a><\/strong> foi toda a situa\u00e7\u00e3o envolvendo <strong>Lance Stroll<\/strong>. <strong><a href=\"https:\/\/www.grandepremio.com\/br\/f1\/noticias\/lance-stroll-sente-dores-mao-e-punho-fica-fora-gp-espanha\/\">Impedido de correr no domingo<\/a><\/strong> por conta da necessidade de uma interven\u00e7\u00e3o cir\u00fargica na m\u00e3o, entrou no olho do furac\u00e3o posteriormente. Isso, porque as informa\u00e7\u00f5es que circularam em <strong>Barcelona<\/strong> deram conta de que o piloto foi <strong><a href=\"https:\/\/www.grandepremio.com\/br\/f1\/noticias\/xingamentos-destruicao-lance-stroll-explosao-raiva-apos-queda-q2-espanha\/\">protagonista de um ataque de f\u00faria<\/a><\/strong> ap\u00f3s ser <strong><a href=\"https:\/\/www.grandepremio.com\/br\/f1\/noticias\/oscar-piastri-sobra-mclaren-conquista-pole-position-gp-espanha-gabriel-bortoleto-12o\/\">eliminado no Q2 da classifica\u00e7\u00e3o do s\u00e1bado<\/a><\/strong>. E tem mais gente tratando do assunto.<\/p>\n\n\n\n<p class=\"wp-block-paragraph\"><strong>David Croft<\/strong>, narrador oficial das transmiss\u00f5es da F1 na emissora inglesa <em>Sky Sports<\/em>, adicionou \u00e0quilo que a <em>BBC<\/em> reportou ap\u00f3s o fim de semana. O importante \u00e9 que se tratou de mais uma pessoa no paddock que recebeu a informa\u00e7\u00e3o sobre a revolta.<\/p>\n\n\n\n<p class=\"wp-block-paragraph\">&#8220;Escutei que um capacete foi arremessado&#8221; afirmou. &#8220;E com tanta for\u00e7a que talvez tenha danificado a parede. Al\u00e9m de, aparentemente, muita gritaria e xingamento&#8221;, disse.<\/p>\n\n\n\n<p class=\"wp-block-paragraph\">Al\u00e9m disso, Croft rejeitou a justificativa oficial da aus\u00eancia de Stroll na corrida por quest\u00e3o m\u00e9dica, que, segundo a <strong>Aston Martin<\/strong>, vinha sob monitoramento no \u00faltimo m\u00eas e meio. At\u00e9 questionou a n\u00e3o entrada de <strong>Felipe Drugovich<\/strong> no carro antes da tomada de tempos.<\/p>\n\n\n\n<figure class=\"wp-block-image size-large\"><img decoding=\"async\" src=\"https:\/\/www.grandepremio.com\/br\/wp-content\/uploads\/2025\/05\/espanha-2025-f1-treinos-livres-aston-martin-lance-stroll-01-2-1200x800.jpg\" alt=\"\" class=\"wp-image-975688\"\/><figcaption class=\"wp-element-caption\">Lance Stroll no olho do furac\u00e3o (Foto: Aston Martin)<\/figcaption><\/figure>\n\n\n\n<p class=\"wp-block-paragraph\">&#8220;Se eles realmente monitoraram o problema por tanto tempo, ent\u00e3o seria a melhor decis\u00e3o para a equipe nem colocar Lance no carro para a classifica\u00e7\u00e3o. Se era realmente t\u00e3o s\u00e9rio que ele n\u00e3o estivesse pronto para a corrida, poderiam ter colocado Felipe Drugovich no carro antes da classifica\u00e7\u00e3o&#8221;, opinou.<\/p>\n\n\n\n<p class=\"wp-block-paragraph\">&#8220;E, ent\u00e3o, Lance termina o Q1 em s\u00e9timo. Fica \u00f3bvio que \u00e9 capaz de ter bom desempenho de vez em quando&#8221;, falou.<\/p>\n\n\n\n<p class=\"wp-block-paragraph\">&#8220;Sabe-se que Lance j\u00e1 esmurrou paredes antes, mas apenas divis\u00f3rias que n\u00e3o o machucaram. Se aconteceu como me disseram, Krack [Mike Krack, diretor de opera\u00e7\u00f5es de pista da Aston Martin] n\u00e3o toleraria isso em sua garagem sob quaisquer circunst\u00e2ncias&#8221;, finalizou.<\/p>\n\n\n\n<p class=\"wp-block-paragraph\">A&nbsp;<strong><a href=\"https:\/\/www.grandepremio.com\/br\/f1\/\" target=\"_blank\" rel=\"noreferrer noopener\"><\/a><a href=\"https:\/\/www.grandepremio.com\/br\/f1\/\" target=\"_blank\" rel=\"noreferrer noopener\">F\u00f3rmula 1<\/a><\/strong>&nbsp;volta de&nbsp;<strong>13 a 15 de junho<\/strong>&nbsp;no&nbsp;<strong>Canad\u00e1<\/strong>, d\u00e9cima etapa da&nbsp;<strong>temporada 2025<\/strong>.<\/p>\n\n\n\n<p class=\"wp-block-paragraph\"><strong>\u25b6\ufe0f<\/strong>\u00a0<strong>Inscreva-se nos dois canais do GRANDE PR\u00caMIO no YouTube:\u00a0<a href=\"https:\/\/www.youtube.com\/channel\/UC9OlHEgxoaY6QY6nWPoiqQg?sub_confirmation=1\" target=\"_blank\" rel=\"noreferrer noopener\">GP<\/a>\u00a0|\u00a0<a href=\"https:\/\/www.youtube.com\/channel\/UC9csiS6q_C3C0FYhyr1rnFA?sub_confirmation=1\" target=\"_blank\" rel=\"noreferrer noopener\">GP2<\/a><\/strong><br><strong>\u25b6\ufe0f<\/strong>\u00a0<strong>LEIA TAMB\u00c9M:\u00a0<a href=\"https:\/\/www.grandepremio.com\/br\/f1\/noticias\/prazo-franco-colapinto-f1-expoe-crueldade-liga-alerta-contratos-curto-prazo\/\">Prazo para Colapinto na F1 exp\u00f5e crueldade e liga alerta sobre contratos curtos<\/a><\/strong><\/p>\n\n\n\n<figure class=\"wp-block-embed is-type-video is-provider-youtube wp-block-embed-youtube wp-embed-aspect-16-9 wp-has-aspect-ratio\"><div class=\"wp-block-embed__wrapper\">\n<iframe loading=\"lazy\" title=\"TRAG\u00c9DIA DA RED BULL: ASAS DO DESESPERO, REVOLTA DE VERSTAPPEN E TSUNODA AMEA\u00c7ADO | TTGP #182\" width=\"500\" height=\"281\" src=\"https:\/\/www.youtube.com\/embed\/NWJ3eGm0Xro?feature=oembed\" frameborder=\"0\" allow=\"accelerometer; autoplay; clipboard-write; encrypted-media; gyroscope; picture-in-picture; web-share\" referrerpolicy=\"strict-origin-when-cross-origin\" allowfullscreen><\/iframe>\n<\/div><figcaption class=\"wp-element-caption\">TRAG\u00c9DIA DA RED BULL: ASAS DO DESESPERO, REVOLTA DE VERSTAPPEN E TSUNODA AMEA\u00c7ADO | TTGP #182<\/figcaption><\/figure>\n","protected":false},"excerpt":{"rendered":"<p>David Croft, narrador oficial das transmiss\u00f5es da F1 na Gr\u00e3-Bretanha, afirmou que recebeu a informa\u00e7\u00e3o da revolta de Lance Stroll na Espanha com direito a capacete arremessado e tudo mais<\/p>\n","protected":false},"author":0,"featured_media":1000956193,"comment_status":"closed","ping_status":"closed","sticky":false,"template":"","format":"standard","meta":{"42wp_featured_image_caption":"","42wp_featured_image_credits":"","42wp_featured_video":"","42wp_featured_image_hidden":false,"42wp_authors_list":[],"footnotes":""},"categories":[2],"tags":[309,26000,5660,3630,642,176,39971,4688,996,35119,485,42808,36313,42605],"42wp_author":[47120],"class_list":["post-21592","post","type-post","status-publish","format-standard","has-post-thumbnail","hentry","category-f1","tag-aston-martin","tag-audiencia-da-tv","tag-classificacao","tag-f1-2025","tag-f1-ao-vivo","tag-fernando-alonso","tag-fim-de-semana-espanha","tag-gp-da-catalunha","tag-gp-da-espanha","tag-gp-de-barcelona","tag-lance-stroll","tag-stroll-2025","tag-stroll-f1","tag-stroll-formula-1","42wp_author-pedro-henrique-marum"],"_links":{"self":[{"href":"https:\/\/grandepremio.com\/br\/wp-json\/wp\/v2\/posts\/21592","targetHints":{"allow":["GET"]}}],"collection":[{"href":"https:\/\/grandepremio.com\/br\/wp-json\/wp\/v2\/posts"}],"about":[{"href":"https:\/\/grandepremio.com\/br\/wp-json\/wp\/v2\/types\/post"}],"replies":[{"embeddable":true,"href":"https:\/\/grandepremio.com\/br\/wp-json\/wp\/v2\/comments?post=21592"}],"version-history":[{"count":0,"href":"https:\/\/grandepremio.com\/br\/wp-json\/wp\/v2\/posts\/21592\/revisions"}],"wp:featuredmedia":[{"embeddable":true,"href":"https:\/\/grandepremio.com\/br\/wp-json\/wp\/v2\/media\/1000956193"}],"wp:attachment":[{"href":"https:\/\/grandepremio.com\/br\/wp-json\/wp\/v2\/media?parent=21592"}],"wp:term":[{"taxonomy":"category","embeddable":true,"href":"https:\/\/grandepremio.com\/br\/wp-json\/wp\/v2\/categories?post=21592"},{"taxonomy":"post_tag","embeddable":true,"href":"https:\/\/grandepremio.com\/br\/wp-json\/wp\/v2\/tags?post=21592"},{"taxonomy":"42wp_author","embeddable":true,"href":"https:\/\/grandepremio.com\/br\/wp-json\/wp\/v2\/42wp_author?post=21592"}],"curies":[{"name":"wp","href":"https:\/\/api.w.org\/{rel}","templated":true}]}}