{"id":21601,"date":"2025-06-06T09:09:07","date_gmt":"2025-06-06T12:09:07","guid":{"rendered":"https:\/\/grandepremio.com\/br\/noticias\/mercedes-admite-andrea-kimi-antonelli-ficou-abalado-sequencia-tres-provas-sem-pontos\/"},"modified":"2025-06-06T10:30:07","modified_gmt":"2025-06-06T13:30:07","slug":"mercedes-admite-andrea-kimi-antonelli-ficou-abalado-sequencia-tres-provas-sem-pontos","status":"publish","type":"post","link":"https:\/\/grandepremio.com\/br\/f1\/mercedes-admite-andrea-kimi-antonelli-ficou-abalado-sequencia-tres-provas-sem-pontos\/","title":{"rendered":"Mercedes admite que Antonelli \u201cficou abalado\u201d por sequ\u00eancia de tr\u00eas provas sem pontos"},"content":{"rendered":"\n<p class=\"wp-block-paragraph\"><strong>James Allison<\/strong>, diretor t\u00e9cnico da <strong>Mercedes<\/strong>, admitiu que as \u00faltimas tr\u00eas corridas deixaram <strong><a href=\"https:\/\/www.grandepremio.com\/br\/piloto\/andrea-kimi-antonelli\/\">Andrea Kimi Antonelli<\/a><\/strong> abalado. O italiano n\u00e3o conseguiu pontuar em nenhuma prova da rodada tripla e sofreu com falhas mec\u00e2nicas na <strong><a href=\"https:\/\/grandepremio.com\/es\/\">Espanha<\/a><\/strong> e em <strong><a href=\"https:\/\/www.grandepremio.com\/br\/circuito\/399739\/\">\u00cdmola<\/a><\/strong>, GP de casa, al\u00e9m de bater na classifica\u00e7\u00e3o em <strong><a href=\"https:\/\/www.grandepremio.com\/br\/circuito\/monaco\/\">M\u00f4naco<\/a><\/strong>.<\/p>\n\n\n\n<p class=\"wp-block-paragraph\">O piloto de 18 anos foi eliminado no Q2 na <strong>Em\u00edlia-Romanha<\/strong> e n\u00e3o conseguiu terminar a corrida devido a problemas no carro. Em <strong>Monte Carlo<\/strong>, ele bateu na sess\u00e3o classificat\u00f3ria, largou atr\u00e1s e ficou preso no meio do pelot\u00e3o. J\u00e1 em <strong><a href=\"https:\/\/grandepremio.com\/es\/\">Barcelona<\/a><\/strong>, o #12 estava na zona de pontua\u00e7\u00e3o at\u00e9 sofrer com uma falha na unidade de pot\u00eancia.\u00a0<\/p>\n\n\n\n<p class=\"wp-block-paragraph\">\u201cKimi \u00e9 jovem e cheio de todo o otimismo da juventude, mas sei perfeitamente que nossos fracassos nesse per\u00edodo o abalaram ao longo do caminho\u201d, iniciou Allison. &#8220;Dois abandonos, um causado por um problema de chassi e outro por uma falha no motor em apenas tr\u00eas corridas. \u00c9 dif\u00edcil para ele\u201d, seguiu.<\/p>\n\n\n\n<p class=\"wp-block-paragraph\">&#8220;Deixando isso de lado, e Kimi olhando para si mesmo, ele saber\u00e1 que tem mais a descobrir. Mas, em meio a isso, houve muito trabalho muito positivo e uma experi\u00eancia brilhante correndo em uma pista muito din\u00e2mica como a de Barcelona, com as temperaturas da pista chegando a 50 graus e gerenciando pneus macios nessas condi\u00e7\u00f5es. Isso est\u00e1 lhe dando experi\u00eancia em um ritmo muito r\u00e1pido, e ele estava lidando muito bem com isso&#8221;, salientou.<\/p>\n\n\n\n<figure class=\"wp-block-image size-large\"><img decoding=\"async\" src=\"https:\/\/www.grandepremio.com\/br\/wp-content\/uploads\/2025\/06\/espanha-2025-f1-corrida-mercedes-kimi-antonelli-02-1200x675.jpg\" alt=\"\" class=\"wp-image-976533\"\/><figcaption class=\"wp-element-caption\">Kimi Antonelli abandonou GP da Espanha (Foto: Reprodu\u00e7\u00e3o\/F1)<\/figcaption><\/figure>\n\n\n\n<p class=\"wp-block-paragraph\">O diretor t\u00e9cnico comentou que o problema na <a href=\"https:\/\/grandepremio.com\/es\/\">Espanha<\/a> pode resultar em problemas futuros para Antonelli. &#8220;Isso coloca um pouco de press\u00e3o sobre a equipe. Poder\u00edamos colocar uma nova unidade de pot\u00eancia na pr\u00f3xima corrida e n\u00e3o sofrer\u00edamos nenhuma penalidade, porque ainda estamos abaixo do n\u00famero m\u00e1ximo que \u00e9 permitido usar&#8221;, destacou.<\/p>\n\n\n\n<p class=\"wp-block-paragraph\">&#8220;Mas, \u00e9 claro, estamos apenas a cerca de um ter\u00e7o do ano, ent\u00e3o isso vai sobrecarregar bastante o restante da reserva se tivermos que nos esfor\u00e7ar at\u00e9 o final da temporada\u201d, afirmou.<\/p>\n\n\n\n<p class=\"wp-block-paragraph\">&#8220;Portanto, estaremos apenas analisando como mobilizar os recursos restantes de uma boa maneira. Mas, sim, obviamente n\u00e3o \u00e9 legal quando perdemos uma unidade de pot\u00eancia antes de cumprir a vida \u00fatil total&#8221;, pontuou.<\/p>\n\n\n\n<p class=\"wp-block-paragraph\">\u201cAcho que o mais importante dessas tr\u00eas corridas foi o fato de termos errado bastante nas duas primeiras no ajuste do carro. Exigimos demais do eixo traseiro e, como consequ\u00eancia, sofremos muito, e abordamos Barcelona com uma mentalidade diferente\u201d, admitiu.<\/p>\n\n\n\n<p class=\"wp-block-paragraph\">&#8220;E em uma pista que teria acabado com os nossos pneus se tiv\u00e9ssemos feito o mesmo que fizemos em \u00cdmola e M\u00f4naco, conseguimos andar melhor. Ent\u00e3o, olhando para o futuro e sabendo que podemos fazer mais disso e nos apoiar mais nisso nas pr\u00f3ximas corridas, acho que isso \u00e9 bom&#8221;, encerrou.<\/p>\n\n\n\n<p class=\"wp-block-paragraph\">Antonelli \u00e9 o s\u00e9timo no <strong>Mundial de Pilotos<\/strong>, com 48 pontos. Entre os <strong>Construtores<\/strong>, a Mercedes \u00e9 a terceira com 159.<\/p>\n\n\n\n<p class=\"wp-block-paragraph\">A&nbsp;<strong><a href=\"https:\/\/www.grandepremio.com\/br\/f1\/\" target=\"_blank\" rel=\"noreferrer noopener\"><\/a><a href=\"https:\/\/www.grandepremio.com\/br\/f1\/\" target=\"_blank\" rel=\"noreferrer noopener\">F\u00f3rmula 1<\/a><\/strong>&nbsp;volta de&nbsp;<strong>13 a 15 de junho<\/strong>&nbsp;no&nbsp;<strong>Canad\u00e1<\/strong>, d\u00e9cima etapa da&nbsp;<strong>temporada 2025<\/strong>.<\/p>\n\n\n\n<p class=\"wp-block-paragraph\">\u25b6\ufe0f\u00a0<strong>Inscreva-se nos dois canais do GRANDE PR\u00caMIO no YouTube:\u00a0<a href=\"https:\/\/www.youtube.com\/channel\/UC9OlHEgxoaY6QY6nWPoiqQg?sub_confirmation=1\" target=\"_blank\" rel=\"noreferrer noopener\">GP<\/a>\u00a0|\u00a0<a href=\"https:\/\/www.youtube.com\/channel\/UC9csiS6q_C3C0FYhyr1rnFA?sub_confirmation=1\" target=\"_blank\" rel=\"noreferrer noopener\">GP2<\/a><\/strong><\/p>\n\n\n\n<figure class=\"wp-block-embed is-type-video is-provider-youtube wp-block-embed-youtube wp-embed-aspect-16-9 wp-has-aspect-ratio\"><div class=\"wp-block-embed__wrapper\">\n<iframe loading=\"lazy\" title=\"TRAG\u00c9DIA DA RED BULL: ASAS DO DESESPERO, REVOLTA DE VERSTAPPEN E TSUNODA AMEA\u00c7ADO | TTGP #182\" width=\"500\" height=\"281\" src=\"https:\/\/www.youtube.com\/embed\/NWJ3eGm0Xro?feature=oembed\" frameborder=\"0\" allow=\"accelerometer; autoplay; clipboard-write; encrypted-media; gyroscope; picture-in-picture; web-share\" referrerpolicy=\"strict-origin-when-cross-origin\" allowfullscreen><\/iframe>\n<\/div><figcaption class=\"wp-element-caption\">TRAG\u00c9DIA DA RED BULL: ASAS DO DESESPERO, REVOLTA DE VERSTAPPEN E TSUNODA AMEA\u00c7ADO | TTGP\u00a0<a href=\"https:\/\/www.youtube.com\/hashtag\/182\">#182<\/a><\/figcaption><\/figure>\n\n\n\n<p class=\"wp-block-paragraph\"><a href=\"https:\/\/www.grandepremio.com\/br\/chefao\/\" target=\"_blank\" rel=\"noreferrer noopener\"><\/a><\/p>\n","protected":false},"excerpt":{"rendered":"<p>James Allison, diretor t\u00e9cnico da Mercedes, confessou que as \u00faltimas tr\u00eas corridas deixaram Andrea Kimi Antonelli abalado. Piloto de 18 anos n\u00e3o conseguiu marcar pontos na rodada tripla devido a uma s\u00e9rie de problemas<\/p>\n","protected":false},"author":0,"featured_media":1000952082,"comment_status":"closed","ping_status":"closed","sticky":false,"template":"","format":"standard","meta":{"42wp_featured_image_caption":"","42wp_featured_image_credits":"","42wp_featured_video":"","42wp_featured_image_hidden":false,"42wp_authors_list":[],"footnotes":""},"categories":[2],"tags":[27861,304,35136,26271,5273,43731,5148,147,3630,180,3628,25606,996,5100,1491,28285,30840,5386,2301,82,2140,35129,42001],"42wp_author":[47163],"class_list":["post-21601","post","type-post","status-publish","format-standard","has-post-thumbnail","hentry","category-f1","tag-andrea-kimi-antonelli","tag-barcelona","tag-barcelona-f1","tag-calendario-f1","tag-classificacao-f1","tag-espanha-2025","tag-espanha-f1","tag-f1","tag-f1-2025","tag-formula-1","tag-formula-1-2025","tag-gp-da-emilia-romanha","tag-gp-da-espanha","tag-gp-de-monaco","tag-grande-premio","tag-grandepremio","tag-horarios-f1","tag-imola","tag-james-allison","tag-mercedes","tag-monaco","tag-onde-assistir-f1","tag-temporada-2025-f1","42wp_author-caio-cavalcante"],"_links":{"self":[{"href":"https:\/\/grandepremio.com\/br\/wp-json\/wp\/v2\/posts\/21601","targetHints":{"allow":["GET"]}}],"collection":[{"href":"https:\/\/grandepremio.com\/br\/wp-json\/wp\/v2\/posts"}],"about":[{"href":"https:\/\/grandepremio.com\/br\/wp-json\/wp\/v2\/types\/post"}],"replies":[{"embeddable":true,"href":"https:\/\/grandepremio.com\/br\/wp-json\/wp\/v2\/comments?post=21601"}],"version-history":[{"count":0,"href":"https:\/\/grandepremio.com\/br\/wp-json\/wp\/v2\/posts\/21601\/revisions"}],"wp:featuredmedia":[{"embeddable":true,"href":"https:\/\/grandepremio.com\/br\/wp-json\/wp\/v2\/media\/1000952082"}],"wp:attachment":[{"href":"https:\/\/grandepremio.com\/br\/wp-json\/wp\/v2\/media?parent=21601"}],"wp:term":[{"taxonomy":"category","embeddable":true,"href":"https:\/\/grandepremio.com\/br\/wp-json\/wp\/v2\/categories?post=21601"},{"taxonomy":"post_tag","embeddable":true,"href":"https:\/\/grandepremio.com\/br\/wp-json\/wp\/v2\/tags?post=21601"},{"taxonomy":"42wp_author","embeddable":true,"href":"https:\/\/grandepremio.com\/br\/wp-json\/wp\/v2\/42wp_author?post=21601"}],"curies":[{"name":"wp","href":"https:\/\/api.w.org\/{rel}","templated":true}]}}