{"id":21664,"date":"2025-06-04T10:54:29","date_gmt":"2025-06-04T13:54:29","guid":{"rendered":"https:\/\/grandepremio.com\/br\/noticias\/preocupante-red-bull-admite-baque-apos-crer-virada-forcada-nova-asa-dianteira-formula-1\/"},"modified":"2025-06-04T16:46:47","modified_gmt":"2025-06-04T19:46:47","slug":"preocupante-red-bull-admite-baque-apos-crer-virada-forcada-nova-asa-dianteira-formula-1","status":"publish","type":"post","link":"https:\/\/grandepremio.com\/br\/f1\/preocupante-red-bull-admite-baque-apos-crer-virada-forcada-nova-asa-dianteira-formula-1\/","title":{"rendered":"&#8220;Preocupante&#8221;: Red Bull admite baque ap\u00f3s crer em virada for\u00e7ada por nova asa dianteira"},"content":{"rendered":"\n<p class=\"wp-block-paragraph\">Se as demais equipes do grid da <strong>F\u00f3rmula 1<\/strong> miraram o <strong><a href=\"https:\/\/www.grandepremio.com\/br\/f1\/noticias\/oscar-piastri-comanda-1-2-soberano-mclaren-vence-tatico-gp-espanha-gabriel-bortoleto-12o\/\">GP da Espanha<\/a><\/strong> e a entrada em vigor da nova regra de flexibilidade da asa dianteira como bala de prata da <strong>McLaren<\/strong>, viveram grave decep\u00e7\u00e3o. A situa\u00e7\u00e3o n\u00e3o foi alterada, e a McLaren partiu para mais uma confort\u00e1vel dobradinha. De acordo com a <strong>Red Bull<\/strong>, uma situa\u00e7\u00e3o &#8220;preocupante&#8221;.<\/p>\n\n\n\n<p class=\"wp-block-paragraph\">Foi o que afirmou <strong>Helmut Marko<\/strong>, consultor da equipe da marca de bebidas energ\u00e9ticas. Sem conter as informa\u00e7\u00f5es, deixou claro que havia, sim, uma ampla expectativa da parte da Red Bull que a ordem de for\u00e7as seria modificada com a diretiva das asas dianteiras.<\/p>\n\n\n\n<p class=\"wp-block-paragraph\">&#8220;O fim de semana inteiro foi preocupante&#8221;, admitiu. &#8220;Est\u00e1vamos torcendo para que a nova regra, com as asas dianteiras sendo testadas com apenas 10\u00b0 de flexibilidade, traria melhora consider\u00e1vel&#8221;, falou ao canal austr\u00edaco <em>Servus TV<\/em>, de propriedade da Red Bull.<\/p>\n\n\n\n<p class=\"wp-block-paragraph\">&#8220;Mas, essencialmente, nosso carro \u00e9 lento demais. Est\u00e1vamos 0s3 atr\u00e1s, que \u00e9 exatamente como est\u00e1vamos no come\u00e7o da temporada. Isso significa que tudo que trouxemos nesse per\u00edodo, n\u00e3o mudou a situa\u00e7\u00e3o, ou a McLaren continua o desenvolvimento dela. E melhor que o nosso&#8221;, lamentou.<\/p>\n\n\n\n<figure class=\"wp-block-image size-large\"><img decoding=\"async\" src=\"https:\/\/www.grandepremio.com\/br\/wp-content\/uploads\/2024\/03\/SI202311260023-1024x742.jpg\" alt=\"\" class=\"wp-image-789432\"\/><figcaption class=\"wp-element-caption\">Max Verstappen e Helmut Marko (Foto: Red Bull Content Pool)<\/figcaption><\/figure>\n\n\n\n<p class=\"wp-block-paragraph\">&#8220;Achamos que estar\u00edamos em p\u00e9 de igualdade. Portanto, todo o fim de semana foi decepcionante para <strong>Max [Verstappen]<\/strong> \u2014 e para todos n\u00f3s, na realidade \u2014 porque vimos que a McLaren \u00e9 claramente superior&#8221;, continuou.<\/p>\n\n\n\n<p class=\"wp-block-paragraph\">O que Marko deixa claro \u00e9 que a Red Bull entende perfeitamente que, com o carro do momento, o pentacampeonato de Verstappen em 2025 \u00e9 praticamente imposs\u00edvel. \u00c9 preciso tirar constantemente aquilo que o RB21 mostrou em raros momentos que \u00e9 capaz de fazer.<\/p>\n\n\n\n<p class=\"wp-block-paragraph\">&#8220;Tenho de admitir abertamente. Max ainda est\u00e1 levando a situa\u00e7\u00e3o ao limite com cada volta, \u00e9 o \u00fanico jeito. D\u00e1 para ver que <strong>Yuki [Tsunoda]<\/strong> est\u00e1 com dificuldades, bem como todos os companheiros de equipe que j\u00e1 teve. S\u00f3 Max pode realmente se entender com esse carro&#8221;, afirmou.<\/p>\n\n\n\n<p class=\"wp-block-paragraph\">&#8220;Nosso carro tem uma janela operacional. Quando tudo est\u00e1 certo, somos t\u00e3o r\u00e1pidos quanto a McLaren. O problema \u00e9 que isso s\u00f3 acontece a cada tr\u00eas ou quaro corridas. A McLaren \u00e9 sempre competitiva. Se n\u00e3o resolvermos r\u00e1pido os nossos problemas, a diferen\u00e7a se tornar\u00e1 uma quest\u00e3o grave. S\u00e3o 49 pontos, algo semelhante ao que tivemos de desvantagem com <strong>Sebastian [Vettel]<\/strong> em 2013 <em>[Fernando Alonso teve apenas 21 pontos de vantagem para Vettel]<\/em>, e conseguimos dar a volta por cima. N\u00e3o estamos desistindo ainda, mas ser\u00e1 dif\u00edcil&#8221;, finalizou.<\/p>\n\n\n\n<p class=\"wp-block-paragraph\">A&nbsp;<strong><a href=\"https:\/\/www.grandepremio.com\/br\/f1\/\" target=\"_blank\" rel=\"noreferrer noopener\"><\/a><a href=\"https:\/\/www.grandepremio.com\/br\/f1\/\" target=\"_blank\" rel=\"noreferrer noopener\">F\u00f3rmula 1<\/a><\/strong>&nbsp;volta de&nbsp;<strong>13 a 15 de junho<\/strong>&nbsp;no&nbsp;<strong>Canad\u00e1<\/strong>, d\u00e9cima etapa da&nbsp;<strong>temporada 2025<\/strong>.<\/p>\n\n\n\n<figure class=\"wp-block-embed is-type-video is-provider-youtube wp-block-embed-youtube wp-embed-aspect-16-9 wp-has-aspect-ratio\"><div class=\"wp-block-embed__wrapper\">\n<iframe loading=\"lazy\" title=\"DRUGOVICH ACERTARIA AO TROCAR LE MANS POR F1? E HAMILTON PEDE DESCULPAS | Paddock Sprint\" width=\"500\" height=\"281\" src=\"https:\/\/www.youtube.com\/embed\/Lwpqb-vaDDM?feature=oembed\" frameborder=\"0\" allow=\"accelerometer; autoplay; clipboard-write; encrypted-media; gyroscope; picture-in-picture; web-share\" referrerpolicy=\"strict-origin-when-cross-origin\" allowfullscreen><\/iframe>\n<\/div><figcaption class=\"wp-element-caption\">DRUGOVICH ACERTARIA AO TROCAR LE MANS POR F1? E HAMILTON PEDE DESCULPAS | Paddock Sprint<\/figcaption><\/figure>\n\n\n\n<p class=\"wp-block-paragraph\">\u25b6\ufe0f\u00a0<strong>Inscreva-se nos dois canais do GRANDE PR\u00caMIO no YouTube:\u00a0<a href=\"https:\/\/www.youtube.com\/channel\/UC9OlHEgxoaY6QY6nWPoiqQg?sub_confirmation=1\" target=\"_blank\" rel=\"noreferrer noopener\">GP<\/a>\u00a0|\u00a0<a href=\"https:\/\/www.youtube.com\/channel\/UC9csiS6q_C3C0FYhyr1rnFA?sub_confirmation=1\" target=\"_blank\" rel=\"noreferrer noopener\">GP2<\/a><\/strong><br>\u25b6\ufe0f\u00a0<strong>LEIA TAMB\u00c9M:\u00a0<a href=\"https:\/\/www.grandepremio.com\/br\/f1\/noticias\/felipe-drugovich-stoffel-vandoorne-valtteri-bottas-quem-pode-substituir-lance-stroll-gp-do-canada\/\">Drugovich, Vandoorne e at\u00e9 Bottas: quem pode substituir Stroll no GP do Canad\u00e1<\/a><\/strong><\/p>\n","protected":false},"excerpt":{"rendered":"<p>Helmut Marko, consultor da Red Bull, deixou claro que a equipe sofreu um rev\u00e9s importante na Espanha, uma vez que esperava ver for\u00e7as mais equilibradas ap\u00f3s entrada em vigor da nova regra de flexibilidade das asas dianteiras<\/p>\n","protected":false},"author":0,"featured_media":1000975907,"comment_status":"closed","ping_status":"closed","sticky":false,"template":"","format":"standard","meta":{"42wp_featured_image_caption":"","42wp_featured_image_credits":"","42wp_featured_video":"","42wp_featured_image_hidden":false,"42wp_authors_list":[],"footnotes":""},"categories":[2],"tags":[26000,5660,3630,642,39971,4688,996,35119,203,204,42188,27332,27716,42812,38321,39049,42692,27383,37936,597],"42wp_author":[47120],"class_list":["post-21664","post","type-post","status-publish","format-standard","has-post-thumbnail","hentry","category-f1","tag-audiencia-da-tv","tag-classificacao","tag-f1-2025","tag-f1-ao-vivo","tag-fim-de-semana-espanha","tag-gp-da-catalunha","tag-gp-da-espanha","tag-gp-de-barcelona","tag-max-verstappen","tag-red-bull","tag-red-bull-2025","tag-red-bull-f1","tag-red-bull-formula-1","tag-tsunoda-2025","tag-tsunoda-f1","tag-tsunoda-formula-1","tag-verstappen-2025","tag-verstappen-f1","tag-verstappen-formula-1","tag-yuki-tsunoda","42wp_author-pedro-henrique-marum"],"_links":{"self":[{"href":"https:\/\/grandepremio.com\/br\/wp-json\/wp\/v2\/posts\/21664","targetHints":{"allow":["GET"]}}],"collection":[{"href":"https:\/\/grandepremio.com\/br\/wp-json\/wp\/v2\/posts"}],"about":[{"href":"https:\/\/grandepremio.com\/br\/wp-json\/wp\/v2\/types\/post"}],"replies":[{"embeddable":true,"href":"https:\/\/grandepremio.com\/br\/wp-json\/wp\/v2\/comments?post=21664"}],"version-history":[{"count":0,"href":"https:\/\/grandepremio.com\/br\/wp-json\/wp\/v2\/posts\/21664\/revisions"}],"wp:featuredmedia":[{"embeddable":true,"href":"https:\/\/grandepremio.com\/br\/wp-json\/wp\/v2\/media\/1000975907"}],"wp:attachment":[{"href":"https:\/\/grandepremio.com\/br\/wp-json\/wp\/v2\/media?parent=21664"}],"wp:term":[{"taxonomy":"category","embeddable":true,"href":"https:\/\/grandepremio.com\/br\/wp-json\/wp\/v2\/categories?post=21664"},{"taxonomy":"post_tag","embeddable":true,"href":"https:\/\/grandepremio.com\/br\/wp-json\/wp\/v2\/tags?post=21664"},{"taxonomy":"42wp_author","embeddable":true,"href":"https:\/\/grandepremio.com\/br\/wp-json\/wp\/v2\/42wp_author?post=21664"}],"curies":[{"name":"wp","href":"https:\/\/api.w.org\/{rel}","templated":true}]}}