{"id":21681,"date":"2025-06-04T04:15:00","date_gmt":"2025-06-04T07:15:00","guid":{"rendered":"https:\/\/grandepremio.com\/br\/noticias\/richard-verschoor-briga-titulo-f2-podio-duplo-espanha-somos-fortes\/"},"modified":"2025-06-03T18:30:00","modified_gmt":"2025-06-03T21:30:00","slug":"richard-verschoor-briga-titulo-f2-podio-duplo-espanha-somos-fortes","status":"publish","type":"post","link":"https:\/\/grandepremio.com\/br\/f2\/richard-verschoor-briga-titulo-f2-podio-duplo-espanha-somos-fortes\/","title":{"rendered":"Verschoor se v\u00ea na briga por t\u00edtulo da F2 ap\u00f3s p\u00f3dio duplo na Espanha: &#8220;Somos fortes&#8221;"},"content":{"rendered":"\n<p class=\"wp-block-paragraph\">O p\u00f3dio duplo na <strong>rodada da Espanha<\/strong>, com direito<a href=\"https:\/\/www.grandepremio.com\/br\/f2\/noticias\/richard-verschoor-arrisca-pneus-macios-fim-vence-sprint-f2-espanha-alexander-dunne-termina-2o\/\"> a vit\u00f3ria na <strong>corrida sprint<\/strong><\/a>, deixou<strong> Richard Verschoor<\/strong> confiante de que a disputa do t\u00edtulo da <strong>F\u00f3rmula 2<\/strong> ainda est\u00e1 totalmente aberta. Ele ressaltou a consist\u00eancia da <strong>MP<\/strong>, afirmando que a equipe entregou a ele um carro bom &#8220;95% das vezes&#8221; este ano.<\/p>\n\n\n\n<p class=\"wp-block-paragraph\">Na prova curta da etapa em <strong>Barcelona<\/strong>, Verschoor acertou ao arriscar os pneus macios quando o safety-car entrou nas voltas finais. Foram v\u00e1rias ultrapassagens at\u00e9 chegar \u00e0 lideran\u00e7a. Depois, na corrida de domingo, mais uma vez conseguiu gerir bem os pneus at\u00e9 a bandeirada, terminando em terceiro.<\/p>\n\n\n\n<p class=\"wp-block-paragraph\">Durante a coletiva de imprensa p\u00f3s-corrida, Richard contou que teve uma longa reuni\u00e3o com a <strong>MP <\/strong>depois da sprint, j\u00e1 que teve problemas na largada. Quer\u00edamos ter certeza de que tudo correria bem hoje [domingo], e estou feliz por termos nos esfor\u00e7ado para conseguir uma \u00f3tima largada.&#8221;<\/p>\n\n\n\n<p class=\"wp-block-paragraph\">&#8220;Isso acabou me rendendo o p\u00f3dio, ent\u00e3o estou feliz com o trabalho da equipe. O ritmo depois disso foi forte, mas fiquei logo atr\u00e1s do Seb [<strong>Montoya<\/strong>] o tempo todo. Mesmo assim, acho que fizemos uma corrida muito forte&#8221;, salientou.<\/p>\n\n\n\n<figure class=\"wp-block-image size-full\"><img decoding=\"async\" src=\"https:\/\/www.grandepremio.com\/br\/wp-content\/uploads\/2025\/06\/Montoya-Lindblad-e-Verschoor-F2-2025-Espanha-1.jpg\" alt=\"\" class=\"wp-image-976980\"\/><figcaption class=\"wp-element-caption\">O p\u00f3dio da corrida 2 na Espanha (Foto: F2)<\/figcaption><\/figure>\n\n\n\n<p class=\"wp-block-paragraph\">&#8220;Foi definitivamente uma das corridas mais dif\u00edceis que j\u00e1 fiz. Estava tentando usar o DRS para <strong>Jak <\/strong>[<strong>Crawford<\/strong>] n\u00e3o me ultrapassar. N\u00e3o tenho certeza se ele teria conseguido mesmo sem o safety-car, porque os pneus dele estavam se acabando, especialmente quando come\u00e7a a perseguir um carro \u00e0 frente. Mas nunca saberemos. Estou feliz por ter conquistado o lugar, foi uma disputa acirrada. N\u00e3o posso mentir e dizer que n\u00e3o fiquei animado quando vi o safety-car entrar&#8221;, completou.<\/p>\n\n\n\n<p class=\"wp-block-paragraph\">Por fim, Verschoor garantiu que a sensa\u00e7\u00e3o \u00e9 de estar na briga pelo t\u00edtulo, pois a MP tem sido &#8220;muito forte e consistente&#8221; na temporada. &#8220;Sinto que temos sido assim o ano todo.&#8221;<\/p>\n\n\n\n<p class=\"wp-block-paragraph\">&#8220;A equipe me deu um bom carro 95% das vezes, e quando isso n\u00e3o aconteceu, conseguimos reverter a situa\u00e7\u00e3o. Acho que isso \u00e9 muito importante neste campeonato. A \u00c1ustria \u00e9 uma pista muito boa para mim e tive resultados muito bons, h\u00e1 muitos f\u00e3s holandeses, como sempre, e a MP fez a pole no ano passado, ent\u00e3o acho que temos todos os ingredientes para fazer um bom trabalho l\u00e1&#8221;, encerrou.<\/p>\n\n\n\n<p class=\"wp-block-paragraph\">A\u00a0<strong><a href=\"https:\/\/www.grandepremio.com\/br\/f2\/\" target=\"_blank\" rel=\"noreferrer noopener\"><\/a><a href=\"https:\/\/www.grandepremio.com\/br\/f2\/\" target=\"_blank\" rel=\"noreferrer noopener\">F\u00f3rmula 2<\/a><\/strong>\u00a0volta de\u00a0<strong>27 a 29 de junho<\/strong>\u00a0na\u00a0<strong>rodada da \u00c1ustria<\/strong>, s\u00e9tima da\u00a0<strong>temporada 2025<\/strong>. O\u00a0<strong>GRANDE PR\u00caMIO\u00a0<\/strong>acompanha todas as atividades.<\/p>\n\n\n\n<p class=\"wp-block-paragraph\"><strong>\u25b6\ufe0f<\/strong> <strong>Inscreva-se nos dois canais do GRANDE PR\u00caMIO no YouTube:\u00a0<a href=\"https:\/\/www.youtube.com\/channel\/UC9OlHEgxoaY6QY6nWPoiqQg?sub_confirmation=1\" target=\"_blank\" rel=\"noreferrer noopener\">GP<\/a>\u00a0|\u00a0<a href=\"https:\/\/www.youtube.com\/channel\/UC9csiS6q_C3C0FYhyr1rnFA?sub_confirmation=1\" target=\"_blank\" rel=\"noreferrer noopener\">GP2<\/a><\/strong><\/p>\n\n\n\n<figure class=\"wp-block-embed is-type-video is-provider-youtube wp-block-embed-youtube wp-embed-aspect-16-9 wp-has-aspect-ratio\"><div class=\"wp-block-embed__wrapper\">\n<iframe loading=\"lazy\" title=\"VERSTAPPEN SURTA NA ESPANHA E DRUGOVICH CORRE NO CANAD\u00c1? | Paddock GP #418\" width=\"500\" height=\"281\" src=\"https:\/\/www.youtube.com\/embed\/hBONaM4bw0Y?feature=oembed\" frameborder=\"0\" allow=\"accelerometer; autoplay; clipboard-write; encrypted-media; gyroscope; picture-in-picture; web-share\" referrerpolicy=\"strict-origin-when-cross-origin\" allowfullscreen><\/iframe>\n<\/div><\/figure>\n","protected":false},"excerpt":{"rendered":"<p>Richard Verschoor venceu a sprint gra\u00e7as \u00e0 estrat\u00e9gia de pneus e foi terceiro colocado na corrida 2 da rodada da Espanha. Ele \u00e9 o vice-l\u00edder da F2, com 84 pontos<\/p>\n","protected":false},"author":0,"featured_media":1000894649,"comment_status":"closed","ping_status":"closed","sticky":false,"template":"","format":"standard","meta":{"42wp_featured_image_caption":"","42wp_featured_image_credits":"","42wp_featured_video":"","42wp_featured_image_hidden":false,"42wp_authors_list":[],"footnotes":""},"categories":[9],"tags":[304,29654,30246,1877,111,41547,2208,41881,1491,28285,35029,4606,35030,2261,14837,41882],"42wp_author":[47147],"class_list":["post-21681","post","type-post","status-publish","format-standard","has-post-thumbnail","hentry","category-f2","tag-barcelona","tag-calendario-f2","tag-classificacao-f2","tag-espanha","tag-f2","tag-f2-2025","tag-formula-2","tag-formula-2-2025","tag-grande-premio","tag-grandepremio","tag-horarios-f2","tag-mp","tag-onde-assistir-f2","tag-richard-verschoor","tag-rodada-da-espanha","tag-temporada-2025-f2","42wp_author-luana-marino"],"_links":{"self":[{"href":"https:\/\/grandepremio.com\/br\/wp-json\/wp\/v2\/posts\/21681","targetHints":{"allow":["GET"]}}],"collection":[{"href":"https:\/\/grandepremio.com\/br\/wp-json\/wp\/v2\/posts"}],"about":[{"href":"https:\/\/grandepremio.com\/br\/wp-json\/wp\/v2\/types\/post"}],"replies":[{"embeddable":true,"href":"https:\/\/grandepremio.com\/br\/wp-json\/wp\/v2\/comments?post=21681"}],"version-history":[{"count":0,"href":"https:\/\/grandepremio.com\/br\/wp-json\/wp\/v2\/posts\/21681\/revisions"}],"wp:featuredmedia":[{"embeddable":true,"href":"https:\/\/grandepremio.com\/br\/wp-json\/wp\/v2\/media\/1000894649"}],"wp:attachment":[{"href":"https:\/\/grandepremio.com\/br\/wp-json\/wp\/v2\/media?parent=21681"}],"wp:term":[{"taxonomy":"category","embeddable":true,"href":"https:\/\/grandepremio.com\/br\/wp-json\/wp\/v2\/categories?post=21681"},{"taxonomy":"post_tag","embeddable":true,"href":"https:\/\/grandepremio.com\/br\/wp-json\/wp\/v2\/tags?post=21681"},{"taxonomy":"42wp_author","embeddable":true,"href":"https:\/\/grandepremio.com\/br\/wp-json\/wp\/v2\/42wp_author?post=21681"}],"curies":[{"name":"wp","href":"https:\/\/api.w.org\/{rel}","templated":true}]}}