{"id":21710,"date":"2025-06-03T08:20:21","date_gmt":"2025-06-03T11:20:21","guid":{"rendered":"https:\/\/grandepremio.com\/br\/noticias\/felipe-drugovich-stoffel-vandoorne-valtteri-bottas-quem-pode-substituir-lance-stroll-gp-do-canada\/"},"modified":"2025-06-04T12:23:48","modified_gmt":"2025-06-04T15:23:48","slug":"felipe-drugovich-stoffel-vandoorne-valtteri-bottas-quem-pode-substituir-lance-stroll-gp-do-canada","status":"publish","type":"post","link":"https:\/\/grandepremio.com\/br\/f1\/felipe-drugovich-stoffel-vandoorne-valtteri-bottas-quem-pode-substituir-lance-stroll-gp-do-canada\/","title":{"rendered":"Drugovich, Vandoorne e at\u00e9 Bottas: quem pode substituir Stroll no GP do Canad\u00e1"},"content":{"rendered":"\n<p class=\"wp-block-paragraph\"><strong>Lance Stroll<\/strong> voltou a sentir dores na m\u00e3o e no pulso no \u00faltimo fim de semana e desfalcou a <strong>Aston Martin<\/strong> durante o fim de semana do <strong>GP da Espanha<\/strong>. A situa\u00e7\u00e3o n\u00e3o \u00e9 das mais simples e a pr\u00f3pria equipe <a href=\"https:\/\/www.grandepremio.com\/br\/f1\/noticias\/lance-stroll-sente-dores-mao-e-punho-fica-fora-gp-espanha\/\">confirmou que ele ter\u00e1 de passar por um novo procedimento para corrigir esses problemas<\/a> antes de focar na recupera\u00e7\u00e3o. Ainda n\u00e3o h\u00e1 uma resposta se o #18 estar\u00e1 apto a disputar o <strong>GP do Canad\u00e1<\/strong> e, por isso, alguns nomes, como os reservas <strong>Felipe Drugovich, Stoffel Vandoorne<\/strong> e at\u00e9 <strong>Valtteri Bottas<\/strong> surgem como potenciais candidatos.<\/p>\n\n\n\n<p class=\"wp-block-paragraph\">Por serem pilotos reservas da <strong>Aston Martin<\/strong>, os favoritos a assumirem o carro no caso da aus\u00eancia de <strong>Stroll <\/strong>seriam <strong>Drugovich <\/strong>\u2014 que j\u00e1 participou do <strong>TL1<\/strong> no<strong> GP do Bahrein<\/strong> deste ano \u2014 e <strong>Vandoorne<\/strong>, que al\u00e9m de j\u00e1 ter experi\u00eancia como titular na <strong>F1<\/strong>, tamb\u00e9m faz trabalhos no simulador junto da equipe.<\/p>\n\n\n\n<p class=\"wp-block-paragraph\">O problema, no entanto, \u00e9 que tanto <strong>Drugovich <\/strong>quanto <strong>Vandoorne <\/strong>est\u00e3o escalados para disputar as <strong>24H de Le Mans<\/strong>, que acontece no mesmo fim de semana do dia 15 de junho, mesma data do <strong>GP do Canad\u00e1<\/strong>. O brasileiro j\u00e1 foi confirmado pela <strong>Cadillac <\/strong>no carro #303 ao lado de <strong>Jack Aitken <\/strong>e <strong>Frederik Vesti<\/strong>, enquanto o belga guia o b\u00f3lido #94 da <strong>Peugeot <\/strong>com <strong>Loic Duval<\/strong> e <strong>Malthe Jakobsen<\/strong>.<\/p>\n\n\n\n<p class=\"wp-block-paragraph\"><strong>Drugovich<\/strong>, no entanto, ainda sonha com a <strong>F1 <\/strong>e j\u00e1 deixou claro algumas vezes que o foco est\u00e1 na principal categoria do automobilismo. Inclusive, ap\u00f3s saber da situa\u00e7\u00e3o de <strong>Stroll<\/strong>, o brasileiro deixou claro que <a href=\"https:\/\/www.grandepremio.com\/br\/f1\/noticias\/felipe-drugovich-cogita-desistir-le-mans-chance-substituir-lance-stroll-canada\/\">est\u00e1 disposto a desistir das <strong>24H de Le Mans<\/strong><\/a> caso surja a oportunidade na <strong>Aston Martin<\/strong>.<\/p>\n\n\n\n<figure class=\"wp-block-image size-large\"><img decoding=\"async\" src=\"https:\/\/www.grandepremio.com\/br\/wp-content\/uploads\/2025\/05\/espanha-2025-f1-treinos-livres-aston-martin-lance-stroll-01-2-1200x800.jpg\" alt=\"\" class=\"wp-image-975688\"\/><figcaption class=\"wp-element-caption\">Lance Stroll voltou a sentir dores na m\u00e3o e no pulso (Foto: Aston Martin)<\/figcaption><\/figure>\n\n\n\n<p class=\"wp-block-paragraph\">Por\u00e9m, tamb\u00e9m existe uma terceira via para eventualmente substituir <strong>Stroll <\/strong>no <strong>Canad\u00e1<\/strong>. A <strong>Aston Martin<\/strong> \u00e9 cliente da <strong>Mercedes <\/strong>na <strong>F1 <\/strong>e, de acordo com a vers\u00e3o americana da <strong>ESPN<\/strong>, <strong>Valtteri Bottas <\/strong>pode ser um concorrente de <strong>Drugovich <\/strong>e <strong>Vandoorne<\/strong>, uma que vez est\u00e1 como reserva da equipe alem\u00e3 e pode ser uma op\u00e7\u00e3o do time brit\u00e2nico.<\/p>\n\n\n\n<p class=\"wp-block-paragraph\">O <strong>GRANDE PR\u00caMIO<\/strong> procurou a <strong>Mercedes, <\/strong>que afirmou que n\u00e3o faz coment\u00e1rios sobre especula\u00e7\u00f5es.<\/p>\n\n\n\n<p class=\"wp-block-paragraph\">&#8220;Sempre h\u00e1 muita especula\u00e7\u00e3o sobre cen\u00e1rios hipot\u00e9ticos na F\u00f3rmula 1. N\u00e3o fazemos coment\u00e1rios cont\u00ednuos sobre essas possibilidades, pois \u00e9 uma tarefa intermin\u00e1vel. Se tivermos algo para compartilhar, faremos isso, mas, at\u00e9 l\u00e1, preferimos n\u00e3o ser pegos comentando cen\u00e1rios especulativos na m\u00eddia&#8221;, revelou a equipe.<\/p>\n\n\n\n<p class=\"wp-block-paragraph\">Ao <strong>GP<\/strong>, a <strong>Aston Martin <\/strong>confirmou que <strong>Stroll <\/strong>j\u00e1 passou pelo procedimento, mas reiterou que &#8220;n\u00e3o faremos coment\u00e1rios cont\u00ednuos sobre quest\u00f5es m\u00e9dicas pessoais&#8221;.<\/p>\n\n\n\n<p class=\"wp-block-paragraph\">A&nbsp;<strong><a href=\"https:\/\/www.grandepremio.com\/br\/f1\/\" target=\"_blank\" rel=\"noreferrer noopener\"><\/a><a href=\"https:\/\/www.grandepremio.com\/br\/f1\/\" target=\"_blank\" rel=\"noreferrer noopener\">F\u00f3rmula 1<\/a><\/strong>&nbsp;volta de&nbsp;<strong>13 a 15 de junho<\/strong>&nbsp;no&nbsp;<strong>Canad\u00e1<\/strong>, d\u00e9cima etapa da&nbsp;<strong>temporada 2025<\/strong>.<\/p>\n\n\n\n<p class=\"wp-block-paragraph\">\u25b6\ufe0f<strong>&nbsp;Inscreva-se nos dois canais do GRANDE PR\u00caMIO no YouTube:&nbsp;<a href=\"https:\/\/www.youtube.com\/channel\/UC9OlHEgxoaY6QY6nWPoiqQg?sub_confirmation=1\" target=\"_blank\" rel=\"noreferrer noopener\">GP<\/a>&nbsp;|&nbsp;<a href=\"https:\/\/www.youtube.com\/channel\/UC9csiS6q_C3C0FYhyr1rnFA?sub_confirmation=1\" target=\"_blank\" rel=\"noreferrer noopener\">GP2<\/a><\/strong><br><strong>\u25b6\ufe0f<\/strong>&nbsp;<strong>LEIA TAMB\u00c9M: Opini\u00e3o GP:&nbsp;<a href=\"https:\/\/www.grandepremio.com\/br\/f1\/noticias\/opiniao-gp-max-verstappen-aciona-modo-insolente-ve-disputa-ruir-culpa-propria-f1\/\">Verstappen aciona modo insolente e v\u00ea disputa ruir por culpa pr\u00f3pria na F1<\/a><\/strong><\/p>\n\n\n\n<figure class=\"wp-block-embed is-type-video is-provider-youtube wp-block-embed-youtube wp-embed-aspect-16-9 wp-has-aspect-ratio\"><div class=\"wp-block-embed__wrapper\">\n<iframe loading=\"lazy\" title=\"VERSTAPPEN SURTA NA ESPANHA E DRUGOVICH CORRE NO CANAD\u00c1? | Paddock GP #418\" width=\"500\" height=\"281\" src=\"https:\/\/www.youtube.com\/embed\/hBONaM4bw0Y?feature=oembed\" frameborder=\"0\" allow=\"accelerometer; autoplay; clipboard-write; encrypted-media; gyroscope; picture-in-picture; web-share\" referrerpolicy=\"strict-origin-when-cross-origin\" allowfullscreen><\/iframe>\n<\/div><\/figure>\n","protected":false},"excerpt":{"rendered":"<p>Em meio \u00e0s incertezas em rela\u00e7\u00e3o ao estado de Lance Stroll, alguns nomes al\u00e9m de Felipe Drugovich surgem como candidatos a assumirem o carro no GP do Canad\u00e1<\/p>\n","protected":false},"author":0,"featured_media":1000952064,"comment_status":"closed","ping_status":"closed","sticky":false,"template":"","format":"standard","meta":{"42wp_featured_image_caption":"","42wp_featured_image_credits":"","42wp_featured_video":"","42wp_featured_image_hidden":false,"42wp_authors_list":[],"footnotes":""},"categories":[2],"tags":[309,3630,1024,14357,1491,28285,485,967,13632,612,21380],"42wp_author":[47149,47147],"class_list":["post-21710","post","type-post","status-publish","format-standard","has-post-thumbnail","hentry","category-f1","tag-aston-martin","tag-f1-2025","tag-felipe-drugovich","tag-gp-do-canada","tag-grande-premio","tag-grandepremio","tag-lance-stroll","tag-stoffel-vandoorne","tag-stroll","tag-valtteri-bottas","tag-vandoorne","42wp_author-bernardo-castro","42wp_author-luana-marino"],"_links":{"self":[{"href":"https:\/\/grandepremio.com\/br\/wp-json\/wp\/v2\/posts\/21710","targetHints":{"allow":["GET"]}}],"collection":[{"href":"https:\/\/grandepremio.com\/br\/wp-json\/wp\/v2\/posts"}],"about":[{"href":"https:\/\/grandepremio.com\/br\/wp-json\/wp\/v2\/types\/post"}],"replies":[{"embeddable":true,"href":"https:\/\/grandepremio.com\/br\/wp-json\/wp\/v2\/comments?post=21710"}],"version-history":[{"count":0,"href":"https:\/\/grandepremio.com\/br\/wp-json\/wp\/v2\/posts\/21710\/revisions"}],"wp:featuredmedia":[{"embeddable":true,"href":"https:\/\/grandepremio.com\/br\/wp-json\/wp\/v2\/media\/1000952064"}],"wp:attachment":[{"href":"https:\/\/grandepremio.com\/br\/wp-json\/wp\/v2\/media?parent=21710"}],"wp:term":[{"taxonomy":"category","embeddable":true,"href":"https:\/\/grandepremio.com\/br\/wp-json\/wp\/v2\/categories?post=21710"},{"taxonomy":"post_tag","embeddable":true,"href":"https:\/\/grandepremio.com\/br\/wp-json\/wp\/v2\/tags?post=21710"},{"taxonomy":"42wp_author","embeddable":true,"href":"https:\/\/grandepremio.com\/br\/wp-json\/wp\/v2\/42wp_author?post=21710"}],"curies":[{"name":"wp","href":"https:\/\/api.w.org\/{rel}","templated":true}]}}