{"id":21719,"date":"2025-06-02T15:22:25","date_gmt":"2025-06-02T18:22:25","guid":{"rendered":"https:\/\/grandepremio.com\/br\/noticias\/alexander-dunne-supera-punicoes-espanha-retoma-lideranca-classificacao-f2-2025\/"},"modified":"2025-06-02T16:12:47","modified_gmt":"2025-06-02T19:12:47","slug":"alexander-dunne-supera-punicoes-espanha-retoma-lideranca-classificacao-f2-2025","status":"publish","type":"post","link":"https:\/\/grandepremio.com\/br\/f2\/alexander-dunne-supera-punicoes-espanha-retoma-lideranca-classificacao-f2-2025\/","title":{"rendered":"Dunne supera puni\u00e7\u00f5es na Espanha e retoma lideran\u00e7a: confira classifica\u00e7\u00e3o da F2 2025"},"content":{"rendered":"\n<p class=\"wp-block-paragraph\"><strong>Alexander Dunne<\/strong> saiu da <strong>Espanha <\/strong>com um saldo mais que positivo, principalmente se for levado em conta as duas puni\u00e7\u00f5es que teve de cumprir tanto no grid da corrida sprint quanto na de domingo (1\u00ba). Com direito a p\u00f3dio, pontuou nas duas provas da rodada e recuperou a lideran\u00e7a da<strong> temporada 2025<\/strong> da <strong>F\u00f3rmula 2<\/strong>. <\/p>\n\n\n\n<p class=\"wp-block-paragraph\">Dunne fez o quinto tempo na classifica\u00e7\u00e3o, mas teve de pagar 13 posi\u00e7\u00f5es no grid da sprint \u2014 dez pela batida em <strong>Victor Martins<\/strong> em <strong>M\u00f4naco<\/strong> e outras tr\u00eas por novamente acertar o franc\u00eas, agora no treino livre em <strong>Barcelona<\/strong>. Com a invers\u00e3o, saiu apenas da 19\u00aa posi\u00e7\u00e3o na sprint, por\u00e9m acertou ao arriscar os pneus macios no safety-car e terminou em segundo.<\/p>\n\n\n\n<p class=\"wp-block-paragraph\">Na corrida de domingo, largou em oitavo e mais uma vez conteve danos, completando em quinto. Foram, portanto, 20 pontos de 39 poss\u00edveis, chegando a um total de 87. <\/p>\n\n\n\n<p class=\"wp-block-paragraph\">Richard Verschoor tamb\u00e9m teve um fim de semana em alta, vencendo a sprint gra\u00e7as \u00e0 estrat\u00e9gia dos pneus macios no fim e ainda terminando a corrida 2 no p\u00f3dio. Ele agora aparece com 84 na tabela, a 3 de Dunne. <\/p>\n\n\n\n<figure class=\"wp-block-image size-full\"><img decoding=\"async\" src=\"https:\/\/www.grandepremio.com\/br\/wp-content\/uploads\/2025\/06\/Montoya-Lindblad-e-Verschoor-F2-2025-Espanha-1.jpg\" alt=\"\" class=\"wp-image-976980\"\/><figcaption class=\"wp-element-caption\">O p\u00f3dio da corrida 2 na Espanha (Foto: F2)<\/figcaption><\/figure>\n\n\n\n<p class=\"wp-block-paragraph\">Pole-position e vencedor no domingo, Arvid Lindblad deu bom salto ao sair da Espanha com 28 tentos e chegar a 79, apenas 5 atr\u00e1s de Verschoor. Jak Crawford, por sua vez, bateu na trave do p\u00f3dio, mas subiu para quarto, com 73 pontos.<\/p>\n\n\n\n<p class=\"wp-block-paragraph\">L\u00edder ap\u00f3s M\u00f4naco, Luke Browning viu tudo dar errado na Catalunha e caiu para quinto, com 73. O mesmo aconteceu com Leonardo Fornaroli, que somou apenas 2 tentos e agora \u00e9 o sexto colocado, com 66.<\/p>\n\n\n\n<p class=\"wp-block-paragraph\">Josep Mar\u00eda Mart\u00ed chegou a 49 com os 8 somados na rodada e manteve-se em s\u00e9timo. Victor Martins (41), Sebasti\u00e1n Montoya (36) e Dino Beganovic (29) completam o top-10.<\/p>\n\n\n\n<p class=\"wp-block-paragraph\">Entre as equipes, a Campos anotou 36 pontos e passou a Hitech, assumindo a lideran\u00e7a. A diferen\u00e7a entre as duas \u00e9 de 26. MP (96), DAMS (94) e Rodin (89) fecham o top-5.<\/p>\n\n\n\n<p class=\"wp-block-paragraph\">A\u00a0<strong><a href=\"https:\/\/www.grandepremio.com\/br\/f2\/\" target=\"_blank\" rel=\"noreferrer noopener\">F\u00f3rmula 2<\/a><\/strong>\u00a0volta de\u00a0<strong>27 a 29 de junho<\/strong>\u00a0na\u00a0<strong>rodada da \u00c1ustria<\/strong>, s\u00e9tima da\u00a0<strong>temporada 2025<\/strong>. O\u00a0<strong>GRANDE PR\u00caMIO\u00a0<\/strong>acompanha todas as atividades.<\/p>\n\n\n\n<p class=\"wp-block-paragraph\"><strong>F\u00f3rmula 2 2025, classifica\u00e7\u00e3o ap\u00f3s rodada da Espanha:<\/strong><\/p>\n\n\n\n<figure class=\"wp-block-table\"><table class=\"has-fixed-layout\"><tbody><tr><td>&nbsp;<\/td><td>&nbsp;<\/td><td>&nbsp;<\/td><td>&nbsp;<\/td><td>Poles<\/td><td>Vit\u00f3rias<\/td><td>PONTOS<\/td><\/tr><tr><td>1<\/td><td>A DUNNE<\/td><td>&nbsp;<\/td><td>Rodin<\/td><td><strong>1<\/strong><\/td><td><strong>2<\/strong><\/td><td><strong>87<\/strong><\/td><\/tr><tr><td>2<\/td><td>R VERSCHOOR<\/td><td>&nbsp;<\/td><td>MP<\/td><td><strong>0<\/strong><\/td><td><strong>2<\/strong><\/td><td><strong>84<\/strong><\/td><\/tr><tr><td>3<\/td><td>A LINDBLAD<\/td><td>&nbsp;<\/td><td>Campos<\/td><td><strong>1<\/strong><\/td><td><strong>2<\/strong><\/td><td><strong>79<\/strong><\/td><\/tr><tr><td>4<\/td><td>J CRAWFORD<\/td><td>&nbsp;<\/td><td>DAMS<\/td><td><strong>1<\/strong><\/td><td><strong>2<\/strong><\/td><td><strong>73<\/strong><\/td><\/tr><tr><td>5<\/td><td>L BROWNING<\/td><td>&nbsp;<\/td><td>Hitech<\/td><td><strong>0<\/strong><\/td><td><strong>0<\/strong><\/td><td><strong>73<\/strong><\/td><\/tr><tr><td>6<\/td><td>L FORNAROLI<\/td><td>&nbsp;<\/td><td>Invicta<\/td><td><strong>1<\/strong><\/td><td><strong>0<\/strong><\/td><td><strong>66<\/strong><\/td><\/tr><tr><td>7<\/td><td>J M MART\u00cd<\/td><td>&nbsp;<\/td><td>Campos<\/td><td><strong>0<\/strong><\/td><td><strong>1<\/strong><\/td><td><strong>49<\/strong><\/td><\/tr><tr><td>8<\/td><td>V MARTINS<\/td><td>&nbsp;<\/td><td>ART<\/td><td><strong>1<\/strong><\/td><td><strong>0<\/strong><\/td><td><strong>41<\/strong><\/td><\/tr><tr><td>9<\/td><td>S MONTOYA<\/td><td>&nbsp;<\/td><td>Prema<\/td><td><strong>0<\/strong><\/td><td><strong>0<\/strong><\/td><td><strong>36<\/strong><\/td><\/tr><tr><td>10<\/td><td>D BEGANOVIC<\/td><td>&nbsp;<\/td><td>Hitech<\/td><td><strong>0<\/strong><\/td><td><strong>1<\/strong><\/td><td><strong>29<\/strong><\/td><\/tr><tr><td>11<\/td><td>K MAINI<\/td><td>&nbsp;<\/td><td>DAMS<\/td><td><strong>0<\/strong><\/td><td><strong>0<\/strong><\/td><td><strong>21<\/strong><\/td><\/tr><tr><td>12<\/td><td>G MIN\u00cc<\/td><td>&nbsp;<\/td><td>Prema<\/td><td><strong>1<\/strong><\/td><td><strong>0<\/strong><\/td><td><strong>21<\/strong><\/td><\/tr><tr><td>13<\/td><td>O GOETHE<\/td><td>&nbsp;<\/td><td>MP<\/td><td><strong>0<\/strong><\/td><td><strong>0<\/strong><\/td><td><strong>12<\/strong><\/td><\/tr><tr><td>14<\/td><td>R STAN\u011aK<\/td><td>&nbsp;<\/td><td>Invicta<\/td><td><strong>0<\/strong><\/td><td><strong>0<\/strong><\/td><td><strong>12<\/strong><\/td><\/tr><tr><td>15<\/td><td>J D\u00dcRKSEN<\/td><td>&nbsp;<\/td><td>AIX<\/td><td><strong>0<\/strong><\/td><td><strong>1<\/strong><\/td><td><strong>11<\/strong><\/td><\/tr><tr><td>16<\/td><td>R VILLAG\u00d3MEZ<\/td><td>&nbsp;<\/td><td>Van Amersfoort<\/td><td><strong>0<\/strong><\/td><td><strong>0<\/strong><\/td><td><strong>10<\/strong><\/td><\/tr><tr><td>17<\/td><td>R MIYATA<\/td><td>&nbsp;<\/td><td>ART<\/td><td><strong>0<\/strong><\/td><td><strong>0<\/strong><\/td><td><strong>5<\/strong><\/td><\/tr><tr><td>18<\/td><td>A CORDEEL<\/td><td>&nbsp;<\/td><td>Rodin<\/td><td><strong>0<\/strong><\/td><td><strong>0<\/strong><\/td><td><strong>2<\/strong><\/td><\/tr><tr><td>19<\/td><td>S MEGUETOUNIF<\/td><td>&nbsp;<\/td><td>Trident<\/td><td><strong>0<\/strong><\/td><td><strong>0<\/strong><\/td><td><strong>1<\/strong><\/td><\/tr><tr><td>20<\/td><td>J BENNETT<\/td><td>&nbsp;<\/td><td>Van Amersfoort<\/td><td><strong>0<\/strong><\/td><td><strong>0<\/strong><\/td><td><strong>0<\/strong><\/td><\/tr><tr><td>21<\/td><td>C SHIELDS<\/td><td>&nbsp;<\/td><td>AIX<\/td><td><strong>0<\/strong><\/td><td><strong>0<\/strong><\/td><td><strong>0<\/strong><\/td><\/tr><tr><td>22<\/td><td>M ESTERSON<\/td><td>&nbsp;<\/td><td>Trident<\/td><td><strong>0<\/strong><\/td><td><strong>0<\/strong><\/td><td><strong>0<\/strong><\/td><\/tr><\/tbody><\/table><\/figure>\n\n\n\n<p class=\"wp-block-paragraph\">\u25b6\ufe0f\u00a0<strong>Inscreva-se nos dois canais do GRANDE PR\u00caMIO no YouTube:\u00a0<a href=\"https:\/\/www.youtube.com\/channel\/UC9OlHEgxoaY6QY6nWPoiqQg?sub_confirmation=1\" target=\"_blank\" rel=\"noreferrer noopener\">GP<\/a>\u00a0|\u00a0<a href=\"https:\/\/www.youtube.com\/channel\/UC9csiS6q_C3C0FYhyr1rnFA?sub_confirmation=1\" target=\"_blank\" rel=\"noreferrer noopener\">GP2<\/a><\/strong><br>\u25b6\ufe0f <strong>LEIA TAMB\u00c9M: Opini\u00e3o GP:\u00a0<a href=\"https:\/\/www.grandepremio.com\/br\/f1\/noticias\/opiniao-gp-max-verstappen-aciona-modo-insolente-ve-disputa-ruir-culpa-propria-f1\/\">Verstappen aciona modo insolente e v\u00ea disputa ruir por culpa pr\u00f3pria na F1<\/a><\/strong><\/p>\n\n\n\n<figure class=\"wp-block-embed is-type-video is-provider-youtube wp-block-embed-youtube wp-embed-aspect-16-9 wp-has-aspect-ratio\"><div class=\"wp-block-embed__wrapper\">\n<iframe loading=\"lazy\" title=\"PIASTRI VENCE, VERSTAPPEN FICA LOUCO E \u00c9 PUNIDO, BORTOLETO 12\u00ba: A F1 NA ESPANHA | BRIEFING\" width=\"500\" height=\"281\" src=\"https:\/\/www.youtube.com\/embed\/8gF50he3i8o?feature=oembed\" frameborder=\"0\" allow=\"accelerometer; autoplay; clipboard-write; encrypted-media; gyroscope; picture-in-picture; web-share\" referrerpolicy=\"strict-origin-when-cross-origin\" allowfullscreen><\/iframe>\n<\/div><\/figure>\n","protected":false},"excerpt":{"rendered":"<p>Mesmo com duas puni\u00e7\u00f5es nas costas, Alexander Dunne pontou nas duas corridas da rodada da Espanha da F\u00f3rmula 2<\/p>\n","protected":false},"author":0,"featured_media":1000976981,"comment_status":"closed","ping_status":"closed","sticky":false,"template":"","format":"standard","meta":{"42wp_featured_image_caption":"","42wp_featured_image_credits":"","42wp_featured_video":"","42wp_featured_image_hidden":false,"42wp_authors_list":[],"footnotes":""},"categories":[9],"tags":[31510,304,29654,30246,1877,111,41547,2208,41881,1491,28285,35029,35030,14837,41882],"42wp_author":[47147],"class_list":["post-21719","post","type-post","status-publish","format-standard","has-post-thumbnail","hentry","category-f2","tag-alexander-dunne","tag-barcelona","tag-calendario-f2","tag-classificacao-f2","tag-espanha","tag-f2","tag-f2-2025","tag-formula-2","tag-formula-2-2025","tag-grande-premio","tag-grandepremio","tag-horarios-f2","tag-onde-assistir-f2","tag-rodada-da-espanha","tag-temporada-2025-f2","42wp_author-luana-marino"],"_links":{"self":[{"href":"https:\/\/grandepremio.com\/br\/wp-json\/wp\/v2\/posts\/21719","targetHints":{"allow":["GET"]}}],"collection":[{"href":"https:\/\/grandepremio.com\/br\/wp-json\/wp\/v2\/posts"}],"about":[{"href":"https:\/\/grandepremio.com\/br\/wp-json\/wp\/v2\/types\/post"}],"replies":[{"embeddable":true,"href":"https:\/\/grandepremio.com\/br\/wp-json\/wp\/v2\/comments?post=21719"}],"version-history":[{"count":0,"href":"https:\/\/grandepremio.com\/br\/wp-json\/wp\/v2\/posts\/21719\/revisions"}],"wp:featuredmedia":[{"embeddable":true,"href":"https:\/\/grandepremio.com\/br\/wp-json\/wp\/v2\/media\/1000976981"}],"wp:attachment":[{"href":"https:\/\/grandepremio.com\/br\/wp-json\/wp\/v2\/media?parent=21719"}],"wp:term":[{"taxonomy":"category","embeddable":true,"href":"https:\/\/grandepremio.com\/br\/wp-json\/wp\/v2\/categories?post=21719"},{"taxonomy":"post_tag","embeddable":true,"href":"https:\/\/grandepremio.com\/br\/wp-json\/wp\/v2\/tags?post=21719"},{"taxonomy":"42wp_author","embeddable":true,"href":"https:\/\/grandepremio.com\/br\/wp-json\/wp\/v2\/42wp_author?post=21719"}],"curies":[{"name":"wp","href":"https:\/\/api.w.org\/{rel}","templated":true}]}}