{"id":21724,"date":"2025-06-02T14:07:34","date_gmt":"2025-06-02T17:07:34","guid":{"rendered":"https:\/\/grandepremio.com\/br\/noticias\/rafael-camara-vence-volta-abrir-boa-margem-lideranca-classificacao-f3-2025\/"},"modified":"2025-06-02T14:12:22","modified_gmt":"2025-06-02T17:12:22","slug":"rafael-camara-vence-volta-abrir-boa-margem-lideranca-classificacao-f3-2025","status":"publish","type":"post","link":"https:\/\/grandepremio.com\/br\/f3\/rafael-camara-vence-volta-abrir-boa-margem-lideranca-classificacao-f3-2025\/","title":{"rendered":"C\u00e2mara vence e volta a abrir boa margem na lideran\u00e7a: confira classifica\u00e7\u00e3o da F3 2025"},"content":{"rendered":"\n<p class=\"wp-block-paragraph\"><strong>Rafael C\u00e2mara<\/strong> <a href=\"https:\/\/www.grandepremio.com\/br\/f3\/noticias\/rafael-camara-administra-ritmo-vence-espanha-amplia-vantagem-f3-2025\/\">venceu pela terceira vez<\/a> na <strong>temporada 2025<\/strong> da<strong> F\u00f3rmula 3<\/strong> e voltou a abrir boa vantagem na lideran\u00e7a. Com o triunfo na <strong>corrida 2 <\/strong>da <strong>rodada da Espanha<\/strong>, realizada domingo (1\u00ba), ele deixou <strong>Barcelona <\/strong>com 105 ao todo e leva 26 de frente para <strong>Nikola Tsolov<\/strong>, que aparece na vice-lideran\u00e7a com 79.<\/p>\n\n\n\n<p class=\"wp-block-paragraph\">C\u00e2mara mais uma vez n\u00e3o conseguiu pontuar em uma sprint, por\u00e9m contou com boa dose de sorte, j\u00e1 que os concorrentes diretos <strong>Noah Str\u00f8mted <\/strong>e <strong>Tim Tramnitz<\/strong> tamb\u00e9m abandonaram. Isso, ali\u00e1s, permitiu a Tsolov pular para a segunda posi\u00e7\u00e3o, j\u00e1 que foi ao p\u00f3dio na sprint.<\/p>\n\n\n\n<p class=\"wp-block-paragraph\">Tramnitz agora \u00e9 o terceiro colocado. Ele conseguiu somar 6 pontos na rodada gra\u00e7as ao quinto lugar na corrida de domingo. S\u00e3o, portanto, 70 pontos, enquanto Str\u00f8msted anotou apenas 4 e est\u00e1 com 56.<\/p>\n\n\n\n<p class=\"wp-block-paragraph\"><strong>Tuukka Taponen<\/strong> deixou a etapa zerado e manteve-se com os 51 tentos conquistados at\u00e9 <strong>M\u00f4naco<\/strong>. Ele leva 6 de vantagem para<strong> Alessandro Giusti<\/strong>, que foi ao p\u00f3dio na corrida de domingo, e <strong>Santiago Ramos<\/strong>, o vencedor da sprint. Os dois est\u00e3o empatados com 45.<\/p>\n\n\n\n<figure class=\"wp-block-image size-full\"><img decoding=\"async\" src=\"https:\/\/www.grandepremio.com\/br\/wp-content\/uploads\/2025\/06\/Nael-Camara-e-Giusti-F3-2025-Espanha-1.jpg\" alt=\"\" class=\"wp-image-977015\"\/><figcaption class=\"wp-element-caption\">Na\u00ebl, C\u00e2mara e Giusti: o p\u00f3dio da F3 na Espanha (Foto: F3)<\/figcaption><\/figure>\n\n\n\n<p class=\"wp-block-paragraph\"><strong>Th\u00e9ophile Na\u00ebl<\/strong> foi o segundo colocado na corrida 2 e deixou a Espanha com 43 pontos, ao todo. <strong>Callum Voisin<\/strong> (41) e <strong>Roman Bilinski<\/strong> (38) fecham o top-10.<\/p>\n\n\n\n<p class=\"wp-block-paragraph\">Entre as equipes, a <strong>Trident <\/strong>permanece na lideran\u00e7a, com 176 pontos. <strong>Campos<\/strong> (130), <strong>MP <\/strong>(126), <strong>Van Amersfoort<\/strong> (106) e <strong>Rodin <\/strong>(90) fecham o top-5. A <strong>Prema <\/strong>\u00e9 a \u00faltima colocada, com apenas 8 pontos.<\/p>\n\n\n\n<p class=\"wp-block-paragraph\">A\u00a0<strong>F\u00f3rmula 3<\/strong>\u00a0volta de\u00a0<strong>27 a 29 de junho<\/strong>\u00a0na\u00a0<strong>rodada da \u00c1ustria<\/strong>, sexta da\u00a0<strong>temporada 2025<\/strong>. O\u00a0<strong>GRANDE PR\u00caMIO\u00a0<\/strong>acompanha todas as atividades.<\/p>\n\n\n\n<p class=\"wp-block-paragraph\"><strong>F\u00f3rmula 3 2025, classifica\u00e7\u00e3o ap\u00f3s rodada da Espanha:<\/strong><\/p>\n\n\n\n<figure class=\"wp-block-table\"><table class=\"has-fixed-layout\"><tbody><tr><td>&nbsp;<\/td><td><strong>&nbsp;<\/strong><\/td><td><strong>&nbsp;<\/strong><\/td><td>Poles<\/td><td>Vit\u00f3rias<\/td><td>Pontos<\/td><\/tr><tr><td><strong>1<\/strong><\/td><td>R C\u00c2MARA<\/td><td>Trident<\/td><td>4<\/td><td>3<\/td><td>105<\/td><\/tr><tr><td><strong>2<\/strong><\/td><td>N TSOLOV<\/td><td>Campos<\/td><td>1<\/td><td>2<\/td><td>79<\/td><\/tr><tr><td><strong>3<\/strong><\/td><td>T TRAMNITZ<\/td><td>MP<\/td><td>0<\/td><td>1<\/td><td>70<\/td><\/tr><tr><td><strong>4<\/strong><\/td><td>N STR\u00d8MSTED<\/td><td>Trident<\/td><td>0<\/td><td>0<\/td><td>56<\/td><\/tr><tr><td><strong>5<\/strong><\/td><td>T TAPONEN<\/td><td>ART<\/td><td>0<\/td><td>0<\/td><td>51<\/td><\/tr><tr><td><strong>6<\/strong><\/td><td>A GIUSTI<\/td><td>MP<\/td><td>0<\/td><td>0<\/td><td>45<\/td><\/tr><tr><td><strong>7<\/strong><\/td><td>S RAMOS<\/td><td>Van Amersfoort<\/td><td>0<\/td><td>2<\/td><td>45<\/td><\/tr><tr><td><strong>8<\/strong><\/td><td>T NA\u00cbL<\/td><td>Van Amersfoort<\/td><td>0<\/td><td>0<\/td><td>43<\/td><\/tr><tr><td><strong>9<\/strong><\/td><td>C VOISIN<\/td><td>Rodin<\/td><td>0<\/td><td>0<\/td><td>41<\/td><\/tr><tr><td><strong>10<\/strong><\/td><td>R BILINSKI<\/td><td>Rodin<\/td><td>0<\/td><td>0<\/td><td>38<\/td><\/tr><tr><td><strong>11<\/strong><\/td><td>M STENSHORNE<\/td><td>Hitech<\/td><td>0<\/td><td>1<\/td><td>37<\/td><\/tr><tr><td><strong>12<\/strong><\/td><td>M BOYA<\/td><td>Campos<\/td><td>0<\/td><td>0<\/td><td>36<\/td><\/tr><tr><td><strong>13<\/strong><\/td><td>L VAN HOEPEN<\/td><td>ART<\/td><td>0<\/td><td>0<\/td><td>36<\/td><\/tr><tr><td><strong>14<\/strong><\/td><td>I DOMINGUES<\/td><td>Van Amersfoort<\/td><td>0<\/td><td>1<\/td><td>18<\/td><\/tr><tr><td><strong>15<\/strong><\/td><td>N BEDRIN<\/td><td>AIX<\/td><td>0<\/td><td>0<\/td><td>17<\/td><\/tr><tr><td><strong>16<\/strong><\/td><td>C WURZ<\/td><td>Trident<\/td><td>0<\/td><td>0<\/td><td>15<\/td><\/tr><tr><td><strong>17<\/strong><\/td><td>T INTHRAPHUVASAK<\/td><td>Campos<\/td><td>0<\/td><td>0<\/td><td>15<\/td><\/tr><tr><td><strong>18<\/strong><\/td><td>B DEL PINO<\/td><td>MP<\/td><td>0<\/td><td>0<\/td><td>11<\/td><\/tr><tr><td><strong>19<\/strong><\/td><td>L SHARP<\/td><td>Rodin<\/td><td>0<\/td><td>0<\/td><td>11<\/td><\/tr><tr><td><strong>20<\/strong><\/td><td>F SLATER<\/td><td>AIX<\/td><td>0<\/td><td>0<\/td><td>10<\/td><\/tr><tr><td><strong>21<\/strong><\/td><td>M ZAGAZETA<\/td><td>DAMS<\/td><td>0<\/td><td>0<\/td><td>6<\/td><\/tr><tr><td><strong>22<\/strong><\/td><td>C HO<\/td><td>DAMS<\/td><td>0<\/td><td>0<\/td><td>4<\/td><\/tr><tr><td><strong>23<\/strong><\/td><td>U UGOCHUKWU<\/td><td>Prema<\/td><td>0<\/td><td>0<\/td><td>4<\/td><\/tr><tr><td><strong>24<\/strong><\/td><td>N LE\u00d3N<\/td><td>Prema<\/td><td>0<\/td><td>0<\/td><td>4<\/td><\/tr><tr><td><strong>25<\/strong><\/td><td>J WHARTON<\/td><td>ART<\/td><td>0<\/td><td>0<\/td><td>3<\/td><\/tr><tr><td><strong>26<\/strong><\/td><td>J SAGRERA<\/td><td>AIX<\/td><td>0<\/td><td>0<\/td><td>0<\/td><\/tr><tr><td><strong>27<\/strong><\/td><td>N MARINAGELI<\/td><td>AIX<\/td><td>0<\/td><td>0<\/td><td>0<\/td><\/tr><tr><td><strong>28<\/strong><\/td><td>N LACORTE<\/td><td>DAMS<\/td><td>0<\/td><td>0<\/td><td>0<\/td><\/tr><tr><td><strong>29<\/strong><\/td><td>J DUFEK<\/td><td>Hitech<\/td><td>0<\/td><td>0<\/td><td>0<\/td><\/tr><tr><td><strong>30<\/strong><\/td><td>G XIE<\/td><td>Hitech<\/td><td>0<\/td><td>0<\/td><td>0<\/td><\/tr><tr><td><strong>31<\/strong><\/td><td>B BADOER<\/td><td>Prema<\/td><td>0<\/td><td>0<\/td><td>0<\/td><\/tr><\/tbody><\/table><\/figure>\n\n\n\n<p class=\"wp-block-paragraph\">\u25b6\ufe0f\u00a0<strong>Inscreva-se nos dois canais do GRANDE PR\u00caMIO no YouTube:\u00a0<a href=\"https:\/\/www.youtube.com\/channel\/UC9OlHEgxoaY6QY6nWPoiqQg?sub_confirmation=1\" target=\"_blank\" rel=\"noreferrer noopener\">GP<\/a>\u00a0|\u00a0<a href=\"https:\/\/www.youtube.com\/channel\/UC9csiS6q_C3C0FYhyr1rnFA?sub_confirmation=1\" target=\"_blank\" rel=\"noreferrer noopener\">GP2<\/a><\/strong><br><strong>\u25b6\ufe0f<\/strong> <strong>LEIA TAMB\u00c9M: Opini\u00e3o GP:\u00a0<a href=\"https:\/\/www.grandepremio.com\/br\/f1\/noticias\/opiniao-gp-max-verstappen-aciona-modo-insolente-ve-disputa-ruir-culpa-propria-f1\/\">Verstappen aciona modo insolente e v\u00ea disputa ruir por culpa pr\u00f3pria na F1<\/a><\/strong><\/p>\n\n\n\n<figure class=\"wp-block-embed is-type-video is-provider-youtube wp-block-embed-youtube wp-embed-aspect-16-9 wp-has-aspect-ratio\"><div class=\"wp-block-embed__wrapper\">\n<iframe loading=\"lazy\" title=\"PIASTRI VENCE, VERSTAPPEN FICA LOUCO E \u00c9 PUNIDO, BORTOLETO 12\u00ba: A F1 NA ESPANHA | BRIEFING\" width=\"500\" height=\"281\" src=\"https:\/\/www.youtube.com\/embed\/8gF50he3i8o?feature=oembed\" frameborder=\"0\" allow=\"accelerometer; autoplay; clipboard-write; encrypted-media; gyroscope; picture-in-picture; web-share\" referrerpolicy=\"strict-origin-when-cross-origin\" allowfullscreen><\/iframe>\n<\/div><\/figure>\n","protected":false},"excerpt":{"rendered":"<p>Rafael C\u00e2mara agora tem 105 pontos na classifica\u00e7\u00e3o da F\u00f3rmula 3 2025 contra 79 de Nikola Tsolov, uma diferen\u00e7a de 26<\/p>\n","protected":false},"author":0,"featured_media":1000977013,"comment_status":"closed","ping_status":"closed","sticky":false,"template":"","format":"standard","meta":{"42wp_featured_image_caption":"","42wp_featured_image_credits":"","42wp_featured_video":"","42wp_featured_image_hidden":false,"42wp_authors_list":[],"footnotes":""},"categories":[10],"tags":[304,29655,31948,1877,1008,40508,8057,40507,1491,28285,35181,35651,27860,14837,40740],"42wp_author":[47147],"class_list":["post-21724","post","type-post","status-publish","format-standard","has-post-thumbnail","hentry","category-f3","tag-barcelona","tag-calendario-f3","tag-classificacao-f3","tag-espanha","tag-f3","tag-f3-2025","tag-formula-3","tag-formula-3-2025","tag-grande-premio","tag-grandepremio","tag-horarios-f3","tag-onde-assistir-f3","tag-rafael-camara","tag-rodada-da-espanha","tag-temporada-2025-f3","42wp_author-luana-marino"],"_links":{"self":[{"href":"https:\/\/grandepremio.com\/br\/wp-json\/wp\/v2\/posts\/21724","targetHints":{"allow":["GET"]}}],"collection":[{"href":"https:\/\/grandepremio.com\/br\/wp-json\/wp\/v2\/posts"}],"about":[{"href":"https:\/\/grandepremio.com\/br\/wp-json\/wp\/v2\/types\/post"}],"replies":[{"embeddable":true,"href":"https:\/\/grandepremio.com\/br\/wp-json\/wp\/v2\/comments?post=21724"}],"version-history":[{"count":0,"href":"https:\/\/grandepremio.com\/br\/wp-json\/wp\/v2\/posts\/21724\/revisions"}],"wp:featuredmedia":[{"embeddable":true,"href":"https:\/\/grandepremio.com\/br\/wp-json\/wp\/v2\/media\/1000977013"}],"wp:attachment":[{"href":"https:\/\/grandepremio.com\/br\/wp-json\/wp\/v2\/media?parent=21724"}],"wp:term":[{"taxonomy":"category","embeddable":true,"href":"https:\/\/grandepremio.com\/br\/wp-json\/wp\/v2\/categories?post=21724"},{"taxonomy":"post_tag","embeddable":true,"href":"https:\/\/grandepremio.com\/br\/wp-json\/wp\/v2\/tags?post=21724"},{"taxonomy":"42wp_author","embeddable":true,"href":"https:\/\/grandepremio.com\/br\/wp-json\/wp\/v2\/42wp_author?post=21724"}],"curies":[{"name":"wp","href":"https:\/\/api.w.org\/{rel}","templated":true}]}}