{"id":21730,"date":"2025-06-02T12:32:15","date_gmt":"2025-06-02T15:32:15","guid":{"rendered":"https:\/\/grandepremio.com\/br\/noticias\/arvid-lindblad-brilha-atuacao-solida-espanha-bagunca-vez-disputa-titulo-f2-2025\/"},"modified":"2025-06-02T14:08:30","modified_gmt":"2025-06-02T17:08:30","slug":"arvid-lindblad-brilha-atuacao-solida-espanha-bagunca-vez-disputa-titulo-f2-2025","status":"publish","type":"post","link":"https:\/\/grandepremio.com\/br\/f2\/arvid-lindblad-brilha-atuacao-solida-espanha-bagunca-vez-disputa-titulo-f2-2025\/","title":{"rendered":"Lindblad brilha com atua\u00e7\u00e3o s\u00f3lida na Espanha e bagun\u00e7a de vez disputa por t\u00edtulo da F2 2025"},"content":{"rendered":"\n<p class=\"wp-block-paragraph\">A vit\u00f3ria de <strong>Arvid Lindblad <\/strong><a href=\"https:\/\/www.grandepremio.com\/br\/f2\/noticias\/arvid-lindblad-dita-ritmo-vence-tranquilidade-corrida-2-f2-espanha-alexander-dunne-5o\/\">na <strong>corrida 2<\/strong> <\/a>da <strong>rodada da Espanha<\/strong>, realizada no domingo (1\u00ba), foi daquelas que se pode chamar de &#8216;mai\u00fascula&#8217;, por mais que partir da primeira coloca\u00e7\u00e3o possa criar a falsa impress\u00e3o de que o piloto s\u00f3 precisou ficar longe de erros para vencer. \u00c9 um pensamento err\u00f4neo, ainda mais quando se trata de um circuito travado e muito t\u00e9cnico como Barcelona, em que a posi\u00e7\u00e3o de largada pode dizer bastante sobre o resultado final, por isso a performance do piloto de 17 anos merecidamente o colocou de vez na disputa do t\u00edtulo da F\u00f3rmula 2 2025.<\/p>\n\n\n\n<p class=\"wp-block-paragraph\">Lindblad \u00e9, sem d\u00favida, dos nomes mais visados no atual grid da categoria, e por raz\u00e3o semelhante \u00e0 vista com <strong>Andrea Kimi Antonelli<\/strong>, o prod\u00edgio da <strong>Mercedes <\/strong>que chegou \u00e0 F1 aos 18 anos. Ele tem 17 e tamb\u00e9m \u00e9 encarado como um talento especial pela <strong>Red Bull<\/strong>, equipe da qual faz parte desde 2021. E a julgar por declara\u00e7\u00f5es recentes de <strong>Helmut Marko <\/strong>somadas ao desempenho ruim de <strong>Liam Lawson<\/strong> na <strong>Racing Bulls<\/strong>, n\u00e3o seria nenhum absurdo se os taurinos decidissem por um est\u00e1gio antecipado.<\/p>\n\n\n\n<p class=\"wp-block-paragraph\">Ou um trainee, na verdade, j\u00e1 que Lindblad parece realmente ser o futuro da Red Bull ao lado de <strong>Isack Hadjar<\/strong>, e n\u00e3o \u00e9 exagero algum dizer que esta \u00e9 a primeira vez desde o estouro de <strong>Max Verstappen <\/strong>que os taurinos t\u00eam em m\u00e3os n\u00e3o apenas um, mas dois pilotos que podem, de alguma forma, suceder o legado j\u00e1 consolidado pelo tetracampe\u00e3o \u2014 o que \u00e9 a melhor not\u00edcia poss\u00edvel, j\u00e1 que os \u00faltimos anos foram de tentativa e erro no assento n\u00famero 2.<\/p>\n\n\n\n<p class=\"wp-block-paragraph\">Claro que isso \u00e9 um progn\u00f3stico, muita coisa pode acontecer at\u00e9 l\u00e1, por\u00e9m Lindblad comprovou uma parcela da expectativa depositada sobre ele na <strong>Catalunha<\/strong>. Na corrida sprint, foi tocado por <strong>Richard Verschoor<\/strong>, rodou, caiu para o fim da fila, apostou nos macios no safety-car, ultrapassou v\u00e1rios carros e pontuou com a puni\u00e7\u00e3o de<strong> Sebasti\u00e1n Montoya<\/strong>. E foi apenas o come\u00e7o.<\/p>\n\n\n\n<figure class=\"wp-block-image size-full\"><img decoding=\"async\" src=\"https:\/\/www.grandepremio.com\/br\/wp-content\/uploads\/2025\/06\/Montoya-Lindblad-e-Verschoor-F2-2025-Espanha-1.jpg\" alt=\"\" class=\"wp-image-976980\"\/><figcaption class=\"wp-element-caption\">O p\u00f3dio da corrida 2 na Espanha (Foto: F2)<\/figcaption><\/figure>\n\n\n\n<p class=\"wp-block-paragraph\">No domingo, o ritmo foi ditado por ele. Seguro, livre de erros, guardou 27 dos 28 pontos dispon\u00edveis no dia (a volta mais r\u00e1pida ficou com <strong>Alexander Dunne<\/strong>) e chegou a 79. A dist\u00e2ncia para a lideran\u00e7a \u00e9 de apenas 8, e Lindblad j\u00e1 entendeu que precisa ser consistente daqui para frente para escalar a tabela ainda mais.<\/p>\n\n\n\n<p class=\"wp-block-paragraph\">&#8220;Desde Jed\u00e1, dei um bom passo \u00e0 frente e acho que, durante toda essa rodada tripla, fomos muito competitivos. Em \u00cdmola, est\u00e1vamos lutando pela vit\u00f3ria na corrida 2 e, em M\u00f4naco, tamb\u00e9m est\u00e1vamos no jogo, ent\u00e3o acho que nas \u00faltimas rodadas estivemos l\u00e1&#8221;, disse na coletiva de imprensa p\u00f3s-corrida.<\/p>\n\n\n\n<p class=\"wp-block-paragraph\">&#8220;Portanto, vamos continuar fazendo o que estamos fazendo, focando no b\u00e1sico e fazendo tudo o que estiver sob nosso controle corretamente, e vamos ver onde chegaremos. Tenho total confian\u00e7a na equipe, eles me deram um pacote muito forte nos \u00faltimos fins de semana de corrida, ent\u00e3o tenho certeza de que estaremos bem na ponta nas pr\u00f3ximas&#8221;, assegurou.<\/p>\n\n\n\n<p class=\"wp-block-paragraph\">Sobre a rodada em si, o resultado n\u00e3o poderia ter sido melhor para quem quer ver o campeonato aberto at\u00e9 a \u00faltima rodada. Luke Browning chegou \u00e0 Espanha na lideran\u00e7a, mas teve um fim de semana para esquecer e caiu para quinto. Dunne, por sua vez, foi novamente de 0 a 100, mesmo com duas puni\u00e7\u00f5es nas costas por batidas em outros pilotos. Na sprint, largou em 19\u00ba e foi outro que arriscou os macios para as voltas finais quando o safety-car entrou em a\u00e7\u00e3o. Atropelou os advers\u00e1rios, dessa vez no bom sentido, terminando em segundo.<\/p>\n\n\n\n<figure class=\"wp-block-image size-full\"><img decoding=\"async\" src=\"https:\/\/www.grandepremio.com\/br\/wp-content\/uploads\/2025\/06\/Alexander-Dunne-Espanha-F2-2025-1.jpg\" alt=\"\" class=\"wp-image-976981\"\/><figcaption class=\"wp-element-caption\">Alexander Dunne \u00e9 o l\u00edder da F2 (Foto: F2)<\/figcaption><\/figure>\n\n\n\n<p class=\"wp-block-paragraph\">&#8220;Depois do que aconteceu em M\u00f4naco e do que aconteceu no treino livre [em Barcelona, quando acertou Victor Martns nos boxes] \u2014 aquilo foi completamente rid\u00edculo, n\u00e3o deveria acontecer e pe\u00e7o desculpas \u00e0 equipe por isso \u2014, estou muito, muito feliz&#8221;, come\u00e7ou Dunne depois do p\u00f3dio na sprint. &#8220;Depois do \u00faltimo fim de semana, n\u00e3o queria tentar nada maluco e perder muitos pontos por causa disso. Depois do safety-car, tentei chegar \u00e0 frente o mais r\u00e1pido poss\u00edvel. Quando cheguei ao segundo lugar, fiquei bastante satisfeito&#8221;, salientou.<\/p>\n\n\n\n<p class=\"wp-block-paragraph\">Dunne ainda \u00e9 uma montanha-russa estranhamente boa de se acompanhar, pois \u00e9 r\u00e1pido na mesma propor\u00e7\u00e3o em que \u00e9 estabanado, portanto nunca se sabe o que realmente pode sair dali. Mas se Lindblad mantiver o desempenho visto na Espanha, seria o duelo dos mais interessantes, com o devido respeito a Richard Verschoor, que venceu a sprint e foi ao p\u00f3dio na corrida de domingo, recupera\u00e7\u00e3o \u00edmpar e vice-lideran\u00e7a depois de duas rodadas ruins. Bom piloto, pois. Mas falta alguma coisa.<\/p>\n\n\n\n<p class=\"wp-block-paragraph\">A\u00a0<strong><a href=\"https:\/\/www.grandepremio.com\/br\/f2\/\" target=\"_blank\" rel=\"noreferrer noopener\">F\u00f3rmula 2<\/a><\/strong>\u00a0volta de\u00a0<strong>27 a 29 de junho<\/strong>\u00a0na\u00a0<strong>rodada da \u00c1ustria<\/strong>, s\u00e9tima da\u00a0<strong>temporada 2025<\/strong>. O\u00a0<strong>GRANDE PR\u00caMIO\u00a0<\/strong>acompanha todas as atividades.<\/p>\n\n\n\n<p class=\"wp-block-paragraph\">\u25b6\ufe0f\u00a0<strong>Inscreva-se nos dois canais do GRANDE PR\u00caMIO no YouTube:\u00a0<a href=\"https:\/\/www.youtube.com\/channel\/UC9OlHEgxoaY6QY6nWPoiqQg?sub_confirmation=1\" target=\"_blank\" rel=\"noreferrer noopener\">GP<\/a>\u00a0|\u00a0<a href=\"https:\/\/www.youtube.com\/channel\/UC9csiS6q_C3C0FYhyr1rnFA?sub_confirmation=1\" target=\"_blank\" rel=\"noreferrer noopener\">GP2<\/a><\/strong><br>\u25b6\ufe0f <strong>LEIA TAMB\u00c9M: Opini\u00e3o GP:\u00a0<a href=\"https:\/\/www.grandepremio.com\/br\/f1\/noticias\/opiniao-gp-max-verstappen-aciona-modo-insolente-ve-disputa-ruir-culpa-propria-f1\/\">Verstappen aciona modo insolente e v\u00ea disputa ruir por culpa pr\u00f3pria na F1<\/a><\/strong><\/p>\n\n\n\n<figure class=\"wp-block-embed is-type-video is-provider-youtube wp-block-embed-youtube wp-embed-aspect-16-9 wp-has-aspect-ratio\"><div class=\"wp-block-embed__wrapper\">\n<iframe loading=\"lazy\" title=\"PIASTRI VENCE, VERSTAPPEN FICA LOUCO E \u00c9 PUNIDO, BORTOLETO 12\u00ba: A F1 NA ESPANHA | BRIEFING\" width=\"500\" height=\"281\" src=\"https:\/\/www.youtube.com\/embed\/8gF50he3i8o?feature=oembed\" frameborder=\"0\" allow=\"accelerometer; autoplay; clipboard-write; encrypted-media; gyroscope; picture-in-picture; web-share\" referrerpolicy=\"strict-origin-when-cross-origin\" allowfullscreen><\/iframe>\n<\/div><\/figure>\n","protected":false},"excerpt":{"rendered":"<p>Arvid Lindblad comprovou na Espanha parcela da expectativa depositada sobre ele com uma atua\u00e7\u00e3o daquelas &#8216;mai\u00fasculas&#8217;. Mas a montanha-russa Alexander Dunne traz tempero \u00fanico a uma F\u00f3rmula 2 que caminha para ser imprevis\u00edvel em 2025<\/p>\n","protected":false},"author":0,"featured_media":1000976979,"comment_status":"closed","ping_status":"closed","sticky":false,"template":"","format":"standard","meta":{"42wp_featured_image_caption":"","42wp_featured_image_credits":"","42wp_featured_video":"","42wp_featured_image_hidden":false,"42wp_authors_list":[],"footnotes":""},"categories":[9],"tags":[31510,34712,304,29654,30246,1877,111,41547,2208,41881,1491,28285,35029,35030,2261,14837,41882],"42wp_author":[47147],"class_list":["post-21730","post","type-post","status-publish","format-standard","has-post-thumbnail","hentry","category-f2","tag-alexander-dunne","tag-arvid-lindblad","tag-barcelona","tag-calendario-f2","tag-classificacao-f2","tag-espanha","tag-f2","tag-f2-2025","tag-formula-2","tag-formula-2-2025","tag-grande-premio","tag-grandepremio","tag-horarios-f2","tag-onde-assistir-f2","tag-richard-verschoor","tag-rodada-da-espanha","tag-temporada-2025-f2","42wp_author-luana-marino"],"_links":{"self":[{"href":"https:\/\/grandepremio.com\/br\/wp-json\/wp\/v2\/posts\/21730","targetHints":{"allow":["GET"]}}],"collection":[{"href":"https:\/\/grandepremio.com\/br\/wp-json\/wp\/v2\/posts"}],"about":[{"href":"https:\/\/grandepremio.com\/br\/wp-json\/wp\/v2\/types\/post"}],"replies":[{"embeddable":true,"href":"https:\/\/grandepremio.com\/br\/wp-json\/wp\/v2\/comments?post=21730"}],"version-history":[{"count":0,"href":"https:\/\/grandepremio.com\/br\/wp-json\/wp\/v2\/posts\/21730\/revisions"}],"wp:featuredmedia":[{"embeddable":true,"href":"https:\/\/grandepremio.com\/br\/wp-json\/wp\/v2\/media\/1000976979"}],"wp:attachment":[{"href":"https:\/\/grandepremio.com\/br\/wp-json\/wp\/v2\/media?parent=21730"}],"wp:term":[{"taxonomy":"category","embeddable":true,"href":"https:\/\/grandepremio.com\/br\/wp-json\/wp\/v2\/categories?post=21730"},{"taxonomy":"post_tag","embeddable":true,"href":"https:\/\/grandepremio.com\/br\/wp-json\/wp\/v2\/tags?post=21730"},{"taxonomy":"42wp_author","embeddable":true,"href":"https:\/\/grandepremio.com\/br\/wp-json\/wp\/v2\/42wp_author?post=21730"}],"curies":[{"name":"wp","href":"https:\/\/api.w.org\/{rel}","templated":true}]}}