{"id":21734,"date":"2025-06-02T12:10:00","date_gmt":"2025-06-02T15:10:00","guid":{"rendered":"https:\/\/grandepremio.com\/br\/noticias\/dan-ticktum-retruca-indireta-george-russell-bater-proposito-obrigado-publicidade\/"},"modified":"2025-06-04T09:18:57","modified_gmt":"2025-06-04T12:18:57","slug":"dan-ticktum-retruca-indireta-george-russell-bater-proposito-obrigado-publicidade","status":"publish","type":"post","link":"https:\/\/grandepremio.com\/br\/f1\/dan-ticktum-retruca-indireta-george-russell-bater-proposito-obrigado-publicidade\/","title":{"rendered":"Ticktum retruca indireta de Russell sobre bater de prop\u00f3sito: &#8220;Obrigado pela publicidade&#8221;"},"content":{"rendered":"\n<p class=\"wp-block-paragraph\"><strong>George Russell<\/strong> mandou uma indireta ao comentar <strong><a href=\"https:\/\/www.grandepremio.com\/br\/video\/f1\/max-verstappen-joga-carro-george-russell-provoca-toque-gp-espanha-recebe-10s-punicao\/\">o incidente com Max Verstappen no GP da Espanha<\/a><\/strong> de domingo (1\u00ba). Perguntado se algum piloto no mundo teria feito manobra semelhante propositalmente, respondeu que \u201ctalvez um brit\u00e2nico da F\u00f3rmula E\u201d. Alfinetada interpretada como clara refer\u00eancia a <strong>Dan Ticktum<\/strong>, que corre pela <strong>CUPRA KIRO<\/strong> na categoria el\u00e9trica.<\/p>\n\n\n\n<p class=\"wp-block-paragraph\">O incidente aconteceu na volta 64. Russell tentou a ultrapassagem por fora, mas Verstappen jogou o carro em cima do rival, causando colis\u00e3o. Levou 10s de puni\u00e7\u00e3o pelo lance, <strong><a href=\"https:\/\/www.grandepremio.com\/br\/f1\/noticias\/max-verstappen-leva-3-pontos-carteira-batida-george-russell-fica-beira-suspensao\/\">al\u00e9m de receber tr\u00eas pontos na carteira e ficar pr\u00f3ximo de ser suspenso<\/a><\/strong>.<\/p>\n\n\n\n<p class=\"wp-block-paragraph\">Ao responder \u00e0 imprensa no paddock de Barcelona, Russell alfinetou: \u201cN\u00e3o na F\u00f3rmula 1. Talvez na F\u00f3rmula E, <strong>um brit\u00e2nico que corre na categoria<\/strong>. Mas Max \u00e9 um dos melhores do mundo, ent\u00e3o seria interessante saber o que estava pensando\u201d, disparou.<\/p>\n\n\n\n<p class=\"wp-block-paragraph\">A fala repercutiu nas redes sociais, e o pr\u00f3prio Ticktum respondeu com bom humor. Em seus stories no <em>Instagram<\/em>, ironizou a men\u00e7\u00e3o.<\/p>\n\n\n\n<figure class=\"wp-block-image size-large\"><img decoding=\"async\" src=\"https:\/\/www.grandepremio.com\/br\/wp-content\/uploads\/2025\/05\/imola-2025-f1-quinta-feira-mercedes-george-russell-01-1200x675.jpg\" alt=\"\" class=\"wp-image-967612\"\/><figcaption class=\"wp-element-caption\">George Russell mandou indireta para Dan Ticktum ap\u00f3s incidente com Max Verstappen na Espanha (Foto: Mercedes)<\/figcaption><\/figure>\n\n\n\n<p class=\"wp-block-paragraph\">\u201cBoa noite, f\u00e3s de esporte. Espero que estejam tendo um \u00f3timo domingo. Tive uma noite agrad\u00e1vel com a equipe e o pessoal da Porsche aqui em Xangai. Chegou at\u00e9 mim pelo <em>Twitter<\/em> [X] que um certo piloto da F1 \u2014 n\u00e3o citando nomes, mas o nome dele \u00e9 <strong>George Russell<\/strong> \u2014 fez alguns coment\u00e1rios sobre &#8216;um certo piloto da F\u00f3rmula E&#8217;\u201d, come\u00e7ou.<\/p>\n\n\n\n<p class=\"wp-block-paragraph\">\u201cN\u00e3o falou meu nome, <strong>mas \u00e9 claramente sobre mim<\/strong>. Sobre isso, gostaria de dizer: primeiro, <strong>obrigado pela publicidade gratuita<\/strong>, aceitamos de bom grado. Segundo, embora o que Max tenha feito hoje tenha sido um pouco question\u00e1vel, ser comparado com ele em qualquer momento da minha carreira \u00e9 algo positivo. At\u00e9 mais\u201d, ironizou.<\/p>\n\n\n\n<p class=\"wp-block-paragraph\">A associa\u00e7\u00e3o feita por Russell remonta ao epis\u00f3dio mais pol\u00eamico da carreira de Ticktum. Em 2015, no primeiro ano correndo em monopostos, <strong>provocou um acidente<\/strong> durante prova da F4 em Silverstone. Na primeira volta, se envolveu em incidente com <strong>Ricky Collard<\/strong>. Durante per\u00edodo de safety-car, ignorou a fila, ultrapassou diversos carros e <strong>bateu propositalmente no rival<\/strong>.<\/p>\n\n\n\n<p class=\"wp-block-paragraph\">Como puni\u00e7\u00e3o, foi suspenso por dois anos \u2014 com o segundo em suspens\u00e3o em caso de reincid\u00eancia. O epis\u00f3dio o afastou das pistas por mais de um ano, <strong>voltando a correr apenas no final de 2016<\/strong>.<\/p>\n\n\n\n<p class=\"wp-block-paragraph\">A&nbsp;<strong><a href=\"https:\/\/www.grandepremio.com\/br\/f1\/\" target=\"_blank\" rel=\"noreferrer noopener\"><\/a><a href=\"https:\/\/www.grandepremio.com\/br\/f1\/\" target=\"_blank\" rel=\"noreferrer noopener\">F\u00f3rmula 1<\/a><\/strong>&nbsp;volta de 13 a 15 de junho com o&nbsp;<strong>GP do Canad\u00e1<\/strong>, d\u00e9cima etapa da&nbsp;<strong>temporada 2025<\/strong>.<\/p>\n\n\n\n<p class=\"wp-block-paragraph\">\u25b6\ufe0f<strong>\u00a0Inscreva-se nos dois canais do GRANDE PR\u00caMIO no YouTube:\u00a0<a href=\"https:\/\/www.youtube.com\/channel\/UC9OlHEgxoaY6QY6nWPoiqQg?sub_confirmation=1\" target=\"_blank\" rel=\"noreferrer noopener\">GP<\/a>\u00a0|\u00a0<a href=\"https:\/\/www.youtube.com\/channel\/UC9csiS6q_C3C0FYhyr1rnFA?sub_confirmation=1\" target=\"_blank\" rel=\"noreferrer noopener\">GP2<\/a><\/strong><br><strong>\u25b6\ufe0f<\/strong>\u00a0<strong>LEIA TAMB\u00c9M: Opini\u00e3o GP:\u00a0<a href=\"https:\/\/www.grandepremio.com\/br\/f1\/noticias\/opiniao-gp-max-verstappen-aciona-modo-insolente-ve-disputa-ruir-culpa-propria-f1\/\">Verstappen aciona modo insolente e v\u00ea disputa ruir por culpa pr\u00f3pria na F1<\/a><\/strong><\/p>\n\n\n\n<figure class=\"wp-block-embed is-type-video is-provider-youtube wp-block-embed-youtube wp-embed-aspect-16-9 wp-has-aspect-ratio\"><div class=\"wp-block-embed__wrapper\">\n<iframe loading=\"lazy\" title=\"PIASTRI VENCE, VERSTAPPEN FICA LOUCO E \u00c9 PUNIDO, BORTOLETO 12\u00ba: A F1 NA ESPANHA | BRIEFING\" width=\"500\" height=\"281\" src=\"https:\/\/www.youtube.com\/embed\/8gF50he3i8o?feature=oembed\" frameborder=\"0\" allow=\"accelerometer; autoplay; clipboard-write; encrypted-media; gyroscope; picture-in-picture; web-share\" referrerpolicy=\"strict-origin-when-cross-origin\" allowfullscreen><\/iframe>\n<\/div><\/figure>\n","protected":false},"excerpt":{"rendered":"<p>Questionado sobre incidente com Max Verstappen no GP da Espanha, George Russell mandou indireta para Dan Ticktum, que ironizou o piloto da Mercedes nas redes sociais<\/p>\n","protected":false},"author":0,"featured_media":1000773257,"comment_status":"closed","ping_status":"closed","sticky":false,"template":"","format":"standard","meta":{"42wp_featured_image_caption":"","42wp_featured_image_credits":"","42wp_featured_video":"","42wp_featured_image_hidden":false,"42wp_authors_list":[],"footnotes":""},"categories":[2],"tags":[304,26271,28679,5273,6853,41812,985,1877,147,3630,180,3628,840,38802,800,996,43728,1491,28285,30840,35442,203,82,35129,36219,204,41542,42001],"42wp_author":[47164],"class_list":["post-21734","post","type-post","status-publish","format-standard","has-post-thumbnail","hentry","category-f1","tag-barcelona","tag-calendario-f1","tag-calendario-formula-e","tag-classificacao-f1","tag-classificacao-formula-e","tag-cupra-kiro","tag-dan-ticktum","tag-espanha","tag-f1","tag-f1-2025","tag-formula-1","tag-formula-1-2025","tag-formula-e","tag-formula-e-2025","tag-george-russell","tag-gp-da-espanha","tag-gp-da-espanha-f1","tag-grande-premio","tag-grandepremio","tag-horarios-f1","tag-horarios-formula-e","tag-max-verstappen","tag-mercedes","tag-onde-assistir-f1","tag-onde-assistir-formula-e","tag-red-bull","tag-temporada-2025-da-formula-e","tag-temporada-2025-f1","42wp_author-marcos-gil-ribeiro"],"_links":{"self":[{"href":"https:\/\/grandepremio.com\/br\/wp-json\/wp\/v2\/posts\/21734","targetHints":{"allow":["GET"]}}],"collection":[{"href":"https:\/\/grandepremio.com\/br\/wp-json\/wp\/v2\/posts"}],"about":[{"href":"https:\/\/grandepremio.com\/br\/wp-json\/wp\/v2\/types\/post"}],"replies":[{"embeddable":true,"href":"https:\/\/grandepremio.com\/br\/wp-json\/wp\/v2\/comments?post=21734"}],"version-history":[{"count":0,"href":"https:\/\/grandepremio.com\/br\/wp-json\/wp\/v2\/posts\/21734\/revisions"}],"wp:featuredmedia":[{"embeddable":true,"href":"https:\/\/grandepremio.com\/br\/wp-json\/wp\/v2\/media\/1000773257"}],"wp:attachment":[{"href":"https:\/\/grandepremio.com\/br\/wp-json\/wp\/v2\/media?parent=21734"}],"wp:term":[{"taxonomy":"category","embeddable":true,"href":"https:\/\/grandepremio.com\/br\/wp-json\/wp\/v2\/categories?post=21734"},{"taxonomy":"post_tag","embeddable":true,"href":"https:\/\/grandepremio.com\/br\/wp-json\/wp\/v2\/tags?post=21734"},{"taxonomy":"42wp_author","embeddable":true,"href":"https:\/\/grandepremio.com\/br\/wp-json\/wp\/v2\/42wp_author?post=21734"}],"curies":[{"name":"wp","href":"https:\/\/api.w.org\/{rel}","templated":true}]}}