{"id":21735,"date":"2025-06-02T11:53:51","date_gmt":"2025-06-02T14:53:51","guid":{"rendered":"https:\/\/grandepremio.com\/br\/noticias\/louis-foster-culpa-pista-irregular-esburacada-detroit-por-quebra-suspensao\/"},"modified":"2025-06-02T12:02:19","modified_gmt":"2025-06-02T15:02:19","slug":"louis-foster-culpa-pista-irregular-esburacada-detroit-por-quebra-suspensao","status":"publish","type":"post","link":"https:\/\/grandepremio.com\/br\/indy\/louis-foster-culpa-pista-irregular-esburacada-detroit-por-quebra-suspensao\/","title":{"rendered":"Foster culpa pista &#8220;irregular e esburacada&#8221; de Detroit por quebra de suspens\u00e3o"},"content":{"rendered":"\n<p class=\"wp-block-paragraph\">De modo contido, <strong>Louis Foster<\/strong> jogou a culpa pela quebra de suspens\u00e3o no <strong>GP de Detroit<\/strong>, disputado neste domingo (1), \u00e0 pista &#8220;irregular e esburacada&#8221; montada no centro da cidade do <strong>Michigan<\/strong>. O incidente gerou um forte acidente entre o brit\u00e2nico e <strong>Felix Rosenqvist<\/strong>, que foi acertado pelo desgovernado carro da <strong>RLL.<\/strong><\/p>\n\n\n\n<p class=\"wp-block-paragraph\">A batida causou minutos de apreens\u00e3o para quem acompanhava a prova da Indy. Via r\u00e1dio, Rosenqvist relatou dores na perna, enquanto Foster passou reto e estampou com for\u00e7a a barreira de pneus. O brit\u00e2nico conseguiu deixar o carro sem maiores problemas, enquanto o sueco precisou de ajudar do time de resgaste, pois acertou o joelho no volante.<\/p>\n\n\n\n<p class=\"wp-block-paragraph\">Depois de ter sido liberado do centro m\u00e9dico, Foster lamentou o abandono, que poderia render o primeiro top-10 do brit\u00e2nico na Indy \u2014 o melhor resultado do piloto da RLL, estreante na categoria, foi o 11\u00ba lugar no <strong>GP de Indian\u00e1polis<\/strong>.<\/p>\n\n\n\n<p class=\"wp-block-paragraph\">\u25b6\ufe0f\u00a0<strong>Inscreva-se nos dois canais do GRANDE PR\u00caMIO no YouTube:\u00a0<a href=\"https:\/\/www.youtube.com\/channel\/UC9OlHEgxoaY6QY6nWPoiqQg?sub_confirmation=1\" target=\"_blank\" rel=\"noreferrer noopener\">GP<\/a>\u00a0|\u00a0<a href=\"https:\/\/www.youtube.com\/channel\/UC9csiS6q_C3C0FYhyr1rnFA?sub_confirmation=1\" target=\"_blank\" rel=\"noreferrer noopener\">GP2<\/a><\/strong><br><strong>LEIA MAIS:\u00a0<a href=\"https:\/\/www.grandepremio.com\/br\/indy\/noticias\/kyle-kirkwood-cresce-reta-final-vence-gp-detroit-indy-alex-palou-bate\/\">Kirkwood cresce na reta final e vence GP de Detroit da Indy. Palou bate<\/a><\/strong><\/p>\n\n\n\n\n\n\n\n<p class=\"wp-block-paragraph\">&#8220;Claramente foi uma quebra na suspens\u00e3o. Assim que pisei no freio, a dianteira direita simplesmente cedeu e a suspens\u00e3o saltou \u2014 n\u00e3o pude fazer nada. \u00c9 dif\u00edcil, n\u00e3o tenho muito o que dizer agora. Simplesmente um problema no carro. Esse lugar \u00e9 t\u00e3o irregular, t\u00e3o esburacado&#8230; coloca muita press\u00e3o nos pilotos e nos carros&#8221;, apontou Foster \u00e0 FOX Sports.<\/p>\n\n\n\n<p class=\"wp-block-paragraph\">&#8220;Minha intui\u00e7\u00e3o diz que sim [a pista esburacada contribuiu para a quebra]. N\u00e3o sei o que fazer ou dizer, est\u00e1vamos fazendo uma \u00f3tima corrida. A RLL meu deu um carro incr\u00edvel, r\u00e1pido, e brigando por, com certeza, um top-10. Uma pena, pois teria sido nosso melhor resultado hoje ou, ao menos, na briga por isso&#8221;, encerrou Foster.<\/p>\n\n\n\n<p class=\"wp-block-paragraph\">A\u00a0<a href=\"https:\/\/www.grandepremio.com\/formula-indy\/\" target=\"_blank\" rel=\"noreferrer noopener\">Indy<\/a>\u00a0retorna em duas semanas com a etapa no oval de\u00a0<a href=\"https:\/\/www.grandepremio.com\/br\/circuito\/gateway\/\" target=\"_blank\" rel=\"noreferrer noopener\">Gateway<\/a>, localizado em Madison, no Illinois. A corrida acontece no dia 15 de junho, com cobertura completa do\u00a0<strong>GRANDE PR\u00caMIO.<\/strong><\/p>\n\n\n\n\n","protected":false},"excerpt":{"rendered":"<p>Louis Foster lamentou abandono no GP de Detroit ap\u00f3s receber &#8220;carro incr\u00edvel e r\u00e1pido&#8221; da RLL. &#8220;Poderia brigar pelo top-10&#8221;, disse<\/p>\n","protected":false},"author":0,"featured_media":1000975778,"comment_status":"closed","ping_status":"closed","sticky":false,"template":"","format":"standard","meta":{"42wp_featured_image_caption":"","42wp_featured_image_credits":"","42wp_featured_video":"","42wp_featured_image_hidden":false,"42wp_authors_list":[],"footnotes":""},"categories":[3],"tags":[2980,487,5012,9828,417,1559,32086,43664,43608,2908,448,28552,6133,1824,831,334,26167,1581,14640,796,147,3630,3144,176,26800,39174,180,619,322,43770,1595,5100,1491,28285,267,130,35361,705,706,2561,2555,93,39054,232,43021,32908,94,43735,4717,1555,4157,791,3201,31652,1569,90,1782,2140,33221,25714,29784,27380,265,349,1331,1869,1245,733,830,732,266,321,3133],"42wp_author":[47155],"class_list":["post-21735","post","type-post","status-publish","format-standard","has-post-thumbnail","hentry","category-indy","tag-500-milhas-de-indianapolis","tag-acidente","tag-al-unser-jr","tag-alex-palou","tag-andretti","tag-assistir-f1","tag-assistir-indy-ao-vivo","tag-atenuador","tag-base-da-indy","tag-bump-day","tag-caio-collet","tag-calendario-indy","tag-classificacao-indy","tag-conor-daly","tag-dale-coyne","tag-david-malukas","tag-demissao","tag-dennis-hauger","tag-doug-boles","tag-emerson-fittipaldi","tag-f1","tag-f1-2025","tag-felix-rosenqvist","tag-fernando-alonso","tag-fora-2","tag-fora-da-corrida","tag-formula-1","tag-formula-indy","tag-foyt","tag-foyt-chevrolet","tag-ganassi","tag-gp-de-monaco","tag-grande-premio","tag-grandepremio","tag-helio-castroneves","tag-honda","tag-horarios-indy","tag-imsa","tag-imsa-sportscar","tag-indianapolis","tag-indianapolis-motor-speedway","tag-indy","tag-indy-2025","tag-indy-500","tag-indy-ao-vivo-gratis","tag-indy-nxt","tag-indycar","tag-interino","tag-jacob-abel","tag-josef-newgarden","tag-juncos","tag-kyle-kirkwood","tag-kyle-larson","tag-louis-foster","tag-marcus-ericsson","tag-mclaren","tag-meyer-shank","tag-monaco","tag-motor-hibrido","tag-nolan-siegel","tag-onde-assistir-indy","tag-pato-oward-3","tag-penske","tag-prema","tag-rll","tag-robert-shwartzman","tag-roger-penske","tag-ryan-briscoe","tag-santino-ferrucci","tag-scott-dixon","tag-scott-mclaughlin","tag-tony-kanaan","tag-will-power","42wp_author-daniel-balsa"],"_links":{"self":[{"href":"https:\/\/grandepremio.com\/br\/wp-json\/wp\/v2\/posts\/21735","targetHints":{"allow":["GET"]}}],"collection":[{"href":"https:\/\/grandepremio.com\/br\/wp-json\/wp\/v2\/posts"}],"about":[{"href":"https:\/\/grandepremio.com\/br\/wp-json\/wp\/v2\/types\/post"}],"replies":[{"embeddable":true,"href":"https:\/\/grandepremio.com\/br\/wp-json\/wp\/v2\/comments?post=21735"}],"version-history":[{"count":0,"href":"https:\/\/grandepremio.com\/br\/wp-json\/wp\/v2\/posts\/21735\/revisions"}],"wp:featuredmedia":[{"embeddable":true,"href":"https:\/\/grandepremio.com\/br\/wp-json\/wp\/v2\/media\/1000975778"}],"wp:attachment":[{"href":"https:\/\/grandepremio.com\/br\/wp-json\/wp\/v2\/media?parent=21735"}],"wp:term":[{"taxonomy":"category","embeddable":true,"href":"https:\/\/grandepremio.com\/br\/wp-json\/wp\/v2\/categories?post=21735"},{"taxonomy":"post_tag","embeddable":true,"href":"https:\/\/grandepremio.com\/br\/wp-json\/wp\/v2\/tags?post=21735"},{"taxonomy":"42wp_author","embeddable":true,"href":"https:\/\/grandepremio.com\/br\/wp-json\/wp\/v2\/42wp_author?post=21735"}],"curies":[{"name":"wp","href":"https:\/\/api.w.org\/{rel}","templated":true}]}}