{"id":21743,"date":"2025-06-02T10:48:58","date_gmt":"2025-06-02T13:48:58","guid":{"rendered":"https:\/\/grandepremio.com\/br\/noticias\/colton-herta-diz-saiu-peso-ombros-podio-gp-de-detroit-ano-dificil\/"},"modified":"2025-06-02T14:40:40","modified_gmt":"2025-06-02T17:40:40","slug":"colton-herta-diz-saiu-peso-ombros-podio-gp-de-detroit-ano-dificil","status":"publish","type":"post","link":"https:\/\/grandepremio.com\/br\/indy\/colton-herta-diz-saiu-peso-ombros-podio-gp-de-detroit-ano-dificil\/","title":{"rendered":"Herta diz que &#8220;saiu peso dos ombros&#8221; com p\u00f3dio no GP de Detroit: &#8220;Ano dif\u00edcil&#8221;"},"content":{"rendered":"\n<p class=\"wp-block-paragraph\">Apesar de ter sa\u00eddo na pole-position no<strong> GP de Detroit<\/strong>, <strong>Colton Herta<\/strong> terminou &#8220;feliz e satisfeito&#8221; com o terceiro lugar conquistado na s\u00e9tima etapa da temporada 2025 da <strong>Indy<\/strong>, disputada neste domingo (1). O norte-americano indicou que o resultado \u00e9 um alento diante de um ano muito dif\u00edcil.<\/p>\n\n\n\n<p class=\"wp-block-paragraph\">Em 2025, Herta n\u00e3o teve muito o que comemorar. Ao mesmo tempo em tem o nome cotado para correr pela <strong>Cadillac<\/strong> na <strong>F\u00f3rmula 1<\/strong>, o norte-americano tem andado para tr\u00e1s em todas as corridas da Indy neste ano, com exce\u00e7\u00e3o das 500 Milhas de Indian\u00e1polis, quando largou em 27\u00ba e terminou em 14\u00ba \u2014 ainda assim, mero coadjuvante da prova \u2014 e no GP de Thermal, quando largou e chegou em quarto, no, at\u00e9 ent\u00e3o, o melhor resultado da temporada.<\/p>\n\n\n\n<p class=\"wp-block-paragraph\">Maior sal\u00e1rio com margem da <strong>Andretti<\/strong> \u2014 estimado em US$ 7 milh\u00f5es (R$ 39,75 milh\u00f5es na cota\u00e7\u00e3o atual) anuais \u2014 e com contrato at\u00e9 o fim de 2027, Herta tamb\u00e9m viu <strong>Kyle Kirkwood<\/strong> assumir protagonismo na Indy, sendo o \u00fanico que superou <strong>\u00c1lex Palou<\/strong> nesse ano ao vencer os GPs de<strong> Long Beach <\/strong>e Detroit.<\/p>\n\n\n\n<p class=\"wp-block-paragraph\">\u25b6\ufe0f\u00a0<strong>Inscreva-se nos dois canais do GRANDE PR\u00caMIO no YouTube:\u00a0<a href=\"https:\/\/www.youtube.com\/channel\/UC9OlHEgxoaY6QY6nWPoiqQg?sub_confirmation=1\" target=\"_blank\" rel=\"noreferrer noopener\">GP<\/a>\u00a0|\u00a0<a href=\"https:\/\/www.youtube.com\/channel\/UC9csiS6q_C3C0FYhyr1rnFA?sub_confirmation=1\" target=\"_blank\" rel=\"noreferrer noopener\">GP2<\/a><\/strong><br><strong>LEIA MAIS:\u00a0<a href=\"https:\/\/www.grandepremio.com\/br\/indy\/noticias\/kyle-kirkwood-cresce-reta-final-vence-gp-detroit-indy-alex-palou-bate\/\">Kirkwood cresce na reta final e vence GP de Detroit da Indy. Palou bate<\/a><\/strong><\/p>\n\n\n\n<figure class=\"wp-block-image size-large\"><img decoding=\"async\" src=\"https:\/\/www.grandepremio.com\/br\/wp-content\/uploads\/2025\/05\/Colton-Herta-Chevrolet-Detroit-Grand-Prix-By_-Paul-Hurley_Large-Image-Without-Watermark_m133486-1-1200x800.jpg\" alt=\"\" class=\"wp-image-975817\"\/><figcaption class=\"wp-element-caption\">Colton Herta (Foto: IndyCar)<\/figcaption><\/figure>\n\n\n\n<p class=\"wp-block-paragraph\">Apesar de ser superado pelo companheiro em Detroit, levar o trof\u00e9u para casa foi um al\u00edvio para Herta, que aproveitou para cutucar a Chevrolet, patrocinadora da prova e que tem sede nos arredores do circuito urbano da cidade do Michigan. A Andretti tem motores Honda.<\/p>\n\n\n\n<p class=\"wp-block-paragraph\">&#8220;Estou satisfeito e feliz por finalmente conseguir um bom resultado, com certeza. Parab\u00e9ns ao Kyle [Kirkwood] e a toda a equipe. \u00c9 como se um enorme peso tivesse sa\u00eddo dos meus ombros. \u00c9 um pouco decepcionante conseguir a pole-position e n\u00e3o vencer a corrida, mas, como essa corrida \u00e9 insana, s\u00f3 de sobreviver a ela j\u00e1 \u00e9 uma grande coisa&#8221;, comentou Herta.<\/p>\n\n\n\n<p class=\"wp-block-paragraph\">&#8220;Se algu\u00e9m me dissesse antes da corrida que terminaria em terceiro, ficaria feliz, porque este ano tem sido muito dif\u00edcil. Ent\u00e3o, jogo r\u00e1pido: grande Honda! Feliz por bater a Chevy aqui em Detroit&#8221;, encerrou Herta.<\/p>\n\n\n\n<p class=\"wp-block-paragraph\">A\u00a0<a href=\"https:\/\/www.grandepremio.com\/formula-indy\/\" target=\"_blank\" rel=\"noreferrer noopener\">Indy<\/a>\u00a0retorna em duas semanas com a etapa no oval de\u00a0<a href=\"https:\/\/www.grandepremio.com\/br\/circuito\/gateway\/\" target=\"_blank\" rel=\"noreferrer noopener\">Gateway<\/a>, localizado em Madison, no Illinois. A corrida acontece no dia 15 de junho, com cobertura completa do\u00a0<strong>GRANDE PR\u00caMIO.<\/strong><\/p>\n\n\n\n\n","protected":false},"excerpt":{"rendered":"<p>Colton Herta aproveitou e exaltou o fato da Honda vencer em Detroit, casa da concorrente Chevrolet, que tem sede no centro da cidade<\/p>\n","protected":false},"author":0,"featured_media":1000975818,"comment_status":"closed","ping_status":"closed","sticky":false,"template":"","format":"standard","meta":{"42wp_featured_image_caption":"","42wp_featured_image_credits":"","42wp_featured_video":"","42wp_featured_image_hidden":false,"42wp_authors_list":[],"footnotes":""},"categories":[3],"tags":[2980,487,5012,9828,417,2908,448,28552,6133,1824,831,334,1581,4925,14640,796,147,3630,3144,176,26800,39174,180,619,322,1595,4938,3773,5100,1491,28285,267,130,35361,705,706,2561,2555,93,39054,232,43021,32908,94,43735,4717,1555,4157,791,3201,31652,3936,1569,90,1782,2140,33221,25714,29784,3135,27380,265,349,24999,1331,1869,1245,733,830,732,266,43796,321,3133],"42wp_author":[47155],"class_list":["post-21743","post","type-post","status-publish","format-standard","has-post-thumbnail","hentry","category-indy","tag-500-milhas-indianapolis","tag-acidente","tag-al-unser-jr","tag-alex-palou","tag-andretti","tag-bump-day","tag-caio-collet","tag-calendario-indy","tag-classificacao-indy","tag-conor-daly","tag-dale-coyne","tag-david-malukas","tag-dennis-hauger","tag-detroit","tag-doug-boles","tag-emerson-fittipaldi","tag-f1","tag-f1-2025","tag-felix-rosenqvist","tag-fernando-alonso","tag-fora-2","tag-fora-da-corrida","tag-formula-1","tag-formula-indy","tag-foyt","tag-ganassi","tag-gp-de-detroit","tag-gp-de-gateway","tag-gp-de-monaco","tag-grande-premio","tag-grandepremio","tag-helio-castroneves","tag-honda","tag-horarios-indy","tag-imsa","tag-imsa-sportscar","tag-indianapolis","tag-indianapolis-motor-speedway","tag-indy","tag-indy-2025","tag-indy-500","tag-indy-ao-vivo-gratis","tag-indy-nxt","tag-indycar","tag-interino","tag-jacob-abel","tag-josef-newgarden","tag-juncos","tag-kyle-kirkwood","tag-kyle-larson","tag-louis-foster","tag-madison","tag-marcus-ericsson","tag-mclaren","tag-meyer-shank","tag-monaco","tag-motor-hibrido","tag-nolan-siegel","tag-onde-assistir-indy","tag-oval","tag-pato-oward-3","tag-penske","tag-prema","tag-renovacao","tag-rll","tag-robert-shwartzman","tag-roger-penske","tag-ryan-briscoe","tag-santino-ferrucci","tag-scott-dixon","tag-scott-mclaughlin","tag-st-louis","tag-tony-kanaan","tag-will-power","42wp_author-daniel-balsa"],"_links":{"self":[{"href":"https:\/\/grandepremio.com\/br\/wp-json\/wp\/v2\/posts\/21743","targetHints":{"allow":["GET"]}}],"collection":[{"href":"https:\/\/grandepremio.com\/br\/wp-json\/wp\/v2\/posts"}],"about":[{"href":"https:\/\/grandepremio.com\/br\/wp-json\/wp\/v2\/types\/post"}],"replies":[{"embeddable":true,"href":"https:\/\/grandepremio.com\/br\/wp-json\/wp\/v2\/comments?post=21743"}],"version-history":[{"count":0,"href":"https:\/\/grandepremio.com\/br\/wp-json\/wp\/v2\/posts\/21743\/revisions"}],"wp:featuredmedia":[{"embeddable":true,"href":"https:\/\/grandepremio.com\/br\/wp-json\/wp\/v2\/media\/1000975818"}],"wp:attachment":[{"href":"https:\/\/grandepremio.com\/br\/wp-json\/wp\/v2\/media?parent=21743"}],"wp:term":[{"taxonomy":"category","embeddable":true,"href":"https:\/\/grandepremio.com\/br\/wp-json\/wp\/v2\/categories?post=21743"},{"taxonomy":"post_tag","embeddable":true,"href":"https:\/\/grandepremio.com\/br\/wp-json\/wp\/v2\/tags?post=21743"},{"taxonomy":"42wp_author","embeddable":true,"href":"https:\/\/grandepremio.com\/br\/wp-json\/wp\/v2\/42wp_author?post=21743"}],"curies":[{"name":"wp","href":"https:\/\/api.w.org\/{rel}","templated":true}]}}