{"id":21745,"date":"2025-06-02T10:29:48","date_gmt":"2025-06-02T13:29:48","guid":{"rendered":"https:\/\/grandepremio.com\/br\/noticias\/oscar-piastri-diz-esperava-ameaca-real-red-bull-espanha-mais-tatica-que-ritmo\/"},"modified":"2025-06-02T13:56:42","modified_gmt":"2025-06-02T16:56:42","slug":"oscar-piastri-diz-esperava-ameaca-real-red-bull-espanha-mais-tatica-que-ritmo","status":"publish","type":"post","link":"https:\/\/grandepremio.com\/br\/f1\/oscar-piastri-diz-esperava-ameaca-real-red-bull-espanha-mais-tatica-que-ritmo\/","title":{"rendered":"Piastri diz que esperava &#8220;amea\u00e7a real&#8221; da Red Bull na Espanha: &#8220;Mais t\u00e1tica do que ritmo&#8221;"},"content":{"rendered":"\n<p class=\"wp-block-paragraph\"><strong>Oscar Piastri<\/strong> admitiu que esperava mais da <strong>Red Bull<\/strong> na <strong>Espanha<\/strong> depois da vit\u00f3ria de<strong> Max Verstappen<\/strong> no <strong>GP da Em\u00edlia-Romanha<\/strong>, etapa que abriu a perna tripla europeia da<strong> temporada 2025<\/strong> da <strong>F\u00f3rmula 1<\/strong>. O neerland\u00eas at\u00e9 flertou com uma briga contra os carros da <strong>McLaren<\/strong>, por\u00e9m o australiano pontuou que foi muito em fun\u00e7\u00e3o <a href=\"https:\/\/www.grandepremio.com\/br\/f1\/noticias\/oscar-piastri-revela-surpresa-estrategia-max-verstappen-espanha-nao-estava-esperando\/\">da escolha estrat\u00e9gica de pneus <\/a>do que pelo ritmo puro do <strong>RB21<\/strong>.<\/p>\n\n\n\n<p class=\"wp-block-paragraph\">Vencedor da corrida realizada em Barcelona, <a href=\"https:\/\/www.grandepremio.com\/br\/f1\/noticias\/oscar-piastri-comanda-1-2-soberano-mclaren-vence-tatico-gp-espanha-gabriel-bortoleto-12o\/\">no domingo (1\u00ba)<\/a>, Piastri controlou o ritmo depois de largar na pole-position \u2014 posi\u00e7\u00e3o, ali\u00e1s, conquistada com uma diferen\u00e7a de 0s3 para Verstappen, que ficou em terceiro na classifica\u00e7\u00e3o.<\/p>\n\n\n\n<p class=\"wp-block-paragraph\">Durante a coletiva de imprensa realizada ap\u00f3s a prova, Piastri foi perguntado pelo <strong>GRANDE PR\u00caMIO <\/strong>se ainda h\u00e1 alguma pista no calend\u00e1rio em que a McLaren n\u00e3o seja t\u00e3o dominante. Ele refletiu e lembrou que a equipe papaia &#8220;esperava ser um pouco mais r\u00e1pida do que foi em <strong>\u00cdmola<\/strong>&#8220;, justamente onde Max venceu.<\/p>\n\n\n\n<p class=\"wp-block-paragraph\">A partir da\u00ed, avaliou o desempenho da rival taurina. &#8220;Neste fim de semana, provavelmente fomos um pouco mais r\u00e1pidos do que esper\u00e1vamos em compara\u00e7\u00e3o com a Red Bull. Pensamos que eles seriam uma amea\u00e7a real neste fim de semana. Eles estavam na nossa corrida, por\u00e9m mais por estrat\u00e9gia do que por ritmo puro, acredito.&#8221;<\/p>\n\n\n\n<figure class=\"wp-block-image size-large\"><img decoding=\"async\" src=\"https:\/\/www.grandepremio.com\/br\/wp-content\/uploads\/2025\/06\/espanha-2025-f1-corrida-mclaren-oscar-piastri-afp-02-1200x808.jpg\" alt=\"\" class=\"wp-image-976452\"\/><figcaption class=\"wp-element-caption\">Oscar Piastri esperava mais da Red Bull na Espanha (Foto: AFP) <\/figcaption><\/figure>\n\n\n\n<p class=\"wp-block-paragraph\">&#8220;Parecia que t\u00ednhamos certa vantagem sobre eles&#8221;, continuou. &#8220;Haver\u00e1 outras pistas em que nossos rivais estar\u00e3o mais pr\u00f3ximos. Provavelmente outras em que eles estar\u00e3o mais distantes. Espero que haja mais pistas em que eles estejam mais distantes do que pr\u00f3ximos. Mas realmente n\u00e3o sei&#8221;, encerrou.<\/p>\n\n\n\n<p class=\"wp-block-paragraph\">Com o resultado no GP da Espanha, Piastri chegou a 186 pontos no <strong>Mundial de Pilotos<\/strong>, 10 a mais que <strong>Lando Norris<\/strong>. A vantagem sobre Verstappen, no entanto, j\u00e1 \u00e9 de 49.<\/p>\n\n\n\n<p class=\"wp-block-paragraph\">A\u00a0<strong><a href=\"https:\/\/www.grandepremio.com\/br\/f1\/\" target=\"_blank\" rel=\"noreferrer noopener\">F\u00f3rmula 1<\/a><\/strong>\u00a0volta de 13 a 15 de junho com o\u00a0<strong>GP do Canad\u00e1<\/strong>, d\u00e9cima etapa da\u00a0<strong>temporada 2025<\/strong>.<\/p>\n\n\n\n<p class=\"wp-block-paragraph\">\u25b6\ufe0f<strong>\u00a0Inscreva-se nos dois canais do GRANDE PR\u00caMIO no YouTube:\u00a0<a href=\"https:\/\/www.youtube.com\/channel\/UC9OlHEgxoaY6QY6nWPoiqQg?sub_confirmation=1\" target=\"_blank\" rel=\"noreferrer noopener\">GP<\/a>\u00a0|\u00a0<a href=\"https:\/\/www.youtube.com\/channel\/UC9csiS6q_C3C0FYhyr1rnFA?sub_confirmation=1\" target=\"_blank\" rel=\"noreferrer noopener\">GP2<\/a><\/strong><br><strong>\u25b6\ufe0f<\/strong> <strong>LEIA TAMB\u00c9M: Opini\u00e3o GP:\u00a0<a href=\"https:\/\/www.grandepremio.com\/br\/f1\/noticias\/opiniao-gp-max-verstappen-aciona-modo-insolente-ve-disputa-ruir-culpa-propria-f1\/\">Verstappen aciona modo insolente e v\u00ea disputa ruir por culpa pr\u00f3pria na F1<\/a><\/strong><\/p>\n\n\n\n<figure class=\"wp-block-embed is-type-video is-provider-youtube wp-block-embed-youtube wp-embed-aspect-16-9 wp-has-aspect-ratio\"><div class=\"wp-block-embed__wrapper\">\n<iframe loading=\"lazy\" title=\"PIASTRI VENCE, VERSTAPPEN FICA LOUCO E \u00c9 PUNIDO, BORTOLETO 12\u00ba: A F1 NA ESPANHA | BRIEFING\" width=\"500\" height=\"281\" src=\"https:\/\/www.youtube.com\/embed\/8gF50he3i8o?feature=oembed\" frameborder=\"0\" allow=\"accelerometer; autoplay; clipboard-write; encrypted-media; gyroscope; picture-in-picture; web-share\" referrerpolicy=\"strict-origin-when-cross-origin\" allowfullscreen><\/iframe>\n<\/div><\/figure>\n","protected":false},"excerpt":{"rendered":"<p>Em resposta ao GRANDE PR\u00caMIO, Oscar Piastri afirmou que a McLaren pareceu ter vantagem sobre a Red Bull durante todo o fim de semana na Espanha, o que o deixou surpreso<\/p>\n","protected":false},"author":0,"featured_media":1000975670,"comment_status":"closed","ping_status":"closed","sticky":false,"template":"","format":"standard","meta":{"42wp_featured_image_caption":"","42wp_featured_image_credits":"","42wp_featured_video":"","42wp_featured_image_hidden":false,"42wp_authors_list":[],"footnotes":""},"categories":[2],"tags":[304,26271,5273,1877,43731,5148,147,3630,180,3628,996,43728,1491,28285,30840,90,35129,2916,42001],"42wp_author":[47165,47147],"class_list":["post-21745","post","type-post","status-publish","format-standard","has-post-thumbnail","hentry","category-f1","tag-barcelona","tag-calendario-f1","tag-classificacao-f1","tag-espanha","tag-espanha-2025","tag-espanha-f1","tag-f1","tag-f1-2025","tag-formula-1","tag-formula-1-2025","tag-gp-da-espanha","tag-gp-da-espanha-f1","tag-grande-premio","tag-grandepremio","tag-horarios-f1","tag-mclaren","tag-onde-assistir-f1","tag-oscar-piastri","tag-temporada-2025-f1","42wp_author-leonid-kluiev","42wp_author-luana-marino"],"_links":{"self":[{"href":"https:\/\/grandepremio.com\/br\/wp-json\/wp\/v2\/posts\/21745","targetHints":{"allow":["GET"]}}],"collection":[{"href":"https:\/\/grandepremio.com\/br\/wp-json\/wp\/v2\/posts"}],"about":[{"href":"https:\/\/grandepremio.com\/br\/wp-json\/wp\/v2\/types\/post"}],"replies":[{"embeddable":true,"href":"https:\/\/grandepremio.com\/br\/wp-json\/wp\/v2\/comments?post=21745"}],"version-history":[{"count":0,"href":"https:\/\/grandepremio.com\/br\/wp-json\/wp\/v2\/posts\/21745\/revisions"}],"wp:featuredmedia":[{"embeddable":true,"href":"https:\/\/grandepremio.com\/br\/wp-json\/wp\/v2\/media\/1000975670"}],"wp:attachment":[{"href":"https:\/\/grandepremio.com\/br\/wp-json\/wp\/v2\/media?parent=21745"}],"wp:term":[{"taxonomy":"category","embeddable":true,"href":"https:\/\/grandepremio.com\/br\/wp-json\/wp\/v2\/categories?post=21745"},{"taxonomy":"post_tag","embeddable":true,"href":"https:\/\/grandepremio.com\/br\/wp-json\/wp\/v2\/tags?post=21745"},{"taxonomy":"42wp_author","embeddable":true,"href":"https:\/\/grandepremio.com\/br\/wp-json\/wp\/v2\/42wp_author?post=21745"}],"curies":[{"name":"wp","href":"https:\/\/api.w.org\/{rel}","templated":true}]}}