{"id":21761,"date":"2025-06-02T04:00:00","date_gmt":"2025-06-02T07:00:00","guid":{"rendered":"https:\/\/grandepremio.com\/br\/noticias\/opiniao-gp-max-verstappen-aciona-modo-insolente-ve-disputa-ruir-culpa-propria-f1\/"},"modified":"2025-06-02T06:56:53","modified_gmt":"2025-06-02T09:56:53","slug":"opiniao-gp-max-verstappen-aciona-modo-insolente-ve-disputa-ruir-culpa-propria-f1","status":"publish","type":"post","link":"https:\/\/grandepremio.com\/br\/f1\/opiniao-gp-max-verstappen-aciona-modo-insolente-ve-disputa-ruir-culpa-propria-f1\/","title":{"rendered":"Opini\u00e3o GP: Verstappen aciona modo insolente e v\u00ea disputa ruir por culpa pr\u00f3pria na F1"},"content":{"rendered":"\n<p class=\"wp-block-paragraph\"><strong>\u00c9 ABSOLUTAMENTE INCR\u00cdVEL<\/strong> pensar que o <strong>GP da Espanha<\/strong> <a href=\"https:\/\/www.grandepremio.com\/br\/f1\/noticias\/oscar-piastri-comanda-1-2-soberano-mclaren-vence-tatico-gp-espanha-gabriel-bortoleto-12o\/\">foi capaz de expor quase na mesma intensidade<\/a> a <strong>genialidade<\/strong> e a <strong>insol\u00eancia<\/strong> de <strong>Max Verstappen<\/strong> em um espa\u00e7o t\u00e3o pequeno de tempo. O melhor do neerland\u00eas sempre aparece quando tudo \u00e9 menos \u00f3bvio. Foi assim em diversos momentos da temporada passada e tem sido dessa forma tamb\u00e9m em 2025, desde que ficou claro que a <strong>McLaren<\/strong> tem um carro altamente competitivo, enquanto a <strong>Red Bull <\/strong>pena para entregar um equipamento minimamente confi\u00e1vel. O epis\u00f3dio da vez, em <strong>Barcelona<\/strong>, viu um Verstappen novamente valente e aguerrido, tentando tirar o m\u00e1ximo de performance de um <strong>RB21<\/strong> dif\u00edcil. E tudo parecia caminhar dentro do roteiro tra\u00e7ado pelos taurinos, mas uma interven\u00e7\u00e3o na parte final da prova se tornou uma armadilha, n\u00e3o s\u00f3 para as rea\u00e7\u00f5es da equipe austr\u00edaca, mas principalmente para Max, que, uma vez mais, sucumbiu diante daquilo que n\u00e3o pode controlar.<\/p>\n\n\n\n<p class=\"wp-block-paragraph\">Nunca deixa de surpreender, ali\u00e1s. Porque Verstappen havia colocado seus advers\u00e1rios para pensar na Espanha. Sem um carro t\u00e3o eficiente, o piloto #1 tratou de colocar em pr\u00e1tica uma estrat\u00e9gia diferente da dupla laranja \u2014 que comandou o fim de semana. Ao inv\u00e9s das convencionais duas paradas, por que n\u00e3o uma a mais e a chance de ter pneus melhores no fim da corrida? Andando forte o tempo inteiro, o <strong>tetracampe\u00e3o<\/strong> conduziu firmemente neste prop\u00f3sito desde a bela largada \u2014 tamb\u00e9m \u00e9 curioso notar como a McLaren demorou a perceber a t\u00e1tica rival. J\u00e1 na parte final, ap\u00f3s a rea\u00e7\u00e3o dos papaias \u00e0 ideia dos taurinos, Max se viu pouco atr\u00e1s de Norris e em condi\u00e7\u00e3o de tentar o bote mais para frente. Quer dizer, mesmo com uma desvantagem t\u00e9cnica, o neerland\u00eas havia mexido com os planos dos oponentes \u2014 como tem feito ao longo do campeonato: foi assim que venceu em <strong>Suzuka<\/strong> e <strong>\u00cdmola<\/strong>.<\/p>\n\n\n\n<p class=\"wp-block-paragraph\">O problema \u00e9 que, a dez voltas do fim, uma interven\u00e7\u00e3o do <strong>safety-car<\/strong> mudou a hist\u00f3ria do tetracampe\u00e3o na Espanha. Instintivamente, sempre que o carro de seguran\u00e7a entra na pista, h\u00e1 uma sanha de ir aos boxes \u2014 muitas vezes justificada \u2014 e foi o que a <strong>Red Bull<\/strong> fez. No entanto, Max tinha apenas um jogo de pneus duros, que sequer seriam usados na corrida, tamanha dificuldade de aquecer e criar a ader\u00eancia correta. A estrat\u00e9gia de 3 pit-stops cobrou seu pre\u00e7o ali. Quando percebeu a escolha, Max questionou a equipe, mas a\u00ed In\u00eas \u00e9 morta. A extrema irrita\u00e7\u00e3o ficou clara no r\u00e1dio&#8230;<\/p>\n\n\n\n<p class=\"wp-block-paragraph\"><strong>LEIA MAIS<br>\u25b6\ufe0f <a href=\"https:\/\/www.grandepremio.com\/br\/f1\/noticias\/5-coisas-que-aprendemos-no-gp-da-espanha-9a-etapa-da-formula-1-2025\/\">5 coisas que aprendemos no GP da Espanha, 9\u00aa etapa da F\u00f3rmula 1 2025<\/a><\/strong><\/p>\n\n\n\n<figure class=\"wp-block-embed is-type-video is-provider-youtube wp-block-embed-youtube wp-embed-aspect-16-9 wp-has-aspect-ratio\"><div class=\"wp-block-embed__wrapper\">\n<iframe loading=\"lazy\" title=\"PIASTRI VENCE, VERSTAPPEN FICA LOUCO E \u00c9 PUNIDO, BORTOLETO 12\u00ba: A F1 NA ESPANHA | BRIEFING\" width=\"500\" height=\"281\" src=\"https:\/\/www.youtube.com\/embed\/8gF50he3i8o?feature=oembed\" frameborder=\"0\" allow=\"accelerometer; autoplay; clipboard-write; encrypted-media; gyroscope; picture-in-picture; web-share\" referrerpolicy=\"strict-origin-when-cross-origin\" allowfullscreen><\/iframe>\n<\/div><\/figure>\n\n\n\n<p class=\"wp-block-paragraph\">Na relargada da prova, o piloto por pouco n\u00e3o perdeu o carro, justamente na preocupa\u00e7\u00e3o de manter os pneus quentes. <strong>Charles Leclerc<\/strong>, que vinha logo atr\u00e1s, aproveitou o vacilo e emparelhou na longa reta dos boxes. Houve um pequeno toque, mas nada que mudasse o rumo da prosa. O monegasco passou e assumiu o terceiro lugar. Logo atr\u00e1s, <strong>George Russell<\/strong> tamb\u00e9m buscou tirar proveito da vulnerabilidade de Max e dividiu a primeira curva com ele. Novo enrosco, ambos bateram rodas, ent\u00e3o o caos se instaurou.<\/p>\n\n\n\n<p class=\"wp-block-paragraph\">Verstappen se mostrou irado n\u00e3o s\u00f3 com Russell, a quem acusou de ter lhe empurrado para fora da pista, mas tamb\u00e9m Leclerc. Mais tarde, Max ainda voltaria a artilharia para os comiss\u00e1rios, apontando as regras como &#8220;maior problema&#8221; na F1 atual. &#8220;O que \u00e9 permitido e o que n\u00e3o \u00e9, n\u00e3o \u00e9 muito natural&#8221;, disse. &#8220;E isso \u00e9 bastante frustrante. E, claro, \u00e0s vezes funciona a favor, \u00e0s vezes funciona contra, e hoje isso funcionou contra mim.&#8221;<\/p>\n\n\n\n<p class=\"wp-block-paragraph\">A dire\u00e7\u00e3o de prova decidiu investigar os incidentes. Naquele momento derradeiro e temendo uma puni\u00e7\u00e3o, a Red Bull pediu a Max para devolver a posi\u00e7\u00e3o ao ingl\u00eas da <strong>Mercedes<\/strong>. O neerland\u00eas n\u00e3o gostou e seguiu protestando at\u00e9 que ensaiou ceder o posto ao advers\u00e1rio. Verstappen deixou espa\u00e7o, indicando que deixaria passar, mas acabou batendo no rival em uma postura n\u00e3o s\u00f3 agressiva al\u00e9m da conta, como constrangedora. Tomou 10s de san\u00e7\u00e3o, o que lhe tirou qualquer oportunidade de maximizar o resultado espanhol. No fim, ainda caiu para d\u00e9cimo, somando um pontinho. <\/p>\n\n\n\n<p class=\"wp-block-paragraph\">&#8220;J\u00e1 tinha visto esse tipo de manobra no&nbsp;<strong>iRacing<\/strong>&nbsp;(simulador) e no kart, mas nunca na&nbsp;<a href=\"https:\/\/www.grandepremio.com\/br\/f1\/\">F1<\/a>, isso \u00e9 novo para mim. N\u00e3o faz muito sentido bater de prop\u00f3sito e danificar o pr\u00f3prio carro&#8221;, afirmou Russell ap\u00f3s a prova.<\/p>\n\n\n\n<figure class=\"wp-block-image size-large\"><img decoding=\"async\" src=\"https:\/\/www.grandepremio.com\/br\/wp-content\/uploads\/2025\/05\/imola-2025-f1-quinta-feira-mercedes-george-russell-01-1200x675.jpg\" alt=\"\" class=\"wp-image-967612\"\/><figcaption class=\"wp-element-caption\">George Russell trocou farpas com Verstappen ap\u00f3s a corrida (Foto: Mercedes)<\/figcaption><\/figure>\n\n\n\n<p class=\"wp-block-paragraph\">A puni\u00e7\u00e3o soou branda para muita gente, justamente por conta da sensa\u00e7\u00e3o de que Verstappen fez de prop\u00f3sito, retomando outros epis\u00f3dios em que agiu da mesma forma. Exemplo mais recente, o<strong> GP da Cidade do M\u00e9xico <\/strong>do ano passado, em que tomou 20s, ap\u00f3s dois incidentes em divididas com <strong>Lando Norris<\/strong>. O ponto aqui \u00e9 que Verstappen tem um lado que aflora facilmente em situa\u00e7\u00f5es de maior press\u00e3o e que apaga uma de suas principais virtudes: a capacidade de tratar a disputa de maneira fria e cerebral. E que coloca em risco o seu enorme e admir\u00e1vel instinto competitivo.<\/p>\n\n\n\n<p class=\"wp-block-paragraph\">Verstappen \u00e9 um g\u00eanio deste esporte e, como tal, faz coisas que ningu\u00e9m mais faz. Conquista pela pilotagem agressiva e a voracidade com que persegue as vit\u00f3rias. Ningu\u00e9m pode recrimin\u00e1-lo por isso. \u00c9 um piloto em ess\u00eancia, n\u00e3o se acomoda e nem desiste. \u00c9 um tempero necess\u00e1rio para qualquer modalidade e \u00e9 o que torna esse campeonato mais interessante. S\u00f3 que \u00e9 preciso tamb\u00e9m colocar na balan\u00e7a os erros e reconhec\u00ea-los. Tamb\u00e9m faz parte da competi\u00e7\u00e3o. E neste sentido, a frase que resume bem o epis\u00f3dio da Catalunha vem, curiosamente, de <strong>Toto Wolff<\/strong>.<\/p>\n\n\n\n<p class=\"wp-block-paragraph\">&#8220;Existe um padr\u00e3o. Os grandes, seja no automobilismo ou em outros esportes, s\u00f3 precisam sentir que o mundo est\u00e1 contra eles para ent\u00e3o performarem no mais alto n\u00edvel poss\u00edvel. \u00c9 por isso que, \u00e0s vezes, esses grandes nomes n\u00e3o reconhecem que o mundo n\u00e3o est\u00e1 contra eles. \u00c9 s\u00f3 que eles cometeram um erro ou estragaram tudo.&#8221;<\/p>\n\n\n\n<p class=\"wp-block-paragraph\">Mas as a\u00e7\u00f5es t\u00eam consequ\u00eancias e, no caso de Verstappen,<a href=\"https:\/\/www.grandepremio.com\/br\/f1\/noticias\/max-verstappen-leva-3-pontos-carteira-batida-george-russell-fica-beira-suspensao\/\"> tendem a ser pesadas<\/a>. Os 49 pontos que agora tem de desvantagem para o l\u00edder, <strong>Oscar Piastri<\/strong>, tamb\u00e9m s\u00e3o um pre\u00e7o alto por destempero desnecess\u00e1rio, que, mesmo os g\u00eanios, precisam encarar hora ou outra.<\/p>\n\n\n\n<p class=\"wp-block-paragraph\">A&nbsp;<strong><a href=\"https:\/\/www.grandepremio.com\/br\/f1\/\" target=\"_blank\" rel=\"noreferrer noopener\"><\/a><a href=\"https:\/\/www.grandepremio.com\/br\/f1\/\" target=\"_blank\" rel=\"noreferrer noopener\">F\u00f3rmula 1<\/a><\/strong>&nbsp;volta de&nbsp;<strong>13 a 15 de junho<\/strong>&nbsp;no&nbsp;<strong>Canad\u00e1<\/strong>, d\u00e9cima etapa da&nbsp;<strong>temporada 2025<\/strong>.<\/p>\n\n\n\n<p class=\"wp-block-paragraph\"><strong>\u25b6\ufe0f&nbsp;Inscreva-se nos dois canais do GRANDE PR\u00caMIO no YouTube:&nbsp;<a href=\"https:\/\/www.youtube.com\/channel\/UC9OlHEgxoaY6QY6nWPoiqQg?sub_confirmation=1\" target=\"_blank\" rel=\"noreferrer noopener\">GP<\/a>&nbsp;|&nbsp;<a href=\"https:\/\/www.youtube.com\/channel\/UC9csiS6q_C3C0FYhyr1rnFA?sub_confirmation=1\" target=\"_blank\" rel=\"noreferrer noopener\">GP2<\/a><\/strong><\/p>\n","protected":false},"excerpt":{"rendered":"<p>Max Verstappen havia colocado os advers\u00e1rios para pensar em Barcelona, depois de adotar uma estrat\u00e9gia ousada para o GP da Espanha. Tudo caminhava muito bem at\u00e9 que, na parte final, um safety-car e uma escolha equivocada colocaram tudo a perder. A extrema irrita\u00e7\u00e3o com os erros da equipe e a limita\u00e7\u00e3o do carro que pilota tirou o tetracampe\u00e3o do prumo, e isso apagou qualquer chance de um resultado melhor. E trouxe de volta aquele Max de tempos atr\u00e1s, que teima em lidar com o adverso. Desta vez, custou caro<\/p>\n","protected":false},"author":0,"featured_media":1000976513,"comment_status":"closed","ping_status":"closed","sticky":false,"template":"","format":"standard","meta":{"42wp_featured_image_caption":"","42wp_featured_image_credits":"","42wp_featured_video":"","42wp_featured_image_hidden":false,"42wp_authors_list":[],"footnotes":""},"categories":[2],"tags":[1417,20491,27861,7094,1566,43315,1559,27487,309,304,26271,546,3624,209,5660,34557,5273,969,302,147,3630,176,207,180,3628,25440,350,800,996,27976,1491,28285,2306,119,30840,28104,596,485,547,87,595,203,90,82,2470,1521,29923,35129,2916,676,19348,510,38179,204,1197,17143,42001,2052,2048,2317,215,597],"42wp_author":[47115],"class_list":["post-21761","post","type-post","status-publish","format-standard","has-post-thumbnail","hentry","category-f1","tag-alex-albon","tag-alpine","tag-andrea-kimi-antonelli","tag-andrea-stella","tag-ao-vivo","tag-assistir-corrida-f1","tag-assistir-f1","tag-assistir-f1-online","tag-aston-martin","tag-barcelona","tag-calendario-f1","tag-carlos-sainz","tag-catalunha","tag-charles-leclerc","tag-classificacao","tag-classificacao-da-sprint","tag-classificacao-f1","tag-corrida","tag-esteban-ocon","tag-f1","tag-f1-2025","tag-fernando-alonso","tag-ferrari","tag-formula-1","tag-formula-1-2025","tag-franco-colapinto","tag-gabriel-bortoleto","tag-george-russell","tag-gp-da-espanha","tag-gp-da-espanha-de-f1","tag-grande-premio","tag-grandepremio","tag-grid-de-largada","tag-haas","tag-horarios-f1","tag-isack-hadjar","tag-jack-doohan","tag-lance-stroll","tag-lando-norris","tag-lewis-hamilton","tag-liam-lawson","tag-max-verstappen","tag-mclaren","tag-mercedes","tag-miami","tag-nico-hulkenberg","tag-oliver-bearman","tag-onde-assistir-f1","tag-oscar-piastri","tag-pierre-gasly","tag-podio","tag-pole","tag-racing-bulls","tag-red-bull","tag-sauber","tag-tempo-real","tag-temporada-2025-f1","tag-treino-livre-1","tag-treino-livre-2","tag-treino-livre-3","tag-williams","tag-yuki-tsunoda","42wp_author-evelyn-guimaraes"],"_links":{"self":[{"href":"https:\/\/grandepremio.com\/br\/wp-json\/wp\/v2\/posts\/21761","targetHints":{"allow":["GET"]}}],"collection":[{"href":"https:\/\/grandepremio.com\/br\/wp-json\/wp\/v2\/posts"}],"about":[{"href":"https:\/\/grandepremio.com\/br\/wp-json\/wp\/v2\/types\/post"}],"replies":[{"embeddable":true,"href":"https:\/\/grandepremio.com\/br\/wp-json\/wp\/v2\/comments?post=21761"}],"version-history":[{"count":0,"href":"https:\/\/grandepremio.com\/br\/wp-json\/wp\/v2\/posts\/21761\/revisions"}],"wp:featuredmedia":[{"embeddable":true,"href":"https:\/\/grandepremio.com\/br\/wp-json\/wp\/v2\/media\/1000976513"}],"wp:attachment":[{"href":"https:\/\/grandepremio.com\/br\/wp-json\/wp\/v2\/media?parent=21761"}],"wp:term":[{"taxonomy":"category","embeddable":true,"href":"https:\/\/grandepremio.com\/br\/wp-json\/wp\/v2\/categories?post=21761"},{"taxonomy":"post_tag","embeddable":true,"href":"https:\/\/grandepremio.com\/br\/wp-json\/wp\/v2\/tags?post=21761"},{"taxonomy":"42wp_author","embeddable":true,"href":"https:\/\/grandepremio.com\/br\/wp-json\/wp\/v2\/42wp_author?post=21761"}],"curies":[{"name":"wp","href":"https:\/\/api.w.org\/{rel}","templated":true}]}}