{"id":21772,"date":"2025-06-01T17:24:43","date_gmt":"2025-06-01T20:24:43","guid":{"rendered":"https:\/\/grandepremio.com\/br\/noticias\/esteban-ocon-diz-nao-valia-a-pena-ir-aos-boxes-safety-car-espanha-estava-fim-grid\/"},"modified":"2025-06-01T17:30:39","modified_gmt":"2025-06-01T20:30:39","slug":"esteban-ocon-diz-nao-valia-a-pena-ir-aos-boxes-safety-car-espanha-estava-fim-grid","status":"publish","type":"post","link":"https:\/\/grandepremio.com\/br\/f1\/esteban-ocon-diz-nao-valia-a-pena-ir-aos-boxes-safety-car-espanha-estava-fim-grid\/","title":{"rendered":"Ocon diz que &#8220;n\u00e3o valia a pena&#8221; ir aos boxes em safety-car na Espanha: &#8220;Estava no fim do grid&#8221;"},"content":{"rendered":"\n<p class=\"wp-block-paragraph\">Apenas 16\u00ba colocado no <strong>GP da Espanha<\/strong> <a href=\"https:\/\/www.grandepremio.com\/br\/f1\/noticias\/oscar-piastri-comanda-1-2-soberano-mclaren-vence-tatico-gp-espanha-gabriel-bortoleto-12o\/\">deste domingo (1\u00ba)<\/a>, <strong>Esteban Ocon<\/strong> fez uma an\u00e1lise dos altos e baixos da <strong>Haas<\/strong> durante a rodada tripla da <strong>F\u00f3rmula 1<\/strong> nas \u00faltimas semanas. Embora o franc\u00eas tenha apontado para &#8220;algumas coisas positivas&#8221;, deixou claro que a equipe precisa entender o motivo das dificuldades enfrentadas ao longo desse per\u00edodo.<\/p>\n\n\n\n<p class=\"wp-block-paragraph\">Depois de largar da 16\u00aa posi\u00e7\u00e3o, o dono do <strong>VF-25 #31<\/strong> n\u00e3o avan\u00e7ou nada na etapa em <strong>Barcelona<\/strong>. Diferentemente de muitos pilotos, explicou que n\u00e3o valia a pena entrar nos boxes na hora do acionamento do safety-car, que <a href=\"https:\/\/www.grandepremio.com\/br\/video\/f1\/andrea-kimi-antonelli-abandona-gp-espanha-motor-mercedes-apagar-curva-10-barcelona\/\">teve de ir \u00e0 pista<\/a> logo ap\u00f3s\u00a0<strong><a href=\"https:\/\/www.grandepremio.com\/br\/piloto\/andrea-kimi-antonelli\/\" target=\"_blank\" rel=\"noreferrer noopener\">Andrea Kimi Antonelli<\/a><\/strong>\u00a0sofrer com problemas no\u00a0<strong>Mercedes<\/strong>\u00a0<a href=\"https:\/\/www.grandepremio.com\/br\/video\/f1\/andrea-kimi-antonelli-abandona-gp-espanha-motor-mercedes-apagar-curva-10-barcelona\/\">e ficar preso na brita<\/a>, na volta 55. <\/p>\n\n\n\n<p class=\"wp-block-paragraph\">&#8220;Ficamos com pneus usados sob safety-car, j\u00e1 que, como est\u00e1vamos no fundo do grid, n\u00e3o valia a pena&#8221;, come\u00e7ou Ocon. &#8220;\u00c9 o fim da rodada tripla de corridas e temos algumas coisas positivas e outras dificuldades [para analisar], mas obrigado \u00e0 equipe pelo apoio que me deram nessas \u00faltimas tr\u00eas semanas&#8221;, continuou.<\/p>\n\n\n\n<figure class=\"wp-block-image size-large\"><img decoding=\"async\" src=\"https:\/\/www.grandepremio.com\/br\/wp-content\/uploads\/2025\/05\/Esteban-Ocon-Espanha-2-1200x800.jpg\" alt=\"\" class=\"wp-image-975376\"\/><figcaption class=\"wp-element-caption\">Esteban Ocon (Foto: Haas)<\/figcaption><\/figure>\n\n\n\n<p class=\"wp-block-paragraph\">\u25b6\ufe0f <strong>Inscreva-se nos dois canais do GRANDE PR\u00caMIO no YouTube:\u00a0<a href=\"https:\/\/www.youtube.com\/channel\/UC9OlHEgxoaY6QY6nWPoiqQg?sub_confirmation=1\" target=\"_blank\" rel=\"noreferrer noopener\">GP<\/a>\u00a0|\u00a0<a href=\"https:\/\/www.youtube.com\/channel\/UC9csiS6q_C3C0FYhyr1rnFA?sub_confirmation=1\" target=\"_blank\" rel=\"noreferrer noopener\">GP2<\/a><\/strong><br>\u25b6\ufe0f <strong>OU\u00c7A AGORA:\u00a0<a href=\"https:\/\/www.grandepremio.com\/br\/f1\/noticias\/prodigio-vilao-heroi-mil-faces-fernando-alonso-paddockast-194\/\">Prod\u00edgio, vil\u00e3o e her\u00f3i: as mil faces de\u00a0<\/a><a href=\"https:\/\/es.grandepremio.com\/\" target=\"_blank\" rel=\"noreferrer noopener\">Fernando Alonso<\/a><a href=\"https:\/\/www.grandepremio.com\/br\/f1\/noticias\/prodigio-vilao-heroi-mil-faces-fernando-alonso-paddockast-194\/\">\u00a0| Paddockast #194<\/a><\/strong><\/p>\n\n\n\n<p class=\"wp-block-paragraph\">&#8220;\u00c9 bom que agora vamos para uma semana em que podemos analisar as coisas e, tomara, voltar mais fortes. O positivo foi\u00a0<a href=\"https:\/\/www.grandepremio.com\/br\/circuito\/monaco\/\" target=\"_blank\" rel=\"noreferrer noopener\"><strong>M\u00f4naco<\/strong><\/a>, e agora vamos para o <strong>Canad\u00e1<\/strong>, que \u00e9 outro circuito de rua, ent\u00e3o estou ansioso para voltarmos ao lugar que pertencemos&#8221;, concluiu Ocon.<\/p>\n\n\n\n<p class=\"wp-block-paragraph\">A\u00a0<strong><a href=\"https:\/\/www.grandepremio.com\/br\/f1\/\" target=\"_blank\" rel=\"noreferrer noopener\"><\/a><a href=\"https:\/\/www.grandepremio.com\/br\/f1\/\" target=\"_blank\" rel=\"noreferrer noopener\">F\u00f3rmula 1<\/a><\/strong>\u00a0volta de\u00a0<strong>13 a 15 de junho<\/strong>\u00a0no\u00a0<strong>Canad\u00e1<\/strong>, d\u00e9cima etapa da\u00a0<strong>temporada 2025<\/strong>.<\/p>\n\n\n\n<figure class=\"wp-block-embed is-type-video is-provider-youtube wp-block-embed-youtube wp-embed-aspect-16-9 wp-has-aspect-ratio\"><div class=\"wp-block-embed__wrapper\">\n<iframe loading=\"lazy\" title=\"PIASTRI VENCE, VERSTAPPEN FICA LOUCO E \u00c9 PUNIDO, BORTOLETO 12\u00ba: A F1 NA ESPANHA | BRIEFING\" width=\"500\" height=\"281\" src=\"https:\/\/www.youtube.com\/embed\/8gF50he3i8o?feature=oembed\" frameborder=\"0\" allow=\"accelerometer; autoplay; clipboard-write; encrypted-media; gyroscope; picture-in-picture; web-share\" referrerpolicy=\"strict-origin-when-cross-origin\" allowfullscreen><\/iframe>\n<\/div><\/figure>\n","protected":false},"excerpt":{"rendered":"<p>Ap\u00f3s o fim da rodada tripla da F\u00f3rmula 1, Esteban Ocon afirmou que vai aproveitar a semana de descanso para analisar os altos e baixos da Haas ao longo das \u00faltimas semanas<\/p>\n","protected":false},"author":0,"featured_media":1000975886,"comment_status":"closed","ping_status":"closed","sticky":false,"template":"","format":"standard","meta":{"42wp_featured_image_caption":"","42wp_featured_image_credits":"","42wp_featured_video":"","42wp_featured_image_hidden":false,"42wp_authors_list":[],"footnotes":""},"categories":[2],"tags":[304,26271,5273,302,147,3630,180,3628,996,43732,1491,28285,119,30840,35129,42001],"42wp_author":[47160],"class_list":["post-21772","post","type-post","status-publish","format-standard","has-post-thumbnail","hentry","category-f1","tag-barcelona","tag-calendario-f1","tag-classificacao-f1","tag-esteban-ocon","tag-f1","tag-f1-2025","tag-formula-1","tag-formula-1-2025","tag-gp-da-espanha","tag-gp-de-espanha-f1","tag-grande-premio","tag-grandepremio","tag-haas","tag-horarios-f1","tag-onde-assistir-f1","tag-temporada-2025-f1","42wp_author-vicente-soella"],"_links":{"self":[{"href":"https:\/\/grandepremio.com\/br\/wp-json\/wp\/v2\/posts\/21772","targetHints":{"allow":["GET"]}}],"collection":[{"href":"https:\/\/grandepremio.com\/br\/wp-json\/wp\/v2\/posts"}],"about":[{"href":"https:\/\/grandepremio.com\/br\/wp-json\/wp\/v2\/types\/post"}],"replies":[{"embeddable":true,"href":"https:\/\/grandepremio.com\/br\/wp-json\/wp\/v2\/comments?post=21772"}],"version-history":[{"count":0,"href":"https:\/\/grandepremio.com\/br\/wp-json\/wp\/v2\/posts\/21772\/revisions"}],"wp:featuredmedia":[{"embeddable":true,"href":"https:\/\/grandepremio.com\/br\/wp-json\/wp\/v2\/media\/1000975886"}],"wp:attachment":[{"href":"https:\/\/grandepremio.com\/br\/wp-json\/wp\/v2\/media?parent=21772"}],"wp:term":[{"taxonomy":"category","embeddable":true,"href":"https:\/\/grandepremio.com\/br\/wp-json\/wp\/v2\/categories?post=21772"},{"taxonomy":"post_tag","embeddable":true,"href":"https:\/\/grandepremio.com\/br\/wp-json\/wp\/v2\/tags?post=21772"},{"taxonomy":"42wp_author","embeddable":true,"href":"https:\/\/grandepremio.com\/br\/wp-json\/wp\/v2\/42wp_author?post=21772"}],"curies":[{"name":"wp","href":"https:\/\/api.w.org\/{rel}","templated":true}]}}