{"id":21773,"date":"2025-06-01T17:04:31","date_gmt":"2025-06-01T20:04:31","guid":{"rendered":"https:\/\/grandepremio.com\/br\/noticias\/liam-lawson-esbraveja-safety-car-frustrante-gp-espanha-uma-merda\/"},"modified":"2025-06-01T17:29:25","modified_gmt":"2025-06-01T20:29:25","slug":"liam-lawson-esbraveja-safety-car-frustrante-gp-espanha-uma-merda","status":"publish","type":"post","link":"https:\/\/grandepremio.com\/br\/f1\/liam-lawson-esbraveja-safety-car-frustrante-gp-espanha-uma-merda\/","title":{"rendered":"Lawson esbraveja com safety-car em &#8220;frustrante&#8221; GP da Espanha: &#8220;Uma merda&#8221;"},"content":{"rendered":"\n<p class=\"wp-block-paragraph\"><strong>Liam Lawson<\/strong> saiu frustrado com a oportunidade perdida de somar alguns pontos no <strong>GP da Espanha<\/strong> <a href=\"https:\/\/www.grandepremio.com\/br\/f1\/noticias\/oscar-piastri-comanda-1-2-soberano-mclaren-vence-tatico-gp-espanha-gabriel-bortoleto-12o\/\">deste domingo (1\u00ba)<\/a>, nona etapa da temporada 2025 da <strong>F\u00f3rmula 1<\/strong>. O neozeland\u00eas aprovou o ritmo &#8220;muito forte&#8221; da <strong>Racing Bulls<\/strong> ao longo das 66 voltas em <strong>Barcelona<\/strong>, mas lamentou o fato de a equipe n\u00e3o ter aproveitado a entrada do safety-car nos momentos finais.<\/p>\n\n\n\n<p class=\"wp-block-paragraph\">No 55\u00ba giro, <a href=\"https:\/\/www.grandepremio.com\/br\/video\/f1\/andrea-kimi-antonelli-abandona-gp-espanha-motor-mercedes-apagar-curva-10-barcelona\/\">o carro de seguran\u00e7a teve de ir \u00e0 pista<\/a> logo ap\u00f3s <strong>Andrea Kimi Antonelli<\/strong> sofrer com problemas no <strong>Mercedes<\/strong> <a href=\"https:\/\/www.grandepremio.com\/br\/video\/f1\/andrea-kimi-antonelli-abandona-gp-espanha-motor-mercedes-apagar-curva-10-barcelona\/\">e ficar preso na brita<\/a>. Desta forma, boa parte dos pilotos n\u00e3o pensou duas vezes antes de ir aos boxes para realizar mais uma troca de pneus \u2014 o que acabou sendo imposs\u00edvel para o <strong>#30<\/strong>, que j\u00e1 havia passado da entrada do pit-lane.<\/p>\n\n\n\n<p class=\"wp-block-paragraph\">&#8220;Do nosso lado, foi uma corrida muito forte, s\u00f3 acabamos na posi\u00e7\u00e3o errada. Perdemos o timing do safety-car por 0s5&#8221;, lamentou Lawson. &#8220;Provavelmente, todo mundo que estava na nossa frente parou e a gente se ferrou&#8221;, continuou.<\/p>\n\n\n\n<figure class=\"wp-block-image size-large\"><img decoding=\"async\" src=\"https:\/\/www.grandepremio.com\/br\/wp-content\/uploads\/2025\/06\/espanha-2025-f1-corrida-racing-bulls-liam-lawson-03-1200x800.jpg\" alt=\"\" class=\"wp-image-976510\"\/><figcaption class=\"wp-element-caption\">Liam Lawson se envolveu em duelo com Oliver Bearman durante boa parte da corrida (Foto: Red Bull Content Pool)<\/figcaption><\/figure>\n\n\n\n<p class=\"wp-block-paragraph\">\u25b6\ufe0f <strong>Inscreva-se nos dois canais do GRANDE PR\u00caMIO no YouTube:\u00a0<a href=\"https:\/\/www.youtube.com\/channel\/UC9OlHEgxoaY6QY6nWPoiqQg?sub_confirmation=1\" target=\"_blank\" rel=\"noreferrer noopener\">GP<\/a>\u00a0|\u00a0<a href=\"https:\/\/www.youtube.com\/channel\/UC9csiS6q_C3C0FYhyr1rnFA?sub_confirmation=1\" target=\"_blank\" rel=\"noreferrer noopener\">GP2<\/a><\/strong><br>\u25b6\ufe0f <strong>OU\u00c7A AGORA:\u00a0<a href=\"https:\/\/www.grandepremio.com\/br\/f1\/noticias\/prodigio-vilao-heroi-mil-faces-fernando-alonso-paddockast-194\/\">Prod\u00edgio, vil\u00e3o e her\u00f3i: as mil faces de\u00a0<\/a><a href=\"https:\/\/es.grandepremio.com\/\" target=\"_blank\" rel=\"noreferrer noopener\">Fernando Alonso<\/a><a href=\"https:\/\/www.grandepremio.com\/br\/f1\/noticias\/prodigio-vilao-heroi-mil-faces-fernando-alonso-paddockast-194\/\">\u00a0| Paddockast #194<\/a><\/strong><\/p>\n\n\n\n<p class=\"wp-block-paragraph\">&#8220;Passar assim perto depois de todo o trabalho que fizemos na corrida \u00e9 uma merda. No fim das contas, n\u00e3o pontuamos e isso \u00e9 frustrante&#8221;, concluiu o companheiro de <strong>Isack Hadjar<\/strong>, que, por fim, cruzou a linha de chegada na 11\u00aa posi\u00e7\u00e3o.<\/p>\n\n\n\n<p class=\"wp-block-paragraph\">A\u00a0<strong><a href=\"https:\/\/www.grandepremio.com\/br\/f1\/\" target=\"_blank\" rel=\"noreferrer noopener\"><\/a><a href=\"https:\/\/www.grandepremio.com\/br\/f1\/\" target=\"_blank\" rel=\"noreferrer noopener\">F\u00f3rmula 1<\/a><\/strong>\u00a0volta de\u00a0<strong>13 a 15 de junho<\/strong>\u00a0no\u00a0<strong>Canad\u00e1<\/strong>, d\u00e9cima etapa da\u00a0<strong>temporada 2025<\/strong>.<\/p>\n\n\n\n<figure class=\"wp-block-embed is-type-video is-provider-youtube wp-block-embed-youtube wp-embed-aspect-16-9 wp-has-aspect-ratio\"><div class=\"wp-block-embed__wrapper\">\n<iframe loading=\"lazy\" title=\"PIASTRI VENCE, VERSTAPPEN FICA LOUCO E \u00c9 PUNIDO, BORTOLETO 12\u00ba: A F1 NA ESPANHA | BRIEFING\" width=\"500\" height=\"281\" src=\"https:\/\/www.youtube.com\/embed\/8gF50he3i8o?feature=oembed\" frameborder=\"0\" allow=\"accelerometer; autoplay; clipboard-write; encrypted-media; gyroscope; picture-in-picture; web-share\" referrerpolicy=\"strict-origin-when-cross-origin\" allowfullscreen><\/iframe>\n<\/div><\/figure>\n","protected":false},"excerpt":{"rendered":"<p>11\u00ba colocado na etapa em Barcelona, Liam Lawson, no entanto, saiu satisfeito com o ritmo &#8220;muito forte&#8221; da Racing Bulls neste domingo (1\u00ba)<\/p>\n","protected":false},"author":0,"featured_media":1000975075,"comment_status":"closed","ping_status":"closed","sticky":false,"template":"","format":"standard","meta":{"42wp_featured_image_caption":"","42wp_featured_image_credits":"","42wp_featured_video":"","42wp_featured_image_hidden":false,"42wp_authors_list":[],"footnotes":""},"categories":[2],"tags":[304,26271,5273,147,3630,180,3628,996,43732,1491,28285,30840,595,35129,38179,42001],"42wp_author":[47160],"class_list":["post-21773","post","type-post","status-publish","format-standard","has-post-thumbnail","hentry","category-f1","tag-barcelona","tag-calendario-f1","tag-classificacao-f1","tag-f1","tag-f1-2025","tag-formula-1","tag-formula-1-2025","tag-gp-da-espanha","tag-gp-de-espanha-f1","tag-grande-premio","tag-grandepremio","tag-horarios-f1","tag-liam-lawson","tag-onde-assistir-f1","tag-racing-bulls","tag-temporada-2025-f1","42wp_author-vicente-soella"],"_links":{"self":[{"href":"https:\/\/grandepremio.com\/br\/wp-json\/wp\/v2\/posts\/21773","targetHints":{"allow":["GET"]}}],"collection":[{"href":"https:\/\/grandepremio.com\/br\/wp-json\/wp\/v2\/posts"}],"about":[{"href":"https:\/\/grandepremio.com\/br\/wp-json\/wp\/v2\/types\/post"}],"replies":[{"embeddable":true,"href":"https:\/\/grandepremio.com\/br\/wp-json\/wp\/v2\/comments?post=21773"}],"version-history":[{"count":0,"href":"https:\/\/grandepremio.com\/br\/wp-json\/wp\/v2\/posts\/21773\/revisions"}],"wp:featuredmedia":[{"embeddable":true,"href":"https:\/\/grandepremio.com\/br\/wp-json\/wp\/v2\/media\/1000975075"}],"wp:attachment":[{"href":"https:\/\/grandepremio.com\/br\/wp-json\/wp\/v2\/media?parent=21773"}],"wp:term":[{"taxonomy":"category","embeddable":true,"href":"https:\/\/grandepremio.com\/br\/wp-json\/wp\/v2\/categories?post=21773"},{"taxonomy":"post_tag","embeddable":true,"href":"https:\/\/grandepremio.com\/br\/wp-json\/wp\/v2\/tags?post=21773"},{"taxonomy":"42wp_author","embeddable":true,"href":"https:\/\/grandepremio.com\/br\/wp-json\/wp\/v2\/42wp_author?post=21773"}],"curies":[{"name":"wp","href":"https:\/\/api.w.org\/{rel}","templated":true}]}}