{"id":21786,"date":"2025-06-01T13:58:16","date_gmt":"2025-06-01T16:58:16","guid":{"rendered":"https:\/\/grandepremio.com\/br\/noticias\/caio-collet-festeja-2o-lugar-detroit-projeta-buscar-titulo-indy-nxt\/"},"modified":"2025-06-01T14:17:50","modified_gmt":"2025-06-01T17:17:50","slug":"caio-collet-festeja-2o-lugar-detroit-projeta-buscar-titulo-indy-nxt","status":"publish","type":"post","link":"https:\/\/grandepremio.com\/br\/indy\/caio-collet-festeja-2o-lugar-detroit-projeta-buscar-titulo-indy-nxt\/","title":{"rendered":"Collet festeja 2\u00ba lugar em Detroit e projeta &#8220;buscar t\u00edtulo&#8221; da Indy NXT"},"content":{"rendered":"\n<p class=\"wp-block-paragraph\"><strong>Caio Collet<\/strong> conquistou o segundo lugar no <strong>GP de Detroit da Indy NXT<\/strong> e, mais uma vez, bateu na trave para alcan\u00e7ar a primeira vit\u00f3ria na temporada \u2014 o triunfo, pela quarta vez no ano, ficou com <strong>Dennis Hauge<\/strong>r. O brasileiro, no entanto, festejou mais um p\u00f3dio no campeonato obtido neste <strong>domingo (1)<\/strong>.<\/p>\n\n\n\n<p class=\"wp-block-paragraph\">Collet conquistou a quarta posi\u00e7\u00e3o no grid de largada e teve uma corrida para fugir dos muros, al\u00e9m dos acidentes. Logo na primeira volta, a pista fechou na curva 3 ap\u00f3s rodada de <strong>Myles Rowe,<\/strong> o que  gerou um efeito cascata de carros batendo.<\/p>\n\n\n\n<p class=\"wp-block-paragraph\">Collet foi um dos poucos que evitou esse acidente e, ap\u00f3s a relargada, viu dois concorrentes tocarem o muro e irem aos boxes \u2014 <strong>Salvador de Alba<\/strong> e <strong>Lochie Hughes<\/strong>, que estavam logo \u00e0 frente.<\/p>\n\n\n\n<p class=\"wp-block-paragraph\">\u25b6\ufe0f\u00a0<strong>Inscreva-se nos dois canais do GRANDE PR\u00caMIO no YouTube:\u00a0<a href=\"https:\/\/www.youtube.com\/channel\/UC9OlHEgxoaY6QY6nWPoiqQg?sub_confirmation=1\" target=\"_blank\" rel=\"noreferrer noopener\">GP<\/a>\u00a0|\u00a0<a href=\"https:\/\/www.youtube.com\/channel\/UC9csiS6q_C3C0FYhyr1rnFA?sub_confirmation=1\" target=\"_blank\" rel=\"noreferrer noopener\">GP2<\/a><\/strong><br><strong>LEIA MAIS:<\/strong> <a href=\"https:\/\/www.grandepremio.com\/br\/indy\/noticias\/dennis-hauger-aproveita-pole-domina-gp-de-detroit-indy-nxt-caio-collet-e-2o\/\">Hauger aproveita pole e domina GP de Detroit da Indy NXT. Collet \u00e9 2\u00ba<\/a><\/p>\n\n\n\n<figure class=\"wp-block-image size-large\"><img decoding=\"async\" src=\"https:\/\/www.grandepremio.com\/br\/wp-content\/uploads\/2025\/06\/Caio-Collet-Chevrolet-Detroit-Grand-Prix-By_-Joe-Skibinski_Large-Image-Without-Watermark_m133594-1200x800.jpg\" alt=\"\" class=\"wp-image-976592\"\/><figcaption class=\"wp-element-caption\">Caio Collet (Foto: IndyCar)<\/figcaption><\/figure>\n\n\n\n<p class=\"wp-block-paragraph\">&#8220;Muito feliz com o segundo lugar aqui em Detroit. Um final de semana positivo. Acho que fiz uma corrida inteligente ao me livrar dos acidentes e ao imprimir um ritmo bom para terminar no p\u00f3dio&#8221;, comentou Collet.<\/p>\n\n\n\n<p class=\"wp-block-paragraph\">Apesar de distante de Hauger no certame, que lidera com ampla vantagem ap\u00f3s vencer quatro das cinco corridas do campeonato, Collet ainda v\u00ea possibilidade de buscar o t\u00edtulo da Indy NXT nas nove provas restantes.<\/p>\n\n\n\n<p class=\"wp-block-paragraph\">&#8220;Agora \u00e9 trabalhar. O campeonato ainda \u00e9 muito longo e vamos em busca desse t\u00edtulo&#8221;, encerrou Collet.<\/p>\n\n\n\n<figure class=\"wp-block-embed is-type-video is-provider-youtube wp-block-embed-youtube wp-embed-aspect-16-9 wp-has-aspect-ratio\"><div class=\"wp-block-embed__wrapper\">\n<iframe loading=\"lazy\" title=\"PALOU SE ETERNIZA NA INDY 500 E TEM VITO\u0301RIA JUSTA\" width=\"500\" height=\"281\" src=\"https:\/\/www.youtube.com\/embed\/AXIv6YiH7tE?feature=oembed\" frameborder=\"0\" allow=\"accelerometer; autoplay; clipboard-write; encrypted-media; gyroscope; picture-in-picture; web-share\" referrerpolicy=\"strict-origin-when-cross-origin\" allowfullscreen><\/iframe>\n<\/div><\/figure>\n","protected":false},"excerpt":{"rendered":"<p>Caio Collet ficou atr\u00e1s de Dennis Hauger no GP de Detroit, mas acredita ter chance de buscar o t\u00edtulo nas nove etapas restantes ao campeonato<\/p>\n","protected":false},"author":0,"featured_media":1000976654,"comment_status":"closed","ping_status":"closed","sticky":false,"template":"","format":"standard","meta":{"42wp_featured_image_caption":"","42wp_featured_image_credits":"","42wp_featured_video":"","42wp_featured_image_hidden":false,"42wp_authors_list":[],"footnotes":""},"categories":[3],"tags":[2980,5012,9828,417,2908,448,28552,6133,1824,831,334,1581,14640,796,147,3630,3144,176,26800,39174,180,619,322,1595,5100,1491,28285,267,35361,705,706,2561,2555,93,39054,232,43021,32908,94,43735,4717,1555,4157,791,3201,1569,90,1782,2140,33221,25714,29784,27380,265,349,1869,1245,733,732,266,321,3133],"42wp_author":[47155],"class_list":["post-21786","post","type-post","status-publish","format-standard","has-post-thumbnail","hentry","category-indy","tag-500-milhas-indianapolis","tag-al-unser-jr","tag-alex-palou","tag-andretti","tag-bump-day","tag-caio-collet","tag-calendario-indy","tag-classificacao-indy","tag-conor-daly","tag-dale-coyne","tag-david-malukas","tag-dennis-hauger","tag-doug-boles","tag-emerson-fittipaldi","tag-f1","tag-f1-2025","tag-felix-rosenqvist","tag-fernando-alonso","tag-fora-2","tag-fora-da-corrida","tag-formula-1","tag-formula-indy","tag-foyt","tag-ganassi","tag-gp-de-monaco","tag-grande-premio","tag-grandepremio","tag-helio-castroneves","tag-horarios-indy","tag-imsa","tag-imsa-sportscar","tag-indianapolis","tag-indianapolis-motor-speedway","tag-indy","tag-indy-2025","tag-indy-500","tag-indy-ao-vivo-gratis","tag-indy-nxt","tag-indycar","tag-interino","tag-jacob-abel","tag-josef-newgarden","tag-juncos","tag-kyle-kirkwood","tag-kyle-larson","tag-marcus-ericsson","tag-mclaren","tag-meyer-shank","tag-monaco","tag-motor-hibrido","tag-nolan-siegel","tag-onde-assistir-indy","tag-pato-oward-3","tag-penske","tag-prema","tag-robert-shwartzman","tag-roger-penske","tag-ryan-briscoe","tag-scott-dixon","tag-scott-mclaughlin","tag-tony-kanaan","tag-will-power","42wp_author-daniel-balsa"],"_links":{"self":[{"href":"https:\/\/grandepremio.com\/br\/wp-json\/wp\/v2\/posts\/21786","targetHints":{"allow":["GET"]}}],"collection":[{"href":"https:\/\/grandepremio.com\/br\/wp-json\/wp\/v2\/posts"}],"about":[{"href":"https:\/\/grandepremio.com\/br\/wp-json\/wp\/v2\/types\/post"}],"replies":[{"embeddable":true,"href":"https:\/\/grandepremio.com\/br\/wp-json\/wp\/v2\/comments?post=21786"}],"version-history":[{"count":0,"href":"https:\/\/grandepremio.com\/br\/wp-json\/wp\/v2\/posts\/21786\/revisions"}],"wp:featuredmedia":[{"embeddable":true,"href":"https:\/\/grandepremio.com\/br\/wp-json\/wp\/v2\/media\/1000976654"}],"wp:attachment":[{"href":"https:\/\/grandepremio.com\/br\/wp-json\/wp\/v2\/media?parent=21786"}],"wp:term":[{"taxonomy":"category","embeddable":true,"href":"https:\/\/grandepremio.com\/br\/wp-json\/wp\/v2\/categories?post=21786"},{"taxonomy":"post_tag","embeddable":true,"href":"https:\/\/grandepremio.com\/br\/wp-json\/wp\/v2\/tags?post=21786"},{"taxonomy":"42wp_author","embeddable":true,"href":"https:\/\/grandepremio.com\/br\/wp-json\/wp\/v2\/42wp_author?post=21786"}],"curies":[{"name":"wp","href":"https:\/\/api.w.org\/{rel}","templated":true}]}}