{"id":21790,"date":"2025-06-01T13:50:17","date_gmt":"2025-06-01T16:50:17","guid":{"rendered":"https:\/\/grandepremio.com\/br\/noticias\/lewis-hamilton-resume-terrivel-gp-espanha-ve-problemas-sem-solucao-ferrari\/"},"modified":"2025-06-01T14:47:29","modified_gmt":"2025-06-01T17:47:29","slug":"lewis-hamilton-resume-terrivel-gp-espanha-ve-problemas-sem-solucao-ferrari","status":"publish","type":"post","link":"https:\/\/grandepremio.com\/br\/f1\/lewis-hamilton-resume-terrivel-gp-espanha-ve-problemas-sem-solucao-ferrari\/","title":{"rendered":"Hamilton resume &#8220;terr\u00edvel&#8221; GP da Espanha e v\u00ea problemas &#8220;sem solu\u00e7\u00e3o&#8221; na Ferrari"},"content":{"rendered":"\n<p class=\"wp-block-paragraph\">Como tem sido rotina na temporada 2025 da <strong>F\u00f3rmula 1<\/strong>, <strong>Lewis Hamilton<\/strong> n\u00e3o saiu nada satisfeito com o desempenho da <strong>Ferrari<\/strong> ap\u00f3s o sexto lugar alcan\u00e7ado no <strong>GP da Espanha<\/strong>, <a href=\"https:\/\/www.grandepremio.com\/br\/f1\/noticias\/oscar-piastri-comanda-1-2-soberano-mclaren-vence-tatico-gp-espanha-gabriel-bortoleto-12o\/\">realizado neste domingo (1\u00ba)<\/a>. Ao ser questionado se a equipe tem condi\u00e7\u00f5es de encontrar alguma solu\u00e7\u00e3o para os problemas enfrentados, o heptacampe\u00e3o garantiu que &#8220;eles n\u00e3o v\u00e3o&#8221;.<\/p>\n\n\n\n<p class=\"wp-block-paragraph\">Depois de largar da quinta posi\u00e7\u00e3o no circuito de <strong>Barcelona<\/strong>, o brit\u00e2nico at\u00e9 chegou a subir para o quarto lugar nas primeiras voltas. No entanto, como <strong>Charles Leclerc<\/strong> \u2014 que come\u00e7ou em s\u00e9timo e <a href=\"https:\/\/www.grandepremio.com\/br\/f1\/noticias\/charles-leclerc-admite-sorte-safety-car-sacrificio-valeu-a-pena-espanha\/\">terminou no p\u00f3dio, em terceiro<\/a> \u2014 apresentava um ritmo mais forte, a escuderia italiana ent\u00e3o pediu ao <strong>#44<\/strong>, no nono giro, para que deixasse o monegasco passar.<\/p>\n\n\n\n<p class=\"wp-block-paragraph\">No fim, Hamilton ainda foi superado por <strong>George Russell<\/strong> e at\u00e9 mesmo <strong>Nico H\u00fclkenberg<\/strong>, da <strong>Sauber<\/strong>, tendo de se contentar com o \u00faltimo lugar do top-6 na <strong>Catalunha<\/strong>. Nas entrevistas p\u00f3s-corrida, nitidamente cabisbaixo, foi econ\u00f4mico nas palavras ao relatar o ritmo da <strong>SF-25<\/strong> ao longo das 66 voltas.<\/p>\n\n\n\n<p class=\"wp-block-paragraph\">&#8220;Nada em particular. S\u00f3 n\u00e3o foi um bom dia\u201d, come\u00e7ou. &#8220;A estrat\u00e9gia foi boa. A equipe fez um \u00f3timo trabalho. S\u00f3 isso&#8221;, resumiu Lewis.<\/p>\n\n\n\n<figure class=\"wp-block-image size-large\"><img decoding=\"async\" src=\"https:\/\/www.grandepremio.com\/br\/wp-content\/uploads\/2025\/06\/espanha-2025-f1-corrida-ferrari-lewis-hamilton-afp-02-1200x759.jpg\" alt=\"\" class=\"wp-image-976446\"\/><figcaption class=\"wp-element-caption\">Lewis Hamilton teve de abrir passagem para Charles Leclerc na Espanha (Foto: AFP) <\/figcaption><\/figure>\n\n\n\n<p class=\"wp-block-paragraph\">\u25b6\ufe0f <strong>Inscreva-se nos dois canais do GRANDE PR\u00caMIO no YouTube:\u00a0<a href=\"https:\/\/www.youtube.com\/channel\/UC9OlHEgxoaY6QY6nWPoiqQg?sub_confirmation=1\" target=\"_blank\" rel=\"noreferrer noopener\">GP<\/a>\u00a0|\u00a0<a href=\"https:\/\/www.youtube.com\/channel\/UC9csiS6q_C3C0FYhyr1rnFA?sub_confirmation=1\" target=\"_blank\" rel=\"noreferrer noopener\">GP2<\/a><\/strong><br>\u25b6\ufe0f <strong>OU\u00c7A AGORA:\u00a0<a href=\"https:\/\/www.grandepremio.com\/br\/f1\/noticias\/prodigio-vilao-heroi-mil-faces-fernando-alonso-paddockast-194\/\">Prod\u00edgio, vil\u00e3o e her\u00f3i: as mil faces de\u00a0<\/a><a href=\"https:\/\/es.grandepremio.com\/\" target=\"_blank\" rel=\"noreferrer noopener\">Fernando Alonso<\/a><a href=\"https:\/\/www.grandepremio.com\/br\/f1\/noticias\/prodigio-vilao-heroi-mil-faces-fernando-alonso-paddockast-194\/\">\u00a0| Paddockast #194<\/a><\/strong><\/p>\n\n\n\n<p class=\"wp-block-paragraph\">&#8220;Tive um dia realmente ruim e n\u00e3o tenho nada a dizer. Foi um dia dif\u00edcil. N\u00e3o h\u00e1 mais nada a acrescentar. Foi terr\u00edvel. N\u00e3o adianta explicar. N\u00e3o \u00e9 culpa sua (referindo-se ao rep\u00f3rter). S\u00f3 n\u00e3o sei o que dizer\u201d, repetiu.<\/p>\n\n\n\n<p class=\"wp-block-paragraph\">Por fim, foi questionado se acredita que a Ferrari tem condi\u00e7\u00f5es de solucionar os problemas no carro. &#8220;Tenho certeza de que eles n\u00e3o v\u00e3o&#8230;&#8221;, concluiu Hamilton.<\/p>\n\n\n\n<p class=\"wp-block-paragraph\">A\u00a0<strong><a href=\"https:\/\/www.grandepremio.com\/br\/f1\/\" target=\"_blank\" rel=\"noreferrer noopener\"><\/a><a href=\"https:\/\/www.grandepremio.com\/br\/f1\/\" target=\"_blank\" rel=\"noreferrer noopener\">F\u00f3rmula 1<\/a><\/strong>\u00a0volta de\u00a0<strong>13 a 15 de junho<\/strong>\u00a0no\u00a0<strong>Canad\u00e1<\/strong>, d\u00e9cima etapa da\u00a0<strong>temporada 2025<\/strong>.<\/p>\n\n\n\n<figure class=\"wp-block-embed is-type-video is-provider-youtube wp-block-embed-youtube wp-embed-aspect-16-9 wp-has-aspect-ratio\"><div class=\"wp-block-embed__wrapper\">\n<iframe loading=\"lazy\" title=\"PIASTRI VENCE, VERSTAPPEN FICA LOUCO E \u00c9 PUNIDO, BORTOLETO 12\u00ba: A F1 NA ESPANHA | BRIEFING\" width=\"500\" height=\"281\" src=\"https:\/\/www.youtube.com\/embed\/8gF50he3i8o?feature=oembed\" frameborder=\"0\" allow=\"accelerometer; autoplay; clipboard-write; encrypted-media; gyroscope; picture-in-picture; web-share\" referrerpolicy=\"strict-origin-when-cross-origin\" allowfullscreen><\/iframe>\n<\/div><\/figure>\n","protected":false},"excerpt":{"rendered":"<p>Totalmente insatisfeito com o ritmo da Ferrari em Barcelona, Lewis Hamilton foi econ\u00f4mico nas palavras ao falar sobre a nona etapa da temporada 2025<\/p>\n","protected":false},"author":0,"featured_media":1000975966,"comment_status":"closed","ping_status":"closed","sticky":false,"template":"","format":"standard","meta":{"42wp_featured_image_caption":"","42wp_featured_image_credits":"","42wp_featured_video":"","42wp_featured_image_hidden":false,"42wp_authors_list":[],"footnotes":""},"categories":[2],"tags":[304,43733,35136,26271,5273,43731,5148,147,3630,207,180,3628,996,43732,1491,28285,30840,87,35129,42001],"42wp_author":[47160],"class_list":["post-21790","post","type-post","status-publish","format-standard","has-post-thumbnail","hentry","category-f1","tag-barcelona","tag-barcelona-2025","tag-barcelona-f1","tag-calendario-f1","tag-classificacao-f1","tag-espanha-2025","tag-espanha-f1","tag-f1","tag-f1-2025","tag-ferrari","tag-formula-1","tag-formula-1-2025","tag-gp-da-espanha","tag-gp-de-espanha-f1","tag-grande-premio","tag-grandepremio","tag-horarios-f1","tag-lewis-hamilton","tag-onde-assistir-f1","tag-temporada-2025-f1","42wp_author-vicente-soella"],"_links":{"self":[{"href":"https:\/\/grandepremio.com\/br\/wp-json\/wp\/v2\/posts\/21790","targetHints":{"allow":["GET"]}}],"collection":[{"href":"https:\/\/grandepremio.com\/br\/wp-json\/wp\/v2\/posts"}],"about":[{"href":"https:\/\/grandepremio.com\/br\/wp-json\/wp\/v2\/types\/post"}],"replies":[{"embeddable":true,"href":"https:\/\/grandepremio.com\/br\/wp-json\/wp\/v2\/comments?post=21790"}],"version-history":[{"count":0,"href":"https:\/\/grandepremio.com\/br\/wp-json\/wp\/v2\/posts\/21790\/revisions"}],"wp:featuredmedia":[{"embeddable":true,"href":"https:\/\/grandepremio.com\/br\/wp-json\/wp\/v2\/media\/1000975966"}],"wp:attachment":[{"href":"https:\/\/grandepremio.com\/br\/wp-json\/wp\/v2\/media?parent=21790"}],"wp:term":[{"taxonomy":"category","embeddable":true,"href":"https:\/\/grandepremio.com\/br\/wp-json\/wp\/v2\/categories?post=21790"},{"taxonomy":"post_tag","embeddable":true,"href":"https:\/\/grandepremio.com\/br\/wp-json\/wp\/v2\/tags?post=21790"},{"taxonomy":"42wp_author","embeddable":true,"href":"https:\/\/grandepremio.com\/br\/wp-json\/wp\/v2\/42wp_author?post=21790"}],"curies":[{"name":"wp","href":"https:\/\/api.w.org\/{rel}","templated":true}]}}