{"id":21805,"date":"2025-06-01T07:43:35","date_gmt":"2025-06-01T10:43:35","guid":{"rendered":"https:\/\/grandepremio.com\/br\/noticias\/formula-1-realiza-gp-espanha-domingo-forte-calor-regiao-catalunha\/"},"modified":"2025-06-01T13:45:44","modified_gmt":"2025-06-01T16:45:44","slug":"formula-1-realiza-gp-espanha-domingo-forte-calor-regiao-catalunha","status":"publish","type":"post","link":"https:\/\/grandepremio.com\/br\/f1\/formula-1-realiza-gp-espanha-domingo-forte-calor-regiao-catalunha\/","title":{"rendered":"F\u00f3rmula 1 realiza GP da Espanha em domingo de forte calor na regi\u00e3o da Catalunha"},"content":{"rendered":"\n<p class=\"wp-block-paragraph\">A F\u00f3rmula 1 est\u00e1 em Barcelona neste fim de semana para a disputa do GP da Espanha, nona etapa da temporada 2025, e a previs\u00e3o do tempo aponta para mais um dia de temperaturas elevadas, acima dos 30\u00b0C e sem a menor chance de chuva. Confira o que diz a meteorologia para este domingo (1\u00ba).<\/p>\n\n\n\n<p class=\"wp-block-paragraph\">A largada est\u00e1 prevista para as 15h locais (10h de Bras\u00edlia, GMT-3). Neste momento, os term\u00f4metros estar\u00e3o em 32\u00b0C de temperatura ambiente, com sensa\u00e7\u00e3o t\u00e9rmica semelhante, em 33\u00b0C, e umidade relativa do ar em 30%.<\/p>\n\n\n\n<p class=\"wp-block-paragraph\">Os ventos, por sua vez, sopram na dire\u00e7\u00e3o sul a 19 km\/h de velocidade m\u00e9dia, com rajadas de at\u00e9 33 km\/h. As nuvens cobrem 59% do c\u00e9u.<\/p>\n\n\n\n<p class=\"wp-block-paragraph\">Mais ou menos na metade da prova, a temperatura desce um grau (31\u00b0C), com sensa\u00e7\u00e3o semelhante. A umidade tamb\u00e9m permanece em 30%, assim como a velocidade m\u00e9dia dos ventos. As rajadas, no entanto, diminuem, podendo chegar a 30 km\/h.<\/p>\n\n\n\n<figure class=\"wp-block-image size-large\"><img decoding=\"async\" src=\"https:\/\/www.grandepremio.com\/br\/wp-content\/uploads\/2025\/05\/espanha-2025-f1-classificacao-ferrari-lewis-hamilton-03-1200x800.jpg\" alt=\"\" class=\"wp-image-975962\"\/><figcaption class=\"wp-element-caption\">Lewis Hamilton larga em quinto (Foto: Ferrari)<\/figcaption><\/figure>\n\n\n\n<p class=\"wp-block-paragraph\">Neste instante, o c\u00e9u come\u00e7a a ficar cada vez mais encoberto, e a expectativa \u00e9 de que esteja totalmente nublado perto do final da prova. A temperatura permanece acima dos 30\u00b0C, assim como a umidade relativa do ar e a velocidade m\u00e9dia dos ventos.<\/p>\n\n\n\n<p class=\"wp-block-paragraph\">N\u00e3o h\u00e1, no entanto, previs\u00e3o der chuva. As informa\u00e7\u00f5es s\u00e3o do servi\u00e7o de meteorologia AccuWeather. Oscar Piastri larga na pole-position, com Lando Norris ao lado, na primeira fila. Max Verstappen \u00e9 o terceiro.<\/p>\n\n\n\n<p class=\"wp-block-paragraph\">A&nbsp;<strong><a href=\"https:\/\/www.grandepremio.com\/br\/f1\/\" target=\"_blank\" rel=\"noreferrer noopener\"><\/a><a href=\"https:\/\/www.grandepremio.com\/br\/f1\/\" target=\"_blank\" rel=\"noreferrer noopener\">F\u00f3rmula 1<\/a><\/strong>&nbsp;realiza o GP da Espanha de 30 de maio a 1\u00ba de junho, em&nbsp;<strong>Barcelona<\/strong>, nona etapa da temporada 2025. O&nbsp;<strong>GRANDE PR\u00caMIO<\/strong>&nbsp;acompanha todas as atividades&nbsp;<strong><a href=\"https:\/\/www.grandepremio.com\/br\/f1\/ao-vivo\" target=\"_blank\" rel=\"noreferrer noopener\">AO VIVO E EM&nbsp;<\/a><a href=\"https:\/\/www.grandepremio.com\/br\/ao-vivo\/\" target=\"_blank\" rel=\"noreferrer noopener\">TEMPO REAL<\/a><\/strong>, al\u00e9m de classifica\u00e7\u00e3o e corrida em&nbsp;<strong><a href=\"https:\/\/www.youtube.com\/@GrandePremio1\/streams\" target=\"_blank\" rel=\"noreferrer noopener\">SEGUNDA TELA no YouTube<\/a><\/strong>, em parceria com a Voz do Esporte. O&nbsp;<strong>Briefing<\/strong>&nbsp;chega para analisar ap\u00f3s o fim de cada dia de atividades nas redes sociais e na GPTV.<\/p>\n\n\n\n<p class=\"wp-block-paragraph\">Al\u00e9m da cobertura tradicional, o&nbsp;<strong>GRANDE PR\u00caMIO<\/strong>&nbsp;estar\u00e1&nbsp;<strong>IN LOCO<\/strong>&nbsp;em&nbsp;<strong><a href=\"https:\/\/es.grandepremio.com\/\" target=\"_blank\" rel=\"noreferrer noopener\">Barcelona<\/a>&nbsp;<\/strong>para acompanhar todas as emo\u00e7\u00f5es da etapa com o rep\u00f3rter&nbsp;<strong>Leonid Kliuev<\/strong>.<\/p>\n\n\n\n<p class=\"wp-block-paragraph\"><strong>GP da&nbsp;<a href=\"https:\/\/grandepremio.com\/es\/\" target=\"_blank\" rel=\"noreferrer noopener\"><\/a><a href=\"https:\/\/grandepremio.com\/es\/\" target=\"_blank\" rel=\"noreferrer noopener\">Espanha<\/a>&nbsp;de F1: veja os hor\u00e1rios em Brasil, Cabo Verde,&nbsp;<a href=\"https:\/\/grandepremio.pt\/\" target=\"_blank\" rel=\"noreferrer noopener\">Portugal<\/a>, Angola e Mo\u00e7ambique:<\/strong><\/p>\n\n\n\n<figure class=\"wp-block-table\"><table class=\"has-fixed-layout\"><tbody><tr><td><strong>Sess\u00e3o<\/strong><\/td><td><strong>BRA*<\/strong><\/td><td><strong>CBV<\/strong><\/td><td><strong>POR<\/strong><br><strong>ANG<\/strong><\/td><td><strong>MOZ<\/strong><\/td><\/tr><tr><td>Corrida<\/td><td>10:00<\/td><td>12:00<\/td><td>14:00<\/td><td>15:00<\/td><\/tr><\/tbody><\/table><\/figure>\n\n\n\n<p class=\"wp-block-paragraph\"><em>*Hor\u00e1rios em Bras\u00edlia<\/em><\/p>\n","protected":false},"excerpt":{"rendered":"<p>O domingo (1\u00ba) ser\u00e1 de temperaturas acima dos 30\u00b0C na Espanha. Confira o que diz a meteorologia para a corrida em Barcelona<\/p>\n","protected":false},"author":0,"featured_media":1000975913,"comment_status":"closed","ping_status":"closed","sticky":false,"template":"","format":"standard","meta":{"42wp_featured_image_caption":"","42wp_featured_image_credits":"","42wp_featured_video":"","42wp_featured_image_hidden":false,"42wp_authors_list":[],"footnotes":""},"categories":[2],"tags":[304,26271,5273,1877,147,3630,180,3628,996,43728,1491,28285,30840,35129,42001],"42wp_author":[47147],"class_list":["post-21805","post","type-post","status-publish","format-standard","has-post-thumbnail","hentry","category-f1","tag-barcelona","tag-calendario-f1","tag-classificacao-f1","tag-espanha","tag-f1","tag-f1-2025","tag-formula-1","tag-formula-1-2025","tag-gp-da-espanha","tag-gp-da-espanha-f1","tag-grande-premio","tag-grandepremio","tag-horarios-f1","tag-onde-assistir-f1","tag-temporada-2025-f1","42wp_author-luana-marino"],"_links":{"self":[{"href":"https:\/\/grandepremio.com\/br\/wp-json\/wp\/v2\/posts\/21805","targetHints":{"allow":["GET"]}}],"collection":[{"href":"https:\/\/grandepremio.com\/br\/wp-json\/wp\/v2\/posts"}],"about":[{"href":"https:\/\/grandepremio.com\/br\/wp-json\/wp\/v2\/types\/post"}],"replies":[{"embeddable":true,"href":"https:\/\/grandepremio.com\/br\/wp-json\/wp\/v2\/comments?post=21805"}],"version-history":[{"count":0,"href":"https:\/\/grandepremio.com\/br\/wp-json\/wp\/v2\/posts\/21805\/revisions"}],"wp:featuredmedia":[{"embeddable":true,"href":"https:\/\/grandepremio.com\/br\/wp-json\/wp\/v2\/media\/1000975913"}],"wp:attachment":[{"href":"https:\/\/grandepremio.com\/br\/wp-json\/wp\/v2\/media?parent=21805"}],"wp:term":[{"taxonomy":"category","embeddable":true,"href":"https:\/\/grandepremio.com\/br\/wp-json\/wp\/v2\/categories?post=21805"},{"taxonomy":"post_tag","embeddable":true,"href":"https:\/\/grandepremio.com\/br\/wp-json\/wp\/v2\/tags?post=21805"},{"taxonomy":"42wp_author","embeddable":true,"href":"https:\/\/grandepremio.com\/br\/wp-json\/wp\/v2\/42wp_author?post=21805"}],"curies":[{"name":"wp","href":"https:\/\/api.w.org\/{rel}","templated":true}]}}