{"id":21806,"date":"2025-06-01T07:36:03","date_gmt":"2025-06-01T10:36:03","guid":{"rendered":"https:\/\/grandepremio.com\/br\/noticias\/rafael-camara-administra-ritmo-vence-espanha-amplia-vantagem-f3-2025\/"},"modified":"2025-06-01T09:38:53","modified_gmt":"2025-06-01T12:38:53","slug":"rafael-camara-administra-ritmo-vence-espanha-amplia-vantagem-f3-2025","status":"publish","type":"post","link":"https:\/\/grandepremio.com\/br\/f3\/rafael-camara-administra-ritmo-vence-espanha-amplia-vantagem-f3-2025\/","title":{"rendered":"C\u00e2mara administra ritmo, vence na Espanha e amplia vantagem na F3 2025"},"content":{"rendered":"\n<p class=\"wp-block-paragraph\"><strong>Rafael C\u00e2mara<\/strong> voltou a vencer na temporada 2025 da<strong> F\u00f3rmula 3<\/strong>. Depois de passar por algumas dificuldades durante a passagem da categoria por <strong>M\u00f4naco<\/strong>, em que foi punido ap\u00f3s a classifica\u00e7\u00e3o e abandonou a corrida principal, o titular da <strong>Trident <\/strong>reagiu durante o fim de semana na <strong>Espanha <\/strong>e venceu a corrida principal ap\u00f3s largar da pole-position.<\/p>\n\n\n\n<p class=\"wp-block-paragraph\"><strong>C\u00e2mara <\/strong>voltou a conquistar a pole na sexta-feira (30) durante a classifica\u00e7\u00e3o. Partindo da posi\u00e7\u00e3o de honra depois de bater <strong>Nikola Tsolov<\/strong> \u2014 principal rival na briga pelo t\u00edtulo \u2014 por 0s216, o brasileiro teve um bom come\u00e7o de corrida e manteve a dianteira quando as luzes se apagaram. O b\u00falgaro, por sua vez, n\u00e3o largou bem e caiu para a oitava posi\u00e7\u00e3o.<\/p>\n\n\n\n<p class=\"wp-block-paragraph\">C\u00e2mara se mantinha \u00e0 frente de<strong> Laurens van Hoepen<\/strong> e <strong>Th\u00e9ophile Na\u00ebl<\/strong>. <strong>Tuukka Taponen<\/strong>, quarto colocado, seguia atr\u00e1s do top-3, mas perdia vantagem em rela\u00e7\u00e3o aos l\u00edderes. Na terceira volta, no entanto, um incidente entre <strong>Roman Bilinski<\/strong> e <strong>Jose Garfias<\/strong> acionou o safety-car.<\/p>\n\n\n\n<p class=\"wp-block-paragraph\">A a\u00e7\u00e3o foi retomada quatro voltas mais tarde, com <strong>C\u00e2mara <\/strong>liderando o pelot\u00e3o. Um pouco mais atr\u00e1s, <strong>Martinius Stenshorne<\/strong>, que teve um bom come\u00e7o de prova depois de partir de d\u00e9cimo, ultrapassou <strong>Taponen <\/strong>e assumiu o quarto lugar. As coisas ficaram ainda piores para o finland\u00eas, que perdeu ritmo e despencou na tabela. No fim, cruzou a linha de chegada apenas em 19\u00ba.<\/p>\n\n\n\n<figure class=\"wp-block-image size-large\"><img decoding=\"async\" src=\"https:\/\/www.grandepremio.com\/br\/wp-content\/uploads\/2025\/05\/Rafael-Camara-1-1200x800.jpg\" alt=\"\" class=\"wp-image-970364\"\/><figcaption class=\"wp-element-caption\">Rafael C\u00e2mara ampliou a vantagem na lideran\u00e7a da F3 (Foto: F3)<\/figcaption><\/figure>\n\n\n\n<p class=\"wp-block-paragraph\">Assim, <strong>Alessandro Giusti<\/strong> entrou no top-5 e, pouco depois, na 11\u00aa volta, realizou a ultrapassagem sobre <strong>Stenshorne <\/strong>para subir para a quarta posi\u00e7\u00e3o. Tr\u00eas voltas mais tarde, l\u00e1 na frente, <strong>Van Hoepen<\/strong> e <strong>Nael <\/strong>seguiam na ca\u00e7a pela lideran\u00e7a e se mantinham pr\u00f3ximo de C\u00e2mara a ponto de acionarem o DRS. Tsolov, por sua vez, fazia uma corrida de recupera\u00e7\u00e3o e assumia a quinta posi\u00e7\u00e3o.<\/p>\n\n\n\n<p class=\"wp-block-paragraph\">Na 18\u00aa volta <strong>Nicola Lacorte<\/strong> e <strong>Brando Badoer<\/strong> se enroscaram e o titular da <strong>Prema <\/strong>levou a pior e foi parar na caixa de brita da curva 1. Assim, o safety-car foi acionado mais uma vez. Quando a a\u00e7\u00e3o foi retomada na volta 21, <strong>Van Hoepen<\/strong> foi atacado por <strong>Na\u00ebl <\/strong>e assumiu o segundo lugar. O embate fez <strong>C\u00e2mara <\/strong>disparar na frente e se manter em uma posi\u00e7\u00e3o confort\u00e1vel em rela\u00e7\u00e3o aos rivais.<\/p>\n\n\n\n<p class=\"wp-block-paragraph\">Assim, <strong>C\u00e2mara <\/strong>cruzou a linha de chegada em primeiro sem sofrer com a press\u00e3o dos rivais e venceu pela terceira vez na temporada 2025. O p\u00f3dio foi completado por <strong>Na\u00ebl <\/strong>e A<strong>lessandro Giusti<\/strong>, que superou <strong>Van Hoepen<\/strong> na \u00faltima volta. O top-10 ainda foi completado por <strong>Tsolov<\/strong>, <strong>Ivan Domingues, Tim Tramnitz, Noah Stromsted, Martinius Stenshorne<\/strong> e <strong>Callum Voisin<\/strong>. Agora, <strong>Rafael<\/strong> sustenta uma vantagem de 26 pontos sobre  o vice <strong>Nikola<\/strong>.<\/p>\n\n\n\n<p class=\"wp-block-paragraph\">Ap\u00f3s uma sequ\u00eancia de tr\u00eas corridas seguidas, a F\u00f3rmula 3 faz uma pausa e retoma as atividades entre os dias 27 e 29 de junho com a etapa na \u00c1ustria.<\/p>\n\n\n\n<p class=\"wp-block-paragraph\">\u25b6\ufe0f&nbsp;<strong>Inscreva-se nos dois canais do GRANDE PR\u00caMIO no YouTube:&nbsp;<a href=\"https:\/\/www.youtube.com\/channel\/UC9OlHEgxoaY6QY6nWPoiqQg?sub_confirmation=1\" target=\"_blank\" rel=\"noreferrer noopener\">GP<\/a>&nbsp;|&nbsp;<a href=\"https:\/\/www.youtube.com\/channel\/UC9csiS6q_C3C0FYhyr1rnFA?sub_confirmation=1\" target=\"_blank\" rel=\"noreferrer noopener\">GP2<\/a><\/strong><\/p>\n","protected":false},"excerpt":{"rendered":"<p>Em uma corrida que contou com duas apari\u00e7\u00f5es do safety-car, Rafael C\u00e2mara administrou a vantagem e venceu sem maiores problemas depois de largar da pole-position<\/p>\n","protected":false},"author":0,"featured_media":1000976412,"comment_status":"closed","ping_status":"closed","sticky":false,"template":"","format":"standard","meta":{"42wp_featured_image_caption":"","42wp_featured_image_credits":"","42wp_featured_video":"","42wp_featured_image_hidden":false,"42wp_authors_list":[],"footnotes":""},"categories":[10],"tags":[304,1008,40508,8057,996,27860],"42wp_author":[47149],"class_list":["post-21806","post","type-post","status-publish","format-standard","has-post-thumbnail","hentry","category-f3","tag-barcelona","tag-f3","tag-f3-2025","tag-formula-3","tag-gp-da-espanha","tag-rafael-camara","42wp_author-bernardo-castro"],"_links":{"self":[{"href":"https:\/\/grandepremio.com\/br\/wp-json\/wp\/v2\/posts\/21806","targetHints":{"allow":["GET"]}}],"collection":[{"href":"https:\/\/grandepremio.com\/br\/wp-json\/wp\/v2\/posts"}],"about":[{"href":"https:\/\/grandepremio.com\/br\/wp-json\/wp\/v2\/types\/post"}],"replies":[{"embeddable":true,"href":"https:\/\/grandepremio.com\/br\/wp-json\/wp\/v2\/comments?post=21806"}],"version-history":[{"count":0,"href":"https:\/\/grandepremio.com\/br\/wp-json\/wp\/v2\/posts\/21806\/revisions"}],"wp:featuredmedia":[{"embeddable":true,"href":"https:\/\/grandepremio.com\/br\/wp-json\/wp\/v2\/media\/1000976412"}],"wp:attachment":[{"href":"https:\/\/grandepremio.com\/br\/wp-json\/wp\/v2\/media?parent=21806"}],"wp:term":[{"taxonomy":"category","embeddable":true,"href":"https:\/\/grandepremio.com\/br\/wp-json\/wp\/v2\/categories?post=21806"},{"taxonomy":"post_tag","embeddable":true,"href":"https:\/\/grandepremio.com\/br\/wp-json\/wp\/v2\/tags?post=21806"},{"taxonomy":"42wp_author","embeddable":true,"href":"https:\/\/grandepremio.com\/br\/wp-json\/wp\/v2\/42wp_author?post=21806"}],"curies":[{"name":"wp","href":"https:\/\/api.w.org\/{rel}","templated":true}]}}