{"id":21820,"date":"2025-06-01T01:00:00","date_gmt":"2025-06-01T04:00:00","guid":{"rendered":"https:\/\/grandepremio.com\/br\/noticias\/formula-2-vai-passar-tv-hoje-onde-assistir-ao-vivo-corrida-2-rodada-espanha-2\/"},"modified":"2025-06-01T13:49:04","modified_gmt":"2025-06-01T16:49:04","slug":"formula-2-vai-passar-tv-hoje-onde-assistir-ao-vivo-corrida-2-rodada-espanha-2","status":"publish","type":"post","link":"https:\/\/grandepremio.com\/br\/f2\/formula-2-vai-passar-tv-hoje-onde-assistir-ao-vivo-corrida-2-rodada-espanha-2\/","title":{"rendered":"F\u00f3rmula 2 vai passar na TV hoje? Onde assistir ao vivo \u00e0 corrida 2 da rodada da Espanha"},"content":{"rendered":"\n<p class=\"wp-block-paragraph\">A <strong>F\u00f3rmula 2 <\/strong>est\u00e1 na <strong>Espanha<\/strong>, que recebe a sexta etapa da<strong> temporada 2025<\/strong>. Depois de uma sprint movimentada, em que a estrat\u00e9gia de pneus se mostrou decisiva,<strong> Richard Verschoor<\/strong> venceu, com <strong>Alexander Dunne<\/strong> e <strong>Rafael Villag\u00f3mez<\/strong> completando o p\u00f3dio.<\/p>\n\n\n\n<p class=\"wp-block-paragraph\">O irland\u00eas, ali\u00e1s, conseguiu uma impressionante recupera\u00e7\u00e3o ao sair de 19\u00ba para o p\u00f3dio. Neste domingo (1\u00ba), na corrida 2, ele sai em oitavo, j\u00e1 que tem tr\u00eas posi\u00e7\u00f5es a pagar de puni\u00e7\u00e3o. A pole-position ficou com <strong>Arvid Lindblad<\/strong>.<\/p>\n\n\n\n<p class=\"wp-block-paragraph\">Confira os hor\u00e1rios da largada nos pa\u00edses de l\u00edngua portuguesa.<\/p>\n\n\n\n<p class=\"wp-block-paragraph\"><strong>Rodada da&nbsp;<a href=\"https:\/\/grandepremio.com\/es\/\" target=\"_blank\" rel=\"noreferrer noopener\">Espanha<\/a>&nbsp;da&nbsp;<a href=\"https:\/\/www.grandepremio.com\/br\/f2\/\" target=\"_blank\" rel=\"noreferrer noopener\">F2<\/a>: veja os hor\u00e1rios em Brasil, Cabo Verde,&nbsp;<a href=\"https:\/\/grandepremio.pt\/\" target=\"_blank\" rel=\"noreferrer noopener\">Portugal<\/a>, Angola e Mo\u00e7ambique<\/strong><\/p>\n\n\n\n<figure class=\"wp-block-table\"><table class=\"has-fixed-layout\"><tbody><tr><td><strong>Sess\u00e3o<\/strong><\/td><td><strong>BRA*<\/strong><\/td><td><strong>CBV<\/strong><\/td><td><strong>POR<\/strong><br><strong>ANG<\/strong><\/td><td><strong>MOZ<\/strong><\/td><\/tr><tr><td>Corrida<\/td><td>05:00<\/td><td>07:00<\/td><td>09:00<\/td><td>10:00<\/td><\/tr><\/tbody><\/table><\/figure>\n\n\n\n<p class=\"wp-block-paragraph\">*Hor\u00e1rio de Bras\u00edlia<\/p>\n\n\n\n<p class=\"wp-block-paragraph\"><strong>Onde assistir \u00e0 rodada da&nbsp;<a href=\"https:\/\/grandepremio.com\/es\/\" target=\"_blank\" rel=\"noreferrer noopener\">Espanha<\/a>&nbsp;da&nbsp;<a href=\"https:\/\/www.grandepremio.com\/br\/f2\/\" target=\"_blank\" rel=\"noreferrer noopener\">F2<\/a>&nbsp;no Brasil, na \u00c1frica e em&nbsp;<a href=\"https:\/\/grandepremio.pt\/\" target=\"_blank\" rel=\"noreferrer noopener\">Portugal<\/a><\/strong><\/p>\n\n\n\n<figure class=\"wp-block-table\"><table class=\"has-fixed-layout\"><tbody><tr><td>Brasil<\/td><td>BandSports e F1TV<\/td><\/tr><tr><td>\u00c1frica<\/td><td>DStv (Supersport) e F1TV<\/td><\/tr><tr><td>Portugal<\/td><td>DAZN e F1TV<\/td><\/tr><\/tbody><\/table><\/figure>\n\n\n\n<figure class=\"wp-block-embed is-type-video is-provider-youtube wp-block-embed-youtube wp-embed-aspect-16-9 wp-has-aspect-ratio\"><div class=\"wp-block-embed__wrapper\">\n<iframe loading=\"lazy\" title=\"PIASTRI TIRA POLE DE NORRIS, BORTOLETO \u00c9 12\u00ba: A CLASSIFICA\u00c7\u00c3O DA F1 NA ESPANHA | BRIEFING\" width=\"500\" height=\"281\" src=\"https:\/\/www.youtube.com\/embed\/VgVHUJ9R1Bo?feature=oembed\" frameborder=\"0\" allow=\"accelerometer; autoplay; clipboard-write; encrypted-media; gyroscope; picture-in-picture; web-share\" referrerpolicy=\"strict-origin-when-cross-origin\" allowfullscreen><\/iframe>\n<\/div><\/figure>\n","protected":false},"excerpt":{"rendered":"<p>Hoje (1\u00ba) tem a corrida 2 da rodada da Espanha. Confira os hor\u00e1rios nos pa\u00edses de l\u00edngua portuguesa<\/p>\n","protected":false},"author":0,"featured_media":1000975714,"comment_status":"closed","ping_status":"closed","sticky":false,"template":"","format":"standard","meta":{"42wp_featured_image_caption":"","42wp_featured_image_credits":"","42wp_featured_video":"","42wp_featured_image_hidden":false,"42wp_authors_list":[],"footnotes":""},"categories":[9],"tags":[304,29654,30246,1877,111,41547,2208,41881,1491,28285,35029,35030,14837,41882],"42wp_author":[47147],"class_list":["post-21820","post","type-post","status-publish","format-standard","has-post-thumbnail","hentry","category-f2","tag-barcelona","tag-calendario-f2","tag-classificacao-f2","tag-espanha","tag-f2","tag-f2-2025","tag-formula-2","tag-formula-2-2025","tag-grande-premio","tag-grandepremio","tag-horarios-f2","tag-onde-assistir-f2","tag-rodada-da-espanha","tag-temporada-2025-f2","42wp_author-luana-marino"],"_links":{"self":[{"href":"https:\/\/grandepremio.com\/br\/wp-json\/wp\/v2\/posts\/21820","targetHints":{"allow":["GET"]}}],"collection":[{"href":"https:\/\/grandepremio.com\/br\/wp-json\/wp\/v2\/posts"}],"about":[{"href":"https:\/\/grandepremio.com\/br\/wp-json\/wp\/v2\/types\/post"}],"replies":[{"embeddable":true,"href":"https:\/\/grandepremio.com\/br\/wp-json\/wp\/v2\/comments?post=21820"}],"version-history":[{"count":0,"href":"https:\/\/grandepremio.com\/br\/wp-json\/wp\/v2\/posts\/21820\/revisions"}],"wp:featuredmedia":[{"embeddable":true,"href":"https:\/\/grandepremio.com\/br\/wp-json\/wp\/v2\/media\/1000975714"}],"wp:attachment":[{"href":"https:\/\/grandepremio.com\/br\/wp-json\/wp\/v2\/media?parent=21820"}],"wp:term":[{"taxonomy":"category","embeddable":true,"href":"https:\/\/grandepremio.com\/br\/wp-json\/wp\/v2\/categories?post=21820"},{"taxonomy":"post_tag","embeddable":true,"href":"https:\/\/grandepremio.com\/br\/wp-json\/wp\/v2\/tags?post=21820"},{"taxonomy":"42wp_author","embeddable":true,"href":"https:\/\/grandepremio.com\/br\/wp-json\/wp\/v2\/42wp_author?post=21820"}],"curies":[{"name":"wp","href":"https:\/\/api.w.org\/{rel}","templated":true}]}}