{"id":21828,"date":"2025-05-31T20:01:00","date_gmt":"2025-05-31T23:01:00","guid":{"rendered":"https:\/\/grandepremio.com\/br\/noticias\/mclaren-depende-apenas-si-espanha-mas-flerta-perigo-1o-embate-interno\/"},"modified":"2025-05-31T21:06:44","modified_gmt":"2025-06-01T00:06:44","slug":"mclaren-depende-apenas-si-espanha-mas-flerta-perigo-1o-embate-interno","status":"publish","type":"post","link":"https:\/\/grandepremio.com\/br\/f1\/mclaren-depende-apenas-si-espanha-mas-flerta-perigo-1o-embate-interno\/","title":{"rendered":"McLaren depende apenas de si na Espanha, mas flerta com perigo em 1\u00ba embate interno"},"content":{"rendered":"\n<p class=\"wp-block-paragraph\">Quando chegou o momento decisivo, <strong>Oscar Piastri<\/strong> foi impec\u00e1vel e \u00e9 favorito \u00e0 vit\u00f3ria no <strong>GP da Espanha<\/strong> deste domingo. Muito dessa percep\u00e7\u00e3o vem da maneira como o australiano usou o bel\u00edssimo carro laranja a seu favor neste s\u00e1bado (31). \u00c9 que a<strong> McLaren<\/strong> <a href=\"https:\/\/www.grandepremio.com\/br\/f1\/noticias\/mclaren-minimiza-regra-asas-apos-pole-espanha-nunca-estivemos-preocupados\/\">n\u00e3o enfrentou qualquer rev\u00e9s pela temida diretiva das asas e ainda dominou as curvas e retas do circuito de Barcelona<\/a>, culminando numa primeira fila important\u00edssima, diante das demandas do tra\u00e7ado catal\u00e3o e daquilo que ter\u00e1 de ser feito em termos de estrat\u00e9gia. S\u00f3 que o trabalho de Oscar em anular a ascens\u00e3o do companheiro de garagem, <strong>Lando Norris<\/strong>, foi mais impressionante. Porque <a href=\"https:\/\/www.grandepremio.com\/br\/f1\/noticias\/oscar-piastri-sobra-mclaren-conquista-pole-position-gp-espanha-gabriel-bortoleto-12o\/\">Piastri n\u00e3o cometeu erro algum e superou a marca do rival nos instantes finais<\/a>, depois de ter perdido a ponta no in\u00edcio do Q3. A pole veio em <strong>1min11s546<\/strong>, 0s2 mais veloz que a marca do ingl\u00eas e 0s3 melhor que a de <strong>Max Verstappen<\/strong>, que sai em terceiro. Neste cen\u00e1rio, \u00e9 f\u00e1cil dizer: a McLaren s\u00f3 depende de si, mas n\u00e3o pode fingir que n\u00e3o h\u00e1 nada acontecendo.<\/p>\n\n\n\n<p class=\"wp-block-paragraph\">Os primeiros instantes do<strong> Q3<\/strong> registraram uma cena das mais intrigantes. \u00c9 que Norris e Piastri se encontraram na pista para a primeira tentativa de pole na fase final da classifica\u00e7\u00e3o, e o brit\u00e2nico n\u00e3o desperdi\u00e7ou a chance para pegar um <strong>v\u00e1cuo<\/strong> no carro do colega de time. O engenheiro de Oscar notou a manobra e avisou seu piloto, que respondeu direto: &#8220;Atrevido&#8221;. Mais tarde, os dois tentaram desconversar e falaram em coincid\u00eancia\u2026 O fato \u00e9 que Lando obteve o melhor tempo na sequ\u00eancia daquela primeira volta. Na segunda passagem, no entanto, o cen\u00e1rio foi outro. O dono do carro <strong>#81<\/strong> acertou todas as parciais e assegurou a posi\u00e7\u00e3o de honra. Lando, por outro lado, cometeu pequenos erros, particularmente no segundo setor, mas ainda se segurou em segundo, completando a fila que abre o <strong>grid<\/strong>.<\/p>\n\n\n\n<p class=\"wp-block-paragraph\">Deste ponto de vista, a <strong>McLaren<\/strong> sai em vantagem, porque ter\u00e1 a chance de andar de cara para o vento e estabelecer a pr\u00f3pria estrat\u00e9gia. Mas ser\u00e1 preciso uma largada potente e que n\u00e3o permita espa\u00e7o para a concorr\u00eancia. Porque a corrida deste domingo tamb\u00e9m ser\u00e1 t\u00e1tica, com uma perspectiva de duas paradas. E n\u00e3o deixa de ser interessante a sensa\u00e7\u00e3o de que a equipe laranja vai viver em Barcelona o primeiro embate direto entre seus dois pilotos, que n\u00e3o s\u00f3 dividem a primeira fila como tamb\u00e9m as duas primeiras coloca\u00e7\u00f5es da tabela de pontos.<\/p>\n\n\n\n<p class=\"wp-block-paragraph\"><strong>LEIA MAIS<br>\u25b6\ufe0f <a href=\"https:\/\/www.grandepremio.com\/br\/f1\/noticias\/5-coisas-que-aprendemos-no-sabado-do-gp-da-espanha-da-formula-1-2025\/\">5 coisas que aprendemos no s\u00e1bado do GP da Espanha da F\u00f3rmula 1 2025<\/a><\/strong><\/p>\n\n\n\n<figure class=\"wp-block-embed is-type-video is-provider-youtube wp-block-embed-youtube wp-embed-aspect-16-9 wp-has-aspect-ratio\"><div class=\"wp-block-embed__wrapper\">\n<iframe loading=\"lazy\" title=\"PIASTRI TIRA POLE DE NORRIS, BORTOLETO \u00c9 12\u00ba: A CLASSIFICA\u00c7\u00c3O DA F1 NA ESPANHA | BRIEFING\" width=\"500\" height=\"281\" src=\"https:\/\/www.youtube.com\/embed\/VgVHUJ9R1Bo?feature=oembed\" frameborder=\"0\" allow=\"accelerometer; autoplay; clipboard-write; encrypted-media; gyroscope; picture-in-picture; web-share\" referrerpolicy=\"strict-origin-when-cross-origin\" allowfullscreen><\/iframe>\n<\/div><\/figure>\n\n\n\n<p class=\"wp-block-paragraph\">&#8220;Temos nossa abordagem de corrida, que \u00e9 um processo entre Lando e Oscar que j\u00e1 dura meses&#8221;, contou <strong>Andrea Stella<\/strong> ao ser questionado sobre a din\u00e2mica da <strong>primeira fila<\/strong>. &#8220;\u00c9 baseado em princ\u00edpios, mas quando se trata de competir contra seu companheiro de equipe ou qualquer outro carro, voc\u00ea n\u00e3o pode ser muito prescritivo. Confiamos em nossos pilotos. Este \u00e9 o fator mais importante. Temos \u00f3timas conversas constantemente&#8221;, completou o dirigente, que, em seguida, tratou de colocar Verstappen neste cen\u00e1rio.<\/p>\n\n\n\n<p class=\"wp-block-paragraph\">E tem raz\u00e3o, porque o<strong> tetracampe\u00e3o<\/strong> larga em terceiro e, na sexta-feira, mostrou um ritmo de corrida bastante consistente. &#8220;Definitivamente, n\u00f3s n\u00e3o estamos pensando numa batalha entre Lando e Oscar apenas. Max est\u00e1 l\u00e1 tamb\u00e9m. N\u00e3o o excluiria da luta pelo campeonato.&#8221;<\/p>\n\n\n\n<p class=\"wp-block-paragraph\">Certamente, h\u00e1 um temor por uma repeti\u00e7\u00e3o do aconteceu em \u00cdmola, quando o neerland\u00eas tomou a ponta logo de cara e marchou para a vit\u00f3ria. Desta vez, a quest\u00e3o \u00e9 entender como os pneus v\u00e3o funcionar em uma pista bem mais abrasiva e sob temperaturas mais altas. &#8220;Sinceramente, achei que seriam 0s3. E foi exatamente isso: 0s3. Parab\u00e9ns ao Oscar e ao Lando por garantirem a primeira fila&#8221;, afirmou Christian Horner ao streaming sueco Viaplay. &#8220;Somos os melhores do resto. Claro que amanh\u00e3 ser\u00e1 uma corrida longa e, estrategicamente, haver\u00e1 algumas op\u00e7\u00f5es. Al\u00e9m disso, h\u00e1 uma longa reta at\u00e9 a curva 1&#8221;, emendou.<\/p>\n\n\n\n<p class=\"wp-block-paragraph\"><strong>\u25b6\ufe0f&nbsp;Inscreva-se nos dois canais do GRANDE PR\u00caMIO no YouTube:&nbsp;<a href=\"https:\/\/www.youtube.com\/channel\/UC9OlHEgxoaY6QY6nWPoiqQg?sub_confirmation=1\" target=\"_blank\" rel=\"noreferrer noopener\">GP<\/a>&nbsp;|&nbsp;<a href=\"https:\/\/www.youtube.com\/channel\/UC9csiS6q_C3C0FYhyr1rnFA?sub_confirmation=1\" target=\"_blank\" rel=\"noreferrer noopener\">GP2<\/a><\/strong><\/p>\n\n\n\n<figure class=\"wp-block-image size-large\"><img decoding=\"async\" src=\"https:\/\/www.grandepremio.com\/br\/wp-content\/uploads\/2025\/05\/espanha-2025-f1-classificacao-red-bull-max-verstappen-05-1200x800.jpg\" alt=\"\" class=\"wp-image-975907\"\/><figcaption class=\"wp-element-caption\">Max Verstappen larga em terceiro e busca repetir o sucesso de \u00cdmola (Foto: Red Bull Content Pool)<\/figcaption><\/figure>\n\n\n\n<p class=\"wp-block-paragraph\">De fato, a estrat\u00e9gia de pit-stops \u00e9 onde reside a esperan\u00e7a dos oponentes da McLaren. Em tese, o <strong>GP da Espanha<\/strong> pode ser completado em duas paradas nos boxes, sendo os pneus m\u00e9dios e macios as escolhas mais prov\u00e1veis. Neste sentido, os ponteiros procuraram reservar ao menos um jogo novo de cada composto, incluindo o duro. No entanto, <strong>Charles Leclerc<\/strong> e a dupla da <strong>Haas<\/strong> tiveram uma ideia diferente. O plano foi guardar um conjunto de m\u00e9dios \u2014 por isso, o monegasco foi \u00e0 pista apenas uma vez no Q3 e custou caro, apenas o s\u00e9timo lugar, mas pode ser recompensado na t\u00e1tica.<\/p>\n\n\n\n<p class=\"wp-block-paragraph\">&#8220;O circuito de Barcelona \u00e9 sempre um teste rigoroso para o desempenho do carro e dos pneus. Hoje, vimos uma equipe dominar novamente as duas primeiras posi\u00e7\u00f5es do grid, mas atr\u00e1s dela, a disputa \u00e9 acirrada, e espero que a corrida reflita isso. Ser\u00e1 fascinante ver como os times encaram uma corrida que sempre exige bastante dos pneus. Uma estrat\u00e9gia de duas paradas \u00e9 quase obrigat\u00f3ria, e acredito que os compostos m\u00e9dios e macios ser\u00e3o os mais utilizados. Vimos na sexta-feira que o pneu duro tende a deslizar muito, e os tempos de volta, comparados aos dos compostos mais macios, mostraram isso&#8221;, explicou o chefe da <strong>Pirelli<\/strong>, <strong>Mario Isola<\/strong>.<\/p>\n\n\n\n<p class=\"wp-block-paragraph\">Agora, a escolha e a ordem de uso dos compostos tamb\u00e9m ser\u00e1 uma das curiosidades desta corrida, lembrando bem o que aconteceu no <strong>Bahrein<\/strong>. E foi <strong>George Russell<\/strong> \u2014 quarto no grid \u2014 quem melhor traduziu esse ponto: &#8220;Pelo que vimos at\u00e9 agora, ser\u00e1 uma corrida complicada, semelhante \u00e0 do Bahrein, com muito superaquecimento e uma estrat\u00e9gia de duas paradas. Vimos o dom\u00ednio da McLaren l\u00e1.&#8221;<\/p>\n\n\n\n<p class=\"wp-block-paragraph\">&#8220;Mas quem sabe? Comecei em quarto lugar no ano passado e tive um bom come\u00e7o no ano passado. Se conseguirmos repetir isso, ser\u00e1 bom. Haver\u00e1 estrat\u00e9gias diferentes. Os tr\u00eas pneus parecem relativamente semelhantes. Se voc\u00ea usasse o pneu macio, por exemplo, em vez do duro, a volta de parada seria em cinco voltas. N\u00e3o \u00e9 como em \u00cdmola, quando o macio s\u00f3 conseguia dar oito voltas e o m\u00e9dio, 30.&#8221;<\/p>\n\n\n\n<figure class=\"wp-block-image size-large\"><img decoding=\"async\" src=\"https:\/\/www.grandepremio.com\/br\/wp-content\/uploads\/2025\/05\/espanha-2025-f1-treinos-livres-mercedes-george-russell-02-1200x800.jpg\" alt=\"\" class=\"wp-image-974929\"\/><figcaption class=\"wp-element-caption\">George Russell tamb\u00e9m deseja reproduzir a baita largada de 2024 (Foto: Mercedes)<\/figcaption><\/figure>\n\n\n\n<p class=\"wp-block-paragraph\">Portanto, da largada \u00e0 t\u00e1tica, a Espanha promete.<\/p>\n\n\n\n<p class=\"wp-block-paragraph\">A&nbsp;<strong><a href=\"https:\/\/www.grandepremio.com\/br\/f1\/\" target=\"_blank\" rel=\"noreferrer noopener\"><\/a><a href=\"https:\/\/www.grandepremio.com\/br\/f1\/\" target=\"_blank\" rel=\"noreferrer noopener\">F\u00f3rmula 1<\/a><\/strong>&nbsp;realiza o GP da Espanha de 30 de maio a 1\u00ba de junho, em&nbsp;<strong>Barcelona<\/strong>, nona etapa da temporada 2025. O&nbsp;<strong>GRANDE PR\u00caMIO<\/strong>&nbsp;acompanha todas as atividades&nbsp;<strong><a href=\"https:\/\/www.grandepremio.com\/br\/f1\/ao-vivo\" target=\"_blank\" rel=\"noreferrer noopener\">AO VIVO E EM&nbsp;<\/a><a href=\"https:\/\/www.grandepremio.com\/br\/ao-vivo\/\" target=\"_blank\" rel=\"noreferrer noopener\">TEMPO REAL<\/a><\/strong>, al\u00e9m de classifica\u00e7\u00e3o e corrida em&nbsp;<strong><a href=\"https:\/\/www.youtube.com\/@GrandePremio1\/streams\" target=\"_blank\" rel=\"noreferrer noopener\">SEGUNDA TELA no YouTube<\/a><\/strong>, em parceria com a Voz do Esporte. O&nbsp;<strong>Briefing<\/strong>&nbsp;chega para analisar ap\u00f3s o fim de cada dia de atividades nas redes sociais e na GPTV.<\/p>\n\n\n\n<p class=\"wp-block-paragraph\">Al\u00e9m da cobertura tradicional, o&nbsp;<strong>GRANDE PR\u00caMIO<\/strong>&nbsp;estar\u00e1&nbsp;<strong>IN LOCO<\/strong>&nbsp;em&nbsp;<strong><a href=\"https:\/\/es.grandepremio.com\/\" target=\"_blank\" rel=\"noreferrer noopener\">Barcelona<\/a>&nbsp;<\/strong>para acompanhar todas as emo\u00e7\u00f5es da etapa com o rep\u00f3rter&nbsp;<strong>Leonid Kliuev<\/strong>.<\/p>\n\n\n\n<p class=\"wp-block-paragraph\"><strong>GP da&nbsp;<a href=\"https:\/\/grandepremio.com\/es\/\" target=\"_blank\" rel=\"noreferrer noopener\"><\/a><a href=\"https:\/\/grandepremio.com\/es\/\" target=\"_blank\" rel=\"noreferrer noopener\">Espanha<\/a>&nbsp;de F1: veja os hor\u00e1rios em Brasil, Cabo Verde,&nbsp;<a href=\"https:\/\/grandepremio.pt\/\" target=\"_blank\" rel=\"noreferrer noopener\">Portugal<\/a>, Angola e Mo\u00e7ambique:<\/strong><\/p>\n\n\n\n<figure class=\"wp-block-table\"><table class=\"has-fixed-layout\"><tbody><tr><td><strong>Sess\u00e3o<\/strong><\/td><td><strong>BRA*<\/strong><\/td><td><strong>CBV<\/strong><\/td><td><strong>POR<\/strong><br><strong>ANG<\/strong><\/td><td><strong>MOZ<\/strong><\/td><\/tr><tr><td>Corrida<\/td><td>10:00<\/td><td>12:00<\/td><td>14:00<\/td><td>15:00<\/td><\/tr><\/tbody><\/table><\/figure>\n\n\n\n<p class=\"wp-block-paragraph\"><em>*Hor\u00e1rios em Bras\u00edlia<\/em><\/p>\n","protected":false},"excerpt":{"rendered":"<p>Oscar Piastri respondeu rapidamente ao &#8216;atrevimento&#8217; de Lando Norris e cravou uma pole das mais importantes da temporada, neste s\u00e1bado (31), na Espanha. Al\u00e9m de anular a ascens\u00e3o do companheiro de McLaren, tamb\u00e9m j\u00e1 se coloca em uma posi\u00e7\u00e3o forte para a vit\u00f3ria no domingo, usando tudo que tem direito \u2014 do competitivo carro que tem nas m\u00e3os \u00e0 estrat\u00e9gia. S\u00f3 h\u00e1, como sempre h\u00e1, uma ressalva: Max Verstappen. De toda a forma, a esquadra laranja depende apenas de si mesma em Barcelona<\/p>\n","protected":false},"author":0,"featured_media":1000976019,"comment_status":"closed","ping_status":"closed","sticky":false,"template":"","format":"standard","meta":{"42wp_featured_image_caption":"","42wp_featured_image_credits":"","42wp_featured_video":"","42wp_featured_image_hidden":false,"42wp_authors_list":[],"footnotes":""},"categories":[2],"tags":[20491,27861,7094,1566,309,304,26271,546,3624,209,5660,5273,969,302,147,3630,176,207,180,3628,25440,350,800,996,1491,28285,2306,119,30840,28104,596,485,547,87,595,203,90,82,2470,1521,29923,35129,2916,676,19348,510,38179,204,1197,17143,42001,2052,2048,2317,215,597],"42wp_author":[47115],"class_list":["post-21828","post","type-post","status-publish","format-standard","has-post-thumbnail","hentry","category-f1","tag-alpine","tag-andrea-kimi-antonelli","tag-andrea-stella","tag-ao-vivo","tag-aston-martin","tag-barcelona","tag-calendario-f1","tag-carlos-sainz","tag-catalunha","tag-charles-leclerc","tag-classificacao","tag-classificacao-f1","tag-corrida","tag-esteban-ocon","tag-f1","tag-f1-2025","tag-fernando-alonso","tag-ferrari","tag-formula-1","tag-formula-1-2025","tag-franco-colapinto","tag-gabriel-bortoleto","tag-george-russell","tag-gp-da-espanha","tag-grande-premio","tag-grandepremio","tag-grid-de-largada","tag-haas","tag-horarios-f1","tag-isack-hadjar","tag-jack-doohan","tag-lance-stroll","tag-lando-norris","tag-lewis-hamilton","tag-liam-lawson","tag-max-verstappen","tag-mclaren","tag-mercedes","tag-miami","tag-nico-hulkenberg","tag-oliver-bearman","tag-onde-assistir-f1","tag-oscar-piastri","tag-pierre-gasly","tag-podio","tag-pole","tag-racing-bulls","tag-red-bull","tag-sauber","tag-tempo-real","tag-temporada-2025-f1","tag-treino-livre-1","tag-treino-livre-2","tag-treino-livre-3","tag-williams","tag-yuki-tsunoda","42wp_author-evelyn-guimaraes"],"_links":{"self":[{"href":"https:\/\/grandepremio.com\/br\/wp-json\/wp\/v2\/posts\/21828","targetHints":{"allow":["GET"]}}],"collection":[{"href":"https:\/\/grandepremio.com\/br\/wp-json\/wp\/v2\/posts"}],"about":[{"href":"https:\/\/grandepremio.com\/br\/wp-json\/wp\/v2\/types\/post"}],"replies":[{"embeddable":true,"href":"https:\/\/grandepremio.com\/br\/wp-json\/wp\/v2\/comments?post=21828"}],"version-history":[{"count":0,"href":"https:\/\/grandepremio.com\/br\/wp-json\/wp\/v2\/posts\/21828\/revisions"}],"wp:featuredmedia":[{"embeddable":true,"href":"https:\/\/grandepremio.com\/br\/wp-json\/wp\/v2\/media\/1000976019"}],"wp:attachment":[{"href":"https:\/\/grandepremio.com\/br\/wp-json\/wp\/v2\/media?parent=21828"}],"wp:term":[{"taxonomy":"category","embeddable":true,"href":"https:\/\/grandepremio.com\/br\/wp-json\/wp\/v2\/categories?post=21828"},{"taxonomy":"post_tag","embeddable":true,"href":"https:\/\/grandepremio.com\/br\/wp-json\/wp\/v2\/tags?post=21828"},{"taxonomy":"42wp_author","embeddable":true,"href":"https:\/\/grandepremio.com\/br\/wp-json\/wp\/v2\/42wp_author?post=21828"}],"curies":[{"name":"wp","href":"https:\/\/api.w.org\/{rel}","templated":true}]}}