{"id":21834,"date":"2025-05-31T17:36:00","date_gmt":"2025-05-31T20:36:00","guid":{"rendered":"https:\/\/grandepremio.com\/br\/noticias\/david-malukas-exalta-2o-lugar-grid-foyt-detroit-tudo-simplesmente-se-encaixou\/"},"modified":"2025-06-01T14:16:43","modified_gmt":"2025-06-01T17:16:43","slug":"david-malukas-exalta-2o-lugar-grid-foyt-detroit-tudo-simplesmente-se-encaixou","status":"publish","type":"post","link":"https:\/\/grandepremio.com\/br\/indy\/david-malukas-exalta-2o-lugar-grid-foyt-detroit-tudo-simplesmente-se-encaixou\/","title":{"rendered":"Malukas exalta 2\u00ba lugar no grid com Foyt em Detroit: &#8220;Tudo simplesmente se encaixou&#8221;"},"content":{"rendered":"\n<p class=\"wp-block-paragraph\"><strong>David Malukas<\/strong> destacou a <strong>Foyt<\/strong> ap\u00f3s alcan\u00e7ar o segundo lugar no grid de largada do <strong>GP de Detroit<\/strong> na classifica\u00e7\u00e3o deste <strong>s\u00e1bado (31)<\/strong>. Sempre bem-humorado, o norte-americano tamb\u00e9m revelou em entrevista coletiva que consultou o <strong>ChatGPT<\/strong> para saber se a posi\u00e7\u00e3o \u00e9 sua melhor em largadas na Indy. <\/p>\n\n\n\n<p class=\"wp-block-paragraph\">Malukas igualou a melhor marca de sua carreira, quando alcan\u00e7ou o segundo lugar na classifica\u00e7\u00e3o do <strong>GP de Gateway de 2024<\/strong>, quando representava a <strong>Meyer Shank<\/strong>. No entanto, o resultado deste s\u00e1bado \u00e9 o mais expressivo em aut\u00f3dromos permanentes e de rua. At\u00e9 ent\u00e3o, o atual representante da Foyt foi terceiro no grid do <strong>GP de Mid-Ohio<\/strong> do ano passado.<\/p>\n\n\n\n<p class=\"wp-block-paragraph\">&#8220;Eu me senti muito bem. Joguei no ChatGPT no caminho pra c\u00e1 [entrevista coletiva]: essa foi minha melhor classifica\u00e7\u00e3o? Talvez [fui melhor] em um oval, mas acho que em circuito de rua e misto, essa \u00e9 minha melhor posi\u00e7\u00e3o no grid de largada&#8221;, brincou Malukas.<\/p>\n\n\n\n<p class=\"wp-block-paragraph\">Malukas prosseguiu e ressaltou que sabia que tinha um bom carro para as onduladas ruas de Detroit, mas que n\u00e3o tinha muita dimens\u00e3o do posicionamento perante o grid pelo fato de haver muito tr\u00e1fego no estreito e curto circuito montado na principal cidade de Michigan.<\/p>\n\n\n\n<figure class=\"wp-block-image size-large\"><img decoding=\"async\" src=\"https:\/\/www.grandepremio.com\/br\/wp-content\/uploads\/2025\/05\/David-Malukas-Chevrolet-Detroit-Grand-Prix-By_-Joe-Skibinski_Large-Image-Without-Watermark_m133516-1200x800.jpg\" alt=\"\" class=\"wp-image-975796\"\/><figcaption class=\"wp-element-caption\">David Malukas (Foto: IndyCar)<\/figcaption><\/figure>\n\n\n\n<p class=\"wp-block-paragraph\">&#8220;Tudo simplesmente se encaixou. Est\u00e1vamos muito confort\u00e1veis com o carro e satisfeitos. Aqui \u00e9 meio ca\u00f3tico durante os treinos tentar descobrir quem est\u00e1 r\u00e1pido, quem n\u00e3o est\u00e1 ou onde estamos, porque damos uma volta limpa a cada 20, 30 minutos, ent\u00e3o tudo meio que vira um jogo de adivinha\u00e7\u00e3o. Mantivemos o foco e comprometimento. Sabia que t\u00ednhamos um bom carro e, claramente, isso se confirmou na pista&#8221;, disse Malukas.<\/p>\n\n\n\n<p class=\"wp-block-paragraph\">&#8220;Quando estamos nos grupos [da classifica\u00e7\u00e3o], a situa\u00e7\u00e3o fica bem melhor. Pista bem limpo. Todo mundo, por j\u00e1 ter vindo em anos anteriores, se posicionou melhor. Estavam nos posicionando melhor \u2014 parando, pisando na embreagem, esperando \u2014 s\u00f3 pra garantir que todo mundo tivesse um bom espa\u00e7o durante a classifica\u00e7\u00e3o&#8221;, encerrou Malukas.<\/p>\n\n\n\n<p class=\"wp-block-paragraph\">O GP de\u00a0<a href=\"https:\/\/www.grandepremio.com\/br\/circuito\/detroit\/\" target=\"_blank\" rel=\"noreferrer noopener\">Detroit<\/a>\u00a0acontecer\u00e1 neste domingo (1) no circuito de rua montado ao redor do Renaissance Center a partir das 13h30 (de Bras\u00edlia, GMT-3), com cobertura completa do\u00a0<strong>GRANDE PR\u00caMIO<\/strong>.<\/p>\n\n\n\n<p class=\"wp-block-paragraph\">\u25b6\ufe0f\u00a0<strong>Inscreva-se nos dois canais do GRANDE PR\u00caMIO no YouTube:\u00a0<a href=\"https:\/\/www.youtube.com\/channel\/UC9OlHEgxoaY6QY6nWPoiqQg?sub_confirmation=1\" target=\"_blank\" rel=\"noreferrer noopener\">GP<\/a>\u00a0|\u00a0<a href=\"https:\/\/www.youtube.com\/channel\/UC9csiS6q_C3C0FYhyr1rnFA?sub_confirmation=1\" target=\"_blank\" rel=\"noreferrer noopener\">GP2<\/a><\/strong><br><strong><a href=\"https:\/\/www.grandepremio.com\/br\/indy\/noticias\/scott-mclaughlin-revela-conversa-kyle-larson-apos-deboche-indy-500-tudo-certo-entre-nos\/\">LEIA MAIS: McLaughlin revela conversa com Larson ap\u00f3s deboche na Indy 500: \u201cTudo certo entre n\u00f3s\u201d<\/a><\/strong><\/p>\n\n\n\n<figure class=\"wp-block-embed is-type-video is-provider-youtube wp-block-embed-youtube wp-embed-aspect-16-9 wp-has-aspect-ratio\"><div class=\"wp-block-embed__wrapper\">\n<iframe loading=\"lazy\" title=\"PALOU SE ETERNIZA NA INDY 500 E TEM VITO\u0301RIA JUSTA\" width=\"500\" height=\"281\" src=\"https:\/\/www.youtube.com\/embed\/AXIv6YiH7tE?feature=oembed\" frameborder=\"0\" allow=\"accelerometer; autoplay; clipboard-write; encrypted-media; gyroscope; picture-in-picture; web-share\" referrerpolicy=\"strict-origin-when-cross-origin\" allowfullscreen><\/iframe>\n<\/div><\/figure>\n","protected":false},"excerpt":{"rendered":"<p>David Malukas destacou a Foyt ap\u00f3s alcan\u00e7ar o segundo lugar no grid de largada do GP de Detroit na classifica\u00e7\u00e3o deste s\u00e1bado (31). Sempre bem-humorado, o norte-americano tamb\u00e9m revelou em entrevista coletiva que consultou o ChatGPT para saber se a posi\u00e7\u00e3o \u00e9 sua melhor em largadas na Indy. Malukas igualou a melhor marca de sua [&hellip;]<\/p>\n","protected":false},"author":0,"featured_media":1000975797,"comment_status":"closed","ping_status":"closed","sticky":false,"template":"","format":"standard","meta":{"42wp_featured_image_caption":"","42wp_featured_image_credits":"","42wp_featured_video":"","42wp_featured_image_hidden":false,"42wp_authors_list":[],"footnotes":""},"categories":[3],"tags":[2980,5012,9828,417,2908,448,28552,6133,1824,831,334,1581,14640,796,147,3630,3144,176,26800,39174,180,619,322,1595,5100,1491,28285,267,35361,705,706,2561,2555,93,39054,232,43021,32908,94,43735,4717,1555,4157,791,3201,1569,90,1782,2140,33221,25714,29784,27380,265,349,1869,1245,733,732,266,321,3133],"42wp_author":[47155],"class_list":["post-21834","post","type-post","status-publish","format-standard","has-post-thumbnail","hentry","category-indy","tag-500-milhas-indianapolis","tag-al-unser-jr","tag-alex-palou","tag-andretti","tag-bump-day","tag-caio-collet","tag-calendario-indy","tag-classificacao-indy","tag-conor-daly","tag-dale-coyne","tag-david-malukas","tag-dennis-hauger","tag-doug-boles","tag-emerson-fittipaldi","tag-f1","tag-f1-2025","tag-felix-rosenqvist","tag-fernando-alonso","tag-fora-2","tag-fora-da-corrida","tag-formula-1","tag-formula-indy","tag-foyt","tag-ganassi","tag-gp-de-monaco","tag-grande-premio","tag-grandepremio","tag-helio-castroneves","tag-horarios-indy","tag-imsa","tag-imsa-sportscar","tag-indianapolis","tag-indianapolis-motor-speedway","tag-indy","tag-indy-2025","tag-indy-500","tag-indy-ao-vivo-gratis","tag-indy-nxt","tag-indycar","tag-interino","tag-jacob-abel","tag-josef-newgarden","tag-juncos","tag-kyle-kirkwood","tag-kyle-larson","tag-marcus-ericsson","tag-mclaren","tag-meyer-shank","tag-monaco","tag-motor-hibrido","tag-nolan-siegel","tag-onde-assistir-indy","tag-pato-oward-3","tag-penske","tag-prema","tag-robert-shwartzman","tag-roger-penske","tag-ryan-briscoe","tag-scott-dixon","tag-scott-mclaughlin","tag-tony-kanaan","tag-will-power","42wp_author-daniel-balsa"],"_links":{"self":[{"href":"https:\/\/grandepremio.com\/br\/wp-json\/wp\/v2\/posts\/21834","targetHints":{"allow":["GET"]}}],"collection":[{"href":"https:\/\/grandepremio.com\/br\/wp-json\/wp\/v2\/posts"}],"about":[{"href":"https:\/\/grandepremio.com\/br\/wp-json\/wp\/v2\/types\/post"}],"replies":[{"embeddable":true,"href":"https:\/\/grandepremio.com\/br\/wp-json\/wp\/v2\/comments?post=21834"}],"version-history":[{"count":0,"href":"https:\/\/grandepremio.com\/br\/wp-json\/wp\/v2\/posts\/21834\/revisions"}],"wp:featuredmedia":[{"embeddable":true,"href":"https:\/\/grandepremio.com\/br\/wp-json\/wp\/v2\/media\/1000975797"}],"wp:attachment":[{"href":"https:\/\/grandepremio.com\/br\/wp-json\/wp\/v2\/media?parent=21834"}],"wp:term":[{"taxonomy":"category","embeddable":true,"href":"https:\/\/grandepremio.com\/br\/wp-json\/wp\/v2\/categories?post=21834"},{"taxonomy":"post_tag","embeddable":true,"href":"https:\/\/grandepremio.com\/br\/wp-json\/wp\/v2\/tags?post=21834"},{"taxonomy":"42wp_author","embeddable":true,"href":"https:\/\/grandepremio.com\/br\/wp-json\/wp\/v2\/42wp_author?post=21834"}],"curies":[{"name":"wp","href":"https:\/\/api.w.org\/{rel}","templated":true}]}}