{"id":21845,"date":"2025-05-31T15:55:55","date_gmt":"2025-05-31T18:55:55","guid":{"rendered":"https:\/\/grandepremio.com\/br\/noticias\/red-bull-se-ve-melhor-resto-espanha-estuda-opcoes-estrategia-para-vencer\/"},"modified":"2025-05-31T16:08:44","modified_gmt":"2025-05-31T19:08:44","slug":"red-bull-se-ve-melhor-resto-espanha-estuda-opcoes-estrategia-para-vencer","status":"publish","type":"post","link":"https:\/\/grandepremio.com\/br\/f1\/red-bull-se-ve-melhor-resto-espanha-estuda-opcoes-estrategia-para-vencer\/","title":{"rendered":"Red Bull se v\u00ea &#8220;melhor do resto&#8221; na Espanha e estuda &#8220;op\u00e7\u00f5es de estrat\u00e9gia&#8221; para vencer"},"content":{"rendered":"\n<p class=\"wp-block-paragraph\"><strong>Christian Horner<\/strong> avaliou o dia de extremos na <strong>Red Bull<\/strong> durante a classifica\u00e7\u00e3o do <strong>GP da Espanha<\/strong>, <a href=\"https:\/\/www.grandepremio.com\/br\/f1\/noticias\/oscar-piastri-sobra-mclaren-conquista-pole-position-gp-espanha-gabriel-bortoleto-12o\/\">realizada neste s\u00e1bado (31)<\/a>, e disse que a equipe vai focar na estrat\u00e9gia para ajudar <strong>Max Verstappen<\/strong> a superar as <strong>McLaren<\/strong> no circuito de <strong>Barcelona<\/strong>. Sobre <strong>Yuki Tsunoda<\/strong>, o dirigente deixou claro que os taurinos ainda n\u00e3o entenderam o que gerou o desempenho ruim por parte do piloto.<\/p>\n\n\n\n<p class=\"wp-block-paragraph\">Ao anotar 1min11s848 como melhor tempo no Q3, o tetracampe\u00e3o n\u00e3o conseguiu ir al\u00e9m do terceiro lugar no grid de largada, pouco mais de 0s3 atr\u00e1s de <strong>Oscar Piastri<\/strong>, <a href=\"https:\/\/www.grandepremio.com\/br\/f1\/noticias\/oscar-piastri-celebra-carro-incrivel-pole-gp-da-espanha-encontramos-ritmo\/\">pole-position<\/a>. A desvantagem para <strong>Lando Norris<\/strong>, <a href=\"https:\/\/www.grandepremio.com\/br\/f1\/noticias\/lando-norris-admite-pequenos-erros-mas-se-diz-feliz-2o-lugar-grid-espanha\/\">segundo colocado<\/a>, foi menor, j\u00e1 que apenas 0s093 impediu o dono do <strong>RB21 #1<\/strong> de figurar na primeira fila neste domingo.<\/p>\n\n\n\n<p class=\"wp-block-paragraph\">&#8220;Sinceramente, achei que seriam 0s3. E foi exatamente isso: 0s3. Parab\u00e9ns ao Oscar e ao Lando por garantirem a primeira fila&#8221;, disse Horner ao streaming sueco <em>Viaplay<\/em>. &#8220;Somos os melhores do resto. Claro que amanh\u00e3 ser\u00e1 uma corrida longa e, estrategicamente, haver\u00e1 algumas op\u00e7\u00f5es. Al\u00e9m disso, h\u00e1 uma longa reta at\u00e9 a curva 1&#8221;, continuou.<\/p>\n\n\n\n<p class=\"wp-block-paragraph\">\u25b6\ufe0f <strong>Inscreva-se nos dois canais do GRANDE PR\u00caMIO no YouTube:\u00a0<a href=\"https:\/\/www.youtube.com\/channel\/UC9OlHEgxoaY6QY6nWPoiqQg?sub_confirmation=1\" target=\"_blank\" rel=\"noreferrer noopener\">GP<\/a>\u00a0|\u00a0<a href=\"https:\/\/www.youtube.com\/channel\/UC9csiS6q_C3C0FYhyr1rnFA?sub_confirmation=1\" target=\"_blank\" rel=\"noreferrer noopener\">GP2<\/a><\/strong><br>\u25b6\ufe0f <strong>OU\u00c7A AGORA:\u00a0<a href=\"https:\/\/www.grandepremio.com\/br\/f1\/noticias\/prodigio-vilao-heroi-mil-faces-fernando-alonso-paddockast-194\/\">Prod\u00edgio, vil\u00e3o e her\u00f3i: as mil faces de\u00a0<\/a><a href=\"https:\/\/es.grandepremio.com\/\" target=\"_blank\" rel=\"noreferrer noopener\">Fernando Alonso<\/a><a href=\"https:\/\/www.grandepremio.com\/br\/f1\/noticias\/prodigio-vilao-heroi-mil-faces-fernando-alonso-paddockast-194\/\">\u00a0| Paddockast #194<\/a><\/strong><\/p>\n\n\n\n<figure class=\"wp-block-image size-large\"><img decoding=\"async\" src=\"https:\/\/www.grandepremio.com\/br\/wp-content\/uploads\/2025\/05\/espanha-2025-f1-classificacao-red-bull-yuki-tsunoda-05-1200x800.jpg\" alt=\"\" class=\"wp-image-975912\"\/><figcaption class=\"wp-element-caption\">Chefe da Red Bull falou do resultado de Yuki Tsunoda na classifica\u00e7\u00e3o (Foto: Red Bull Content Pool)<\/figcaption><\/figure>\n\n\n\n<p class=\"wp-block-paragraph\">Sobre Tsunoda, Christian foi mais econ\u00f4mico nas palavras, pois ainda busca entender o que pode ter feito o japon\u00eas ficar na 20\u00aa e \u00faltima posi\u00e7\u00e3o na <strong>Catalunha<\/strong>. &#8220;Ele teve dificuldades o fim de semana inteiro e aumentamos um pouco a carga aerodin\u00e2mica para tentar ajud\u00e1-lo, mas \u00e9 dif\u00edcil entender o que aconteceu&#8221;, lamentou.<\/p>\n\n\n\n<p class=\"wp-block-paragraph\">&#8220;Vou ter de analisar com calma. Ele vai precisar recuperar v\u00e1rias posi\u00e7\u00f5es por causa disso&#8221;, concluiu o chefe da Red Bull.<\/p>\n\n\n\n<p class=\"wp-block-paragraph\">A\u00a0<strong><a href=\"https:\/\/www.grandepremio.com\/br\/f1\/\" target=\"_blank\" rel=\"noreferrer noopener\"><\/a><a href=\"https:\/\/www.grandepremio.com\/br\/f1\/\" target=\"_blank\" rel=\"noreferrer noopener\">F\u00f3rmula 1<\/a><\/strong>\u00a0realiza o GP da Espanha de 30 de maio a 1\u00ba de junho, em\u00a0<strong>Barcelona<\/strong>, nona etapa da temporada 2025. O\u00a0<strong>GRANDE PR\u00caMIO<\/strong>\u00a0acompanha todas as atividades\u00a0<strong><a href=\"https:\/\/www.grandepremio.com\/br\/f1\/ao-vivo\" target=\"_blank\" rel=\"noreferrer noopener\">AO VIVO E EM\u00a0<\/a><a href=\"https:\/\/www.grandepremio.com\/br\/ao-vivo\/\" target=\"_blank\" rel=\"noreferrer noopener\">TEMPO REAL<\/a><\/strong>, al\u00e9m de classifica\u00e7\u00e3o e corrida em\u00a0<strong><a href=\"https:\/\/www.youtube.com\/@GrandePremio1\/streams\" target=\"_blank\" rel=\"noreferrer noopener\">SEGUNDA TELA no YouTube<\/a><\/strong>, em parceria com a Voz do Esporte. O <strong>Briefing<\/strong> chega para analisar ap\u00f3s o fim de cada dia de atividades nas redes sociais e na GPTV.<\/p>\n\n\n\n<p class=\"wp-block-paragraph\">Al\u00e9m da cobertura tradicional, o\u00a0<strong>GRANDE PR\u00caMIO<\/strong>\u00a0est\u00e1\u00a0<strong>IN LOCO<\/strong>\u00a0em\u00a0<strong><a href=\"https:\/\/es.grandepremio.com\/\" target=\"_blank\" rel=\"noreferrer noopener\">Barcelona<\/a>\u00a0<\/strong>para acompanhar todas as emo\u00e7\u00f5es da etapa com o rep\u00f3rter\u00a0<strong>Leonid Kliuev<\/strong>.<\/p>\n\n\n\n<p class=\"wp-block-paragraph\" style=\"font-size:23px\"><strong>GP da\u00a0<a href=\"https:\/\/grandepremio.com\/es\/\" target=\"_blank\" rel=\"noreferrer noopener\"><\/a><a href=\"https:\/\/grandepremio.com\/es\/\" target=\"_blank\" rel=\"noreferrer noopener\">Espanha<\/a>\u00a0de F1: veja os hor\u00e1rios em Brasil, Cabo Verde,\u00a0<a href=\"https:\/\/grandepremio.pt\/\" target=\"_blank\" rel=\"noreferrer noopener\">Portugal<\/a>, Angola e Mo\u00e7ambique:<\/strong><\/p>\n\n\n\n<figure class=\"wp-block-table\"><table class=\"has-fixed-layout\"><tbody><tr><td><strong>Sess\u00e3o<\/strong><\/td><td><strong>BRA*<\/strong><\/td><td><strong>CBV<\/strong><\/td><td><strong>POR<\/strong><br><strong>ANG<\/strong><\/td><td><strong>MOZ<\/strong><\/td><\/tr><tr><td>Corrida<\/td><td>10:00<\/td><td>12:00<\/td><td>14:00<\/td><td>15:00<\/td><\/tr><\/tbody><\/table><\/figure>\n\n\n\n<p class=\"wp-block-paragraph\"><em>*Hor\u00e1rios em Bras\u00edlia<\/em><\/p>\n\n\n\n<figure class=\"wp-block-embed is-type-video is-provider-youtube wp-block-embed-youtube wp-embed-aspect-16-9 wp-has-aspect-ratio\"><div class=\"wp-block-embed__wrapper\">\n<iframe loading=\"lazy\" title=\"PIASTRI TIRA POLE DE NORRIS, BORTOLETO \u00c9 12\u00ba: A CLASSIFICA\u00c7\u00c3O DA F1 NA ESPANHA | BRIEFING\" width=\"500\" height=\"281\" src=\"https:\/\/www.youtube.com\/embed\/VgVHUJ9R1Bo?feature=oembed\" frameborder=\"0\" allow=\"accelerometer; autoplay; clipboard-write; encrypted-media; gyroscope; picture-in-picture; web-share\" referrerpolicy=\"strict-origin-when-cross-origin\" allowfullscreen><\/iframe>\n<\/div><\/figure>\n","protected":false},"excerpt":{"rendered":"<p>Chefe da Red Bull, Christian Horner tamb\u00e9m falou sobre a situa\u00e7\u00e3o de Yuki Tsunoda e afirmou que &#8220;\u00e9 dif\u00edcil entender&#8221; o motivo de o japon\u00eas ter ficado em 20\u00ba na classifica\u00e7\u00e3o<\/p>\n","protected":false},"author":0,"featured_media":1000975907,"comment_status":"closed","ping_status":"closed","sticky":false,"template":"","format":"standard","meta":{"42wp_featured_image_caption":"","42wp_featured_image_credits":"","42wp_featured_video":"","42wp_featured_image_hidden":false,"42wp_authors_list":[],"footnotes":""},"categories":[2],"tags":[304,26271,655,5273,147,3630,180,3628,996,43732,1491,28285,30840,203,35129,204,42001,597],"42wp_author":[47160],"class_list":["post-21845","post","type-post","status-publish","format-standard","has-post-thumbnail","hentry","category-f1","tag-barcelona","tag-calendario-f1","tag-christian-horner","tag-classificacao-f1","tag-f1","tag-f1-2025","tag-formula-1","tag-formula-1-2025","tag-gp-da-espanha","tag-gp-de-espanha-f1","tag-grande-premio","tag-grandepremio","tag-horarios-f1","tag-max-verstappen","tag-onde-assistir-f1","tag-red-bull","tag-temporada-2025-f1","tag-yuki-tsunoda","42wp_author-vicente-soella"],"_links":{"self":[{"href":"https:\/\/grandepremio.com\/br\/wp-json\/wp\/v2\/posts\/21845","targetHints":{"allow":["GET"]}}],"collection":[{"href":"https:\/\/grandepremio.com\/br\/wp-json\/wp\/v2\/posts"}],"about":[{"href":"https:\/\/grandepremio.com\/br\/wp-json\/wp\/v2\/types\/post"}],"replies":[{"embeddable":true,"href":"https:\/\/grandepremio.com\/br\/wp-json\/wp\/v2\/comments?post=21845"}],"version-history":[{"count":0,"href":"https:\/\/grandepremio.com\/br\/wp-json\/wp\/v2\/posts\/21845\/revisions"}],"wp:featuredmedia":[{"embeddable":true,"href":"https:\/\/grandepremio.com\/br\/wp-json\/wp\/v2\/media\/1000975907"}],"wp:attachment":[{"href":"https:\/\/grandepremio.com\/br\/wp-json\/wp\/v2\/media?parent=21845"}],"wp:term":[{"taxonomy":"category","embeddable":true,"href":"https:\/\/grandepremio.com\/br\/wp-json\/wp\/v2\/categories?post=21845"},{"taxonomy":"post_tag","embeddable":true,"href":"https:\/\/grandepremio.com\/br\/wp-json\/wp\/v2\/tags?post=21845"},{"taxonomy":"42wp_author","embeddable":true,"href":"https:\/\/grandepremio.com\/br\/wp-json\/wp\/v2\/42wp_author?post=21845"}],"curies":[{"name":"wp","href":"https:\/\/api.w.org\/{rel}","templated":true}]}}