{"id":21859,"date":"2025-05-31T13:13:46","date_gmt":"2025-05-31T16:13:46","guid":{"rendered":"https:\/\/grandepremio.com\/br\/noticias\/george-russell-diz-mercedes-nao-e-rapida-domingos-adota-cautela-espanha\/"},"modified":"2025-05-31T13:17:56","modified_gmt":"2025-05-31T16:17:56","slug":"george-russell-diz-mercedes-nao-e-rapida-domingos-adota-cautela-espanha","status":"publish","type":"post","link":"https:\/\/grandepremio.com\/br\/f1\/george-russell-diz-mercedes-nao-e-rapida-domingos-adota-cautela-espanha\/","title":{"rendered":"Russell diz que Mercedes &#8220;n\u00e3o \u00e9 r\u00e1pida aos domingos&#8221; e adota cautela na Espanha"},"content":{"rendered":"\n<p class=\"wp-block-paragraph\">Ainda que tenha ficado satisfeito com o quarto lugar alcan\u00e7ado na classifica\u00e7\u00e3o do <strong>GP da Espanha<\/strong>, <a href=\"https:\/\/www.grandepremio.com\/br\/f1\/noticias\/oscar-piastri-sobra-mclaren-conquista-pole-position-gp-espanha-gabriel-bortoleto-12o\/\">realizada neste s\u00e1bado (31)<\/a>, <strong>George Russell<\/strong> disse que a <strong>Mercedes<\/strong> poderia ter arriscado um pouco mais na estrat\u00e9gia com <strong>Andrea Kimi Antonelli<\/strong> na parte final. De qualquer forma, o brit\u00e2nico afirmou que agora est\u00e1 curioso para ver como o <strong>W16<\/strong> vai se comportar em condi\u00e7\u00f5es de muito calor durante a nona etapa da temporada 2025 da <strong>F\u00f3rmula 1<\/strong>.<\/p>\n\n\n\n<p class=\"wp-block-paragraph\">Coincidentemente, o dono do <strong>#63<\/strong> terminou em quarto em todas as fases da sess\u00e3o que definiu o grid de largada: Q1, Q2 e Q3 \u2014 sempre atr\u00e1s de <strong>Oscar Piastri<\/strong>, <strong>Lando Norris<\/strong> e <strong>Max Verstappen<\/strong>. Por fim, anotou 1min11s848 no momento que mais importava e acabou sendo 0s302 mais lento que o australiano da <strong>McLaren<\/strong>, <a href=\"https:\/\/www.grandepremio.com\/br\/f1\/noticias\/oscar-piastri-celebra-carro-incrivel-pole-gp-da-espanha-encontramos-ritmo\/\">que garantiu a pole-position<\/a>.<\/p>\n\n\n\n<p class=\"wp-block-paragraph\">&#8220;Sabemos que aos s\u00e1bados nosso carro est\u00e1 entre o segundo e quinto lugar. Tem sido assim a temporada inteira, e hoje n\u00e3o foi diferente\u201d, disse Russell em entrevista acompanhada pelo <strong>GRANDE PR\u00caMIO<\/strong>. &#8220;Ent\u00e3o, \u00e9 bom termos conseguido chegar ao Q3 usando apenas dois jogos de pneus. Isso me d\u00e1 um pneu macio novo para amanh\u00e3, que \u00e9 um pneu v\u00e1lido para a corrida, ent\u00e3o \u00e9 positivo. Mas somos realistas, sabemos que o carro n\u00e3o \u00e9 r\u00e1pido aos domingos&#8221;, continuou.<\/p>\n\n\n\n<p class=\"wp-block-paragraph\">&#8220;Tamb\u00e9m fizemos muitas mudan\u00e7as no carro neste fim de semana para tentar melhorar o ritmo de corrida. Ent\u00e3o, ver que isso n\u00e3o prejudicou o ritmo de classifica\u00e7\u00e3o j\u00e1 \u00e9 algo positivo. Mas tamb\u00e9m pode significar que n\u00e3o vai melhorar o ritmo de corrida&#8221;, explicou. &#8220;Amanh\u00e3 vai ser interessante para n\u00f3s \u2014 tivemos muita dificuldade quando usamos o composto macio em condi\u00e7\u00f5es de calor, mas quando usamos o composto duro no <strong>Bahrein<\/strong>, tamb\u00e9m com calor, terminamos em segundo&#8221;, lembrou o brit\u00e2nico.<\/p>\n\n\n\n<figure class=\"wp-block-image size-large\"><img decoding=\"async\" src=\"https:\/\/www.grandepremio.com\/br\/wp-content\/uploads\/2025\/05\/espanha-2025-f1-classificacao-mercedes-george-russell-afp-02-1200x786.jpg\" alt=\"\" class=\"wp-image-975864\"\/><figcaption class=\"wp-element-caption\">George Russell conquistou o quarto lugar no grid do GP da Espanha (Foto: AFP)<\/figcaption><\/figure>\n\n\n\n<p class=\"wp-block-paragraph\">\u25b6\ufe0f <strong>Inscreva-se nos dois canais do GRANDE PR\u00caMIO no YouTube:\u00a0<a href=\"https:\/\/www.youtube.com\/channel\/UC9OlHEgxoaY6QY6nWPoiqQg?sub_confirmation=1\" target=\"_blank\" rel=\"noreferrer noopener\">GP<\/a>\u00a0|\u00a0<a href=\"https:\/\/www.youtube.com\/channel\/UC9csiS6q_C3C0FYhyr1rnFA?sub_confirmation=1\" target=\"_blank\" rel=\"noreferrer noopener\">GP2<\/a><\/strong><br>\u25b6\ufe0f <strong>OU\u00c7A AGORA:\u00a0<a href=\"https:\/\/www.grandepremio.com\/br\/f1\/noticias\/prodigio-vilao-heroi-mil-faces-fernando-alonso-paddockast-194\/\">Prod\u00edgio, vil\u00e3o e her\u00f3i: as mil faces de\u00a0<\/a><a href=\"https:\/\/es.grandepremio.com\/\" target=\"_blank\" rel=\"noreferrer noopener\">Fernando Alonso<\/a><a href=\"https:\/\/www.grandepremio.com\/br\/f1\/noticias\/prodigio-vilao-heroi-mil-faces-fernando-alonso-paddockast-194\/\">\u00a0| Paddockast #194<\/a><\/strong><\/p>\n\n\n\n<p class=\"wp-block-paragraph\">&#8220;Dizem que, se os pneus superaquecem 10\u00baC, no C4 isso \u00e9 muito mais cr\u00edtico do que no C1. Ent\u00e3o essa \u00e9 a \u00fanica ponta de esperan\u00e7a que temos para amanh\u00e3&#8221;, destacou Russell, que ainda afirmou que a Mercedes poderia ter sido um pouco mais ousada na parte final da classifica\u00e7\u00e3o.<\/p>\n\n\n\n<p class=\"wp-block-paragraph\">&#8220;Estivemos em quarto o fim de semana inteiro e senti que poder\u00edamos ter sido um pouco mais agressivos na estrat\u00e9gia, tentando pegar um v\u00e1cuo na curva 1 \u2014 especialmente com Kimi tendo apenas um jogo de pneus novos, ele nunca faria uma volta competitiva com o jogo usado&#8221;, explicou.<\/p>\n\n\n\n<p class=\"wp-block-paragraph\">&#8220;Mesmo se fizer a volta da sua vida, os pneus t\u00eam uma diferen\u00e7a de 0s7. Ent\u00e3o achei que poder\u00edamos ter trabalhado juntos para tentar um grande resultado. No fim das contas, a segunda metade da volta foi a mais r\u00e1pida que poderia fazer. Mas \u00e0s vezes precisamos arriscar tudo se quisermos alcan\u00e7ar grandes resultados&#8221;, concluiu.<\/p>\n\n\n\n<p class=\"wp-block-paragraph\">A\u00a0<strong><a href=\"https:\/\/www.grandepremio.com\/br\/f1\/\" target=\"_blank\" rel=\"noreferrer noopener\"><\/a><a href=\"https:\/\/www.grandepremio.com\/br\/f1\/\" target=\"_blank\" rel=\"noreferrer noopener\">F\u00f3rmula 1<\/a><\/strong>\u00a0realiza o GP da Espanha de 30 de maio a 1\u00ba de junho, em\u00a0<strong>Barcelona<\/strong>, nona etapa da temporada 2025. O\u00a0<strong>GRANDE PR\u00caMIO<\/strong>\u00a0acompanha todas as atividades\u00a0<strong><a href=\"https:\/\/www.grandepremio.com\/br\/f1\/ao-vivo\" target=\"_blank\" rel=\"noreferrer noopener\">AO VIVO E EM\u00a0<\/a><a href=\"https:\/\/www.grandepremio.com\/br\/ao-vivo\/\" target=\"_blank\" rel=\"noreferrer noopener\">TEMPO REAL<\/a><\/strong>, al\u00e9m de classifica\u00e7\u00e3o e corrida em\u00a0<strong><a href=\"https:\/\/www.youtube.com\/@GrandePremio1\/streams\" target=\"_blank\" rel=\"noreferrer noopener\">SEGUNDA TELA no YouTube<\/a><\/strong>, em parceria com a Voz do Esporte. O <strong>Briefing<\/strong> chega para analisar ap\u00f3s o fim de cada dia de atividades nas redes sociais e na GPTV.<\/p>\n\n\n\n<p class=\"wp-block-paragraph\">Al\u00e9m da cobertura tradicional, o\u00a0<strong>GRANDE PR\u00caMIO<\/strong>\u00a0est\u00e1\u00a0<strong>IN LOCO<\/strong>\u00a0em\u00a0<strong><a href=\"https:\/\/es.grandepremio.com\/\" target=\"_blank\" rel=\"noreferrer noopener\">Barcelona<\/a>\u00a0<\/strong>para acompanhar todas as emo\u00e7\u00f5es da etapa com o rep\u00f3rter\u00a0<strong>Leonid Kliuev<\/strong>.<\/p>\n\n\n\n<p class=\"wp-block-paragraph\" style=\"font-size:23px\"><strong>GP da\u00a0<a href=\"https:\/\/grandepremio.com\/es\/\" target=\"_blank\" rel=\"noreferrer noopener\"><\/a><a href=\"https:\/\/grandepremio.com\/es\/\" target=\"_blank\" rel=\"noreferrer noopener\">Espanha<\/a>\u00a0de F1: veja os hor\u00e1rios em Brasil, Cabo Verde,\u00a0<a href=\"https:\/\/grandepremio.pt\/\" target=\"_blank\" rel=\"noreferrer noopener\">Portugal<\/a>, Angola e Mo\u00e7ambique:<\/strong><\/p>\n\n\n\n<figure class=\"wp-block-table\"><table class=\"has-fixed-layout\"><tbody><tr><td><strong>Sess\u00e3o<\/strong><\/td><td><strong>BRA*<\/strong><\/td><td><strong>CBV<\/strong><\/td><td><strong>POR<\/strong><br><strong>ANG<\/strong><\/td><td><strong>MOZ<\/strong><\/td><\/tr><tr><td>Corrida<\/td><td>10:00<\/td><td>12:00<\/td><td>14:00<\/td><td>15:00<\/td><\/tr><\/tbody><\/table><\/figure>\n\n\n\n<p class=\"wp-block-paragraph\"><em>*Hor\u00e1rios em Bras\u00edlia<\/em><\/p>\n\n\n\n<figure class=\"wp-block-embed is-type-video is-provider-youtube wp-block-embed-youtube wp-embed-aspect-16-9 wp-has-aspect-ratio\"><div class=\"wp-block-embed__wrapper\">\n<iframe loading=\"lazy\" title=\"PIASTRI TIRA POLE DE NORRIS, BORTOLETO \u00c9 12\u00ba: A CLASSIFICA\u00c7\u00c3O DA F1 NA ESPANHA | BRIEFING\" width=\"500\" height=\"281\" src=\"https:\/\/www.youtube.com\/embed\/VgVHUJ9R1Bo?feature=oembed\" frameborder=\"0\" allow=\"accelerometer; autoplay; clipboard-write; encrypted-media; gyroscope; picture-in-picture; web-share\" referrerpolicy=\"strict-origin-when-cross-origin\" allowfullscreen><\/iframe>\n<\/div><\/figure>\n","protected":false},"excerpt":{"rendered":"<p>Quarto colocado no grid de largada em Barcelona, George Russell fez longa an\u00e1lise sobre os desafios que a Mercedes pode enfrentar com os pneus durante a corrida<\/p>\n","protected":false},"author":0,"featured_media":1000975868,"comment_status":"closed","ping_status":"closed","sticky":false,"template":"","format":"standard","meta":{"42wp_featured_image_caption":"","42wp_featured_image_credits":"","42wp_featured_video":"","42wp_featured_image_hidden":false,"42wp_authors_list":[],"footnotes":""},"categories":[2],"tags":[304,26271,5273,147,3630,180,3628,800,996,43732,1491,28285,30840,82,35129,42001],"42wp_author":[47165,47160],"class_list":["post-21859","post","type-post","status-publish","format-standard","has-post-thumbnail","hentry","category-f1","tag-barcelona","tag-calendario-f1","tag-classificacao-f1","tag-f1","tag-f1-2025","tag-formula-1","tag-formula-1-2025","tag-george-russell","tag-gp-da-espanha","tag-gp-de-espanha-f1","tag-grande-premio","tag-grandepremio","tag-horarios-f1","tag-mercedes","tag-onde-assistir-f1","tag-temporada-2025-f1","42wp_author-leonid-kluiev","42wp_author-vicente-soella"],"_links":{"self":[{"href":"https:\/\/grandepremio.com\/br\/wp-json\/wp\/v2\/posts\/21859","targetHints":{"allow":["GET"]}}],"collection":[{"href":"https:\/\/grandepremio.com\/br\/wp-json\/wp\/v2\/posts"}],"about":[{"href":"https:\/\/grandepremio.com\/br\/wp-json\/wp\/v2\/types\/post"}],"replies":[{"embeddable":true,"href":"https:\/\/grandepremio.com\/br\/wp-json\/wp\/v2\/comments?post=21859"}],"version-history":[{"count":0,"href":"https:\/\/grandepremio.com\/br\/wp-json\/wp\/v2\/posts\/21859\/revisions"}],"wp:featuredmedia":[{"embeddable":true,"href":"https:\/\/grandepremio.com\/br\/wp-json\/wp\/v2\/media\/1000975868"}],"wp:attachment":[{"href":"https:\/\/grandepremio.com\/br\/wp-json\/wp\/v2\/media?parent=21859"}],"wp:term":[{"taxonomy":"category","embeddable":true,"href":"https:\/\/grandepremio.com\/br\/wp-json\/wp\/v2\/categories?post=21859"},{"taxonomy":"post_tag","embeddable":true,"href":"https:\/\/grandepremio.com\/br\/wp-json\/wp\/v2\/tags?post=21859"},{"taxonomy":"42wp_author","embeddable":true,"href":"https:\/\/grandepremio.com\/br\/wp-json\/wp\/v2\/42wp_author?post=21859"}],"curies":[{"name":"wp","href":"https:\/\/api.w.org\/{rel}","templated":true}]}}