{"id":21933,"date":"2025-05-30T12:54:20","date_gmt":"2025-05-30T15:54:20","guid":{"rendered":"https:\/\/grandepremio.com\/br\/noticias\/andretti-quebra-silencio-aceita-suspensoes-indy-500-pune-chefes\/"},"modified":"2025-05-30T14:26:57","modified_gmt":"2025-05-30T17:26:57","slug":"andretti-quebra-silencio-aceita-suspensoes-indy-500-pune-chefes","status":"publish","type":"post","link":"https:\/\/grandepremio.com\/br\/indy\/andretti-quebra-silencio-aceita-suspensoes-indy-500-pune-chefes\/","title":{"rendered":"Andretti quebra sil\u00eancio, aceita suspens\u00f5es da Indy 500 e pune chefes"},"content":{"rendered":"\n<p class=\"wp-block-paragraph\">A <strong>Andretti<\/strong>, enfim, se manifestou sobre as puni\u00e7\u00f5es sofridas nas <strong>500 Milhas de Indian\u00e1polis<\/strong>, que geraram as desclassifica\u00e7\u00f5es de <strong>Marcus Ericsson<\/strong> e <strong>Kyle Kirkwood<\/strong>, que cruzaram a linha de chegada em segundo e sexto, respectivamente. O time de <strong>Dan Towriss<\/strong> aceitou as san\u00e7\u00f5es na principal prova da <strong>Indy<\/strong>.<\/p>\n\n\n\n<p class=\"wp-block-paragraph\">A\u00a0<a href=\"https:\/\/www.grandepremio.com\/formula-indy\/\" target=\"_blank\" rel=\"noreferrer noopener\">Indy<\/a>\u00a0descobriu modifica\u00e7\u00f5es n\u00e3o autorizadas nas tampas do sistema de gerenciamento de energia fornecidas pela <strong>Dallara<\/strong>, al\u00e9m dos pontos de montagem da tampa no bra\u00e7o A, com espa\u00e7adores e pe\u00e7as n\u00e3o aprovadas nos carros da Andretti, o que gerou ganho aerodin\u00e2mico.<\/p>\n\n\n\n<p class=\"wp-block-paragraph\">Juntos de <strong>Callum Ilott<\/strong>, que tamb\u00e9m foi desclassificado por infra\u00e7\u00f5es da <strong>Prema<\/strong>, foram colocados para o fim da classifica\u00e7\u00e3o da\u00a0<a href=\"https:\/\/www.grandepremio.com\/formula-indy\/\" target=\"_blank\" rel=\"noreferrer noopener\">Indy<\/a>\u00a0500, atr\u00e1s at\u00e9 de\u00a0<strong><a href=\"https:\/\/www.grandepremio.com\/br\/piloto\/scott-mclaughlin\/\" target=\"_blank\" rel=\"noreferrer noopener\">Scott McLaughlin<\/a>\u00a0<\/strong>que sequer largou, cada carro recebeu uma multa de <strong>US$ 100 mil<\/strong> (R$ 571 mil reais pela cota\u00e7\u00e3o atual) e os engenheiros de competi\u00e7\u00e3o de cada piloto foram suspensos do GP de\u00a0<a href=\"https:\/\/www.grandepremio.com\/br\/circuito\/detroit\/\" target=\"_blank\" rel=\"noreferrer noopener\">Detroit<\/a>.<\/p>\n\n\n\n<p class=\"wp-block-paragraph\">Desde que a Andretti foi notificada das puni\u00e7\u00f5es, na segunda-feira (26), o time utilizou as redes sociais em duas ocasi\u00f5es somente na quinta-feira (29), quando revelaram o layout do carro de Kirkwood e para divulgar a agenda do GP de Detroit, deste fim de semana. Vale destacar que a equipe \u00e9 bastante ativa nas redes sociais, mas optou pelo sil\u00eancio com o caso.<\/p>\n\n\n\n<figure class=\"wp-block-image size-large\"><img decoding=\"async\" src=\"https:\/\/www.grandepremio.com\/br\/wp-content\/uploads\/2025\/05\/6-Kyle-Kirkwood-1200x800.jpg\" alt=\"\" class=\"wp-image-973532\"\/><figcaption class=\"wp-element-caption\">Kyle Kirkwood (Foto: IndyCar)<\/figcaption><\/figure>\n\n\n\n<p class=\"wp-block-paragraph\">&#8220;Depois de an\u00e1lise cuidadosa com a Indy em torno das infra\u00e7\u00f5es t\u00e9cnicas p\u00f3s-corrida das 500 Milhas de Indian\u00e1polis com as puni\u00e7\u00f5es aos carros #27 e #28, aceitamos as san\u00e7\u00f5es emitidas e n\u00e3o buscaremos uma revis\u00e3o adicional&#8221;, disse a Andretti em comunicado.<\/p>\n\n\n\n<p class=\"wp-block-paragraph\">&#8220;Embora chateados com o resultado, tomaremos as medidas necess\u00e1rias para garantir conformidade total no futuro e queremos agradecer aos nosso f\u00e3s, equipes e patrocinadores que continuam a nos apoiar. Nosso foco muda para o futuro para entregar resultados bons e competitivos na pista \u2014 come\u00e7ando neste fim de semana com o GP de Detroit&#8221;, encerrou a Andretti.<\/p>\n\n\n\n<p class=\"wp-block-paragraph\">A\u00a0<a href=\"https:\/\/www.grandepremio.com\/formula-indy\/\" target=\"_blank\" rel=\"noreferrer noopener\">Indy<\/a>\u00a0retorna neste fim de semana com o\u00a0<strong>GP de\u00a0<a href=\"https:\/\/www.grandepremio.com\/br\/circuito\/detroit\/\" target=\"_blank\" rel=\"noreferrer noopener\">Detroit<\/a><\/strong>, agendado para domingo (1), no circuito de rua montado na principal cidade do Michigan, com cobertura completa do\u00a0<strong>GRANDE PR\u00caMIO<\/strong>.<\/p>\n\n\n\n<p class=\"wp-block-paragraph\">\u25b6\ufe0f\u00a0<strong>Inscreva-se nos dois canais do GRANDE PR\u00caMIO no YouTube:\u00a0<a href=\"https:\/\/www.youtube.com\/channel\/UC9OlHEgxoaY6QY6nWPoiqQg?sub_confirmation=1\" target=\"_blank\" rel=\"noreferrer noopener\">GP<\/a>\u00a0|\u00a0<a href=\"https:\/\/www.youtube.com\/channel\/UC9csiS6q_C3C0FYhyr1rnFA?sub_confirmation=1\" target=\"_blank\" rel=\"noreferrer noopener\">GP2<\/a><\/strong><br><strong>LEIA MAIS:<a href=\"https:\/\/www.grandepremio.com\/br\/indy\/noticias\/indy-500-amortece-polemicas-escolhe-alex-palou-justo-vencedor\/\">\u00a0Indy 500 amortece pol\u00eamicas e escolhe Palou como justo vencedor<\/a><\/strong><\/p>\n\n\n\n<figure class=\"wp-block-embed is-type-video is-provider-youtube wp-block-embed-youtube wp-embed-aspect-16-9 wp-has-aspect-ratio\"><div class=\"wp-block-embed__wrapper\">\n<iframe loading=\"lazy\" title=\"PALOU SE ETERNIZA NA INDY 500 E TEM VITO\u0301RIA JUSTA\" width=\"500\" height=\"281\" src=\"https:\/\/www.youtube.com\/embed\/AXIv6YiH7tE?feature=oembed\" frameborder=\"0\" allow=\"accelerometer; autoplay; clipboard-write; encrypted-media; gyroscope; picture-in-picture; web-share\" referrerpolicy=\"strict-origin-when-cross-origin\" allowfullscreen><\/iframe>\n<\/div><\/figure>\n","protected":false},"excerpt":{"rendered":"<p>Ap\u00f3s dias sem se manifestar nas redes sociais, Andretti aceitou as desclassifica\u00e7\u00f5es de Marcus Ericsson e Kyle Kirkwood na Indy 500<\/p>\n","protected":false},"author":0,"featured_media":1000973450,"comment_status":"closed","ping_status":"closed","sticky":false,"template":"","format":"standard","meta":{"42wp_featured_image_caption":"","42wp_featured_image_credits":"","42wp_featured_video":"","42wp_featured_image_hidden":false,"42wp_authors_list":[],"footnotes":""},"categories":[3],"tags":[2980,5012,9828,417,2908,28552,6133,1824,831,14640,796,147,3630,3144,176,26800,39174,180,619,1595,5100,1491,28285,267,35361,705,706,2561,2555,93,39054,232,43021,94,43735,4717,1555,4157,3201,1569,90,1782,2140,25714,29784,27380,265,349,2477,1869,1245,733,732,266,321,3133],"42wp_author":[47155],"class_list":["post-21933","post","type-post","status-publish","format-standard","has-post-thumbnail","hentry","category-indy","tag-500-milhas-indianapolis","tag-al-unser-jr","tag-alex-palou","tag-andretti","tag-bump-day","tag-calendario-indy","tag-classificacao-indy","tag-conor-daly","tag-dale-coyne","tag-doug-boles","tag-emerson-fittipaldi","tag-f1","tag-f1-2025","tag-felix-rosenqvist","tag-fernando-alonso","tag-fora-2","tag-fora-da-corrida","tag-formula-1","tag-formula-indy","tag-ganassi","tag-gp-de-monaco","tag-grande-premio","tag-grandepremio","tag-helio-castroneves","tag-horarios-indy","tag-imsa","tag-imsa-sportscar","tag-indianapolis","tag-indianapolis-motor-speedway","tag-indy","tag-indy-2025","tag-indy-500","tag-indy-ao-vivo-gratis","tag-indycar","tag-interino","tag-jacob-abel","tag-josef-newgarden","tag-juncos","tag-kyle-larson","tag-marcus-ericsson","tag-mclaren","tag-meyer-shank","tag-monaco","tag-nolan-siegel","tag-onde-assistir-indy","tag-pato-oward-3","tag-penske","tag-prema","tag-punicao","tag-robert-shwartzman","tag-roger-penske","tag-ryan-briscoe","tag-scott-dixon","tag-scott-mclaughlin","tag-tony-kanaan","tag-will-power","42wp_author-daniel-balsa"],"_links":{"self":[{"href":"https:\/\/grandepremio.com\/br\/wp-json\/wp\/v2\/posts\/21933","targetHints":{"allow":["GET"]}}],"collection":[{"href":"https:\/\/grandepremio.com\/br\/wp-json\/wp\/v2\/posts"}],"about":[{"href":"https:\/\/grandepremio.com\/br\/wp-json\/wp\/v2\/types\/post"}],"replies":[{"embeddable":true,"href":"https:\/\/grandepremio.com\/br\/wp-json\/wp\/v2\/comments?post=21933"}],"version-history":[{"count":0,"href":"https:\/\/grandepremio.com\/br\/wp-json\/wp\/v2\/posts\/21933\/revisions"}],"wp:featuredmedia":[{"embeddable":true,"href":"https:\/\/grandepremio.com\/br\/wp-json\/wp\/v2\/media\/1000973450"}],"wp:attachment":[{"href":"https:\/\/grandepremio.com\/br\/wp-json\/wp\/v2\/media?parent=21933"}],"wp:term":[{"taxonomy":"category","embeddable":true,"href":"https:\/\/grandepremio.com\/br\/wp-json\/wp\/v2\/categories?post=21933"},{"taxonomy":"post_tag","embeddable":true,"href":"https:\/\/grandepremio.com\/br\/wp-json\/wp\/v2\/tags?post=21933"},{"taxonomy":"42wp_author","embeddable":true,"href":"https:\/\/grandepremio.com\/br\/wp-json\/wp\/v2\/42wp_author?post=21933"}],"curies":[{"name":"wp","href":"https:\/\/api.w.org\/{rel}","templated":true}]}}