{"id":21941,"date":"2025-05-30T11:10:05","date_gmt":"2025-05-30T14:10:05","guid":{"rendered":"https:\/\/grandepremio.com\/br\/noticias\/haas-diz-que-oliver-bearman-so-precisa-de-fim-de-semana-limpo-para-voltar-a-pontuar\/"},"modified":"2025-05-30T11:17:18","modified_gmt":"2025-05-30T14:17:18","slug":"haas-diz-que-oliver-bearman-so-precisa-de-fim-de-semana-limpo-para-voltar-a-pontuar","status":"publish","type":"post","link":"https:\/\/grandepremio.com\/br\/f1\/haas-diz-que-oliver-bearman-so-precisa-de-fim-de-semana-limpo-para-voltar-a-pontuar\/","title":{"rendered":"Haas diz que Bearman \u201cs\u00f3 precisa de um fim de semana limpo\u201d para voltar a pontuar"},"content":{"rendered":"\n<p class=\"wp-block-paragraph\">Apesar de j\u00e1 ter tido bons resultados na temporada 2025 da <strong><a href=\"https:\/\/www.grandepremio.com\/br\/f1\/\">F\u00f3rmula 1<\/a><\/strong>, <strong><a href=\"https:\/\/www.grandepremio.com\/br\/piloto\/oliver-bearman\/\">Oliver Bearman<\/a><\/strong> n\u00e3o marca pontos desde o <strong>GP do Bahrein<\/strong>, em abril. Entretanto, o chefe da <strong>Haas<\/strong>, <strong>Ayao Komatsu<\/strong>, n\u00e3o v\u00ea este fato como uma preocupa\u00e7\u00e3o e destacou que o brit\u00e2nico precisa de um fim de semana sem incidentes para pontuar novamente.<\/p>\n\n\n\n<p class=\"wp-block-paragraph\">O piloto do #87 teve uma corrida dif\u00edcil na primeira etapa do ano na <strong>Austr\u00e1lia<\/strong>, mas a situa\u00e7\u00e3o mudou e ele conseguiu pontuar nas tr\u00eas provas que viriam a seguir: <strong>China<\/strong>, <strong>Jap\u00e3o<\/strong> e <strong>Bahrein<\/strong>. Por\u00e9m, a partir do <strong>GP da Ar\u00e1bia Saudita<\/strong>, Bearman n\u00e3o conseguiu cruzar a linha de chegada no top-10.<\/p>\n\n\n\n<p class=\"wp-block-paragraph\">Questionado sobre a import\u00e2ncia de ter um fim de semana sem incidentes e erros, Komatsu respondeu: \u201c\u00c9 extremamente importante. \u00c9 o que disse antes do in\u00edcio desta rodada tripla: ele s\u00f3 precisa ter um fim de semana consistente e limpo\u201d, afirmou.&nbsp;<\/p>\n\n\n\n<p class=\"wp-block-paragraph\">&#8220;Oliver n\u00e3o passou por isso em <strong>Miami<\/strong>, teve um acidente, em <strong>\u00cdmola<\/strong> foi brilhante e em <strong>M\u00f4naco<\/strong> foi perfeito, com exce\u00e7\u00e3o daquele incidente (em que <a href=\"https:\/\/www.grandepremio.com\/br\/video\/f1\/f1-divulga-onboard-ollie-bearman-momento-punicao-10-posicoes-monaco\/\">acelerou durante uma bandeira vermelha e foi punido com dez posi\u00e7\u00f5es no grid<\/a>), mas ainda n\u00e3o \u00e9 um fim de semana limpo\u201d, explicou.<\/p>\n\n\n\n<figure class=\"wp-block-image size-large\"><img decoding=\"async\" src=\"https:\/\/www.grandepremio.com\/br\/wp-content\/uploads\/2025\/04\/arabia-saudita-2025-f1-classificacao-haas-oliver-bearman-01-1200x800.jpg\" alt=\"\" class=\"wp-image-956917\"\/><figcaption class=\"wp-element-caption\">Oliver Bearman n\u00e3o pontua desde o GP do Bahrein (Foto: Haas F1 Team)<\/figcaption><\/figure>\n\n\n\n<p class=\"wp-block-paragraph\">&#8220;\u00c9 muito importante que esse seja o foco, n\u00e3o temos d\u00favidas sobre a velocidade e a capacidade, ent\u00e3o ele s\u00f3 precisa de um fim de semana tranquilo para produzir. O talento, ritmo de corrida, e tudo mais est\u00e3o comprovados\u201d, destacou.<\/p>\n\n\n\n<p class=\"wp-block-paragraph\">\u201cSe voc\u00ea olhar para os fins de semana em que Oliver teve uma corrida limpa, ele cumpre o que promete, ent\u00e3o s\u00f3 precisamos de um GP sem incidentes, e n\u00e3o h\u00e1 d\u00favida de que os resultados vir\u00e3o\u201d, encerrou Komatsu.<\/p>\n\n\n\n<p class=\"wp-block-paragraph\">Bearman \u00e9 o 16\u00b0 no <strong>Mundial de Pilotos<\/strong>, com 6 pontos. A Haas ocupa a sexta coloca\u00e7\u00e3o entre os <strong>Construtores<\/strong>, com 26.<\/p>\n\n\n\n<p class=\"wp-block-paragraph\">A&nbsp;<strong><a href=\"https:\/\/www.grandepremio.com\/br\/f1\/\" target=\"_blank\" rel=\"noreferrer noopener\"><\/a><a href=\"https:\/\/www.grandepremio.com\/br\/f1\/\" target=\"_blank\" rel=\"noreferrer noopener\">F\u00f3rmula 1<\/a><\/strong>&nbsp;realiza o GP da Espanha de 30 de maio a 1\u00ba de junho, em&nbsp;<strong>Barcelona<\/strong>, nona etapa da temporada 2025. O&nbsp;<strong>GRANDE PR\u00caMIO<\/strong>&nbsp;acompanha todas as atividades&nbsp;<strong><a href=\"https:\/\/www.grandepremio.com\/br\/f1\/ao-vivo\" target=\"_blank\" rel=\"noreferrer noopener\">AO VIVO E EM&nbsp;<\/a><a href=\"https:\/\/www.grandepremio.com\/br\/ao-vivo\/\" target=\"_blank\" rel=\"noreferrer noopener\">TEMPO REAL<\/a><\/strong>, al\u00e9m de classifica\u00e7\u00e3o e corrida em&nbsp;<strong><a href=\"https:\/\/www.youtube.com\/@GrandePremio1\/streams\" target=\"_blank\" rel=\"noreferrer noopener\">SEGUNDA TELA no YouTube<\/a><\/strong>, em parceria com a Voz do Esporte. O&nbsp;<strong>Briefing<\/strong>&nbsp;chega para analisar ap\u00f3s o fim de cada dia de atividades nas redes sociais e na GPTV.<\/p>\n\n\n\n<p class=\"wp-block-paragraph\">Al\u00e9m da cobertura tradicional, o&nbsp;<strong>GRANDE PR\u00caMIO<\/strong>&nbsp;estar\u00e1&nbsp;<strong>IN LOCO<\/strong>&nbsp;em&nbsp;<strong><a href=\"https:\/\/es.grandepremio.com\/\" target=\"_blank\" rel=\"noreferrer noopener\">Barcelona<\/a>&nbsp;<\/strong>para acompanhar todas as emo\u00e7\u00f5es da etapa com o rep\u00f3rter&nbsp;<strong>Leonid Kliuev<\/strong>.<\/p>\n\n\n\n<p class=\"wp-block-paragraph\"><strong>GP da&nbsp;<a href=\"https:\/\/grandepremio.com\/es\/\" target=\"_blank\" rel=\"noreferrer noopener\"><\/a><a href=\"https:\/\/grandepremio.com\/es\/\" target=\"_blank\" rel=\"noreferrer noopener\">Espanha<\/a>&nbsp;de F1: veja os hor\u00e1rios em Brasil, Cabo Verde,&nbsp;<a href=\"https:\/\/grandepremio.pt\/\" target=\"_blank\" rel=\"noreferrer noopener\">Portugal<\/a>, Angola e Mo\u00e7ambique:<\/strong><\/p>\n\n\n\n<figure class=\"wp-block-table\"><table class=\"has-fixed-layout\"><tbody><tr><td><strong>Sess\u00e3o<\/strong><\/td><td><strong>BRA*<\/strong><\/td><td><strong>CBV<\/strong><\/td><td><strong>POR<\/strong><br><strong>ANG<\/strong><\/td><td><strong>MOZ<\/strong><\/td><\/tr><tr><td>Treino livre 1<\/td><td>08:30<\/td><td>10:30<\/td><td>12:30<\/td><td>13:30<\/td><\/tr><tr><td>Treino livre 2<\/td><td>12:00<\/td><td>14:00<\/td><td>16:00<\/td><td>17:00<\/td><\/tr><tr><td>Treino livre 3<\/td><td>07:30<\/td><td>09:30<\/td><td>11:30<\/td><td>12:30<\/td><\/tr><tr><td>Classifica\u00e7\u00e3o<\/td><td>11:00<\/td><td>13:00<\/td><td>15:00<\/td><td>16:00<\/td><\/tr><tr><td>Corrida<\/td><td>10:00<\/td><td>12:00<\/td><td>14:00<\/td><td>15:00<\/td><\/tr><\/tbody><\/table><\/figure>\n\n\n\n<p class=\"wp-block-paragraph\"><em>*Hor\u00e1rios em Bras\u00edlia<\/em><\/p>\n\n\n\n<p class=\"wp-block-paragraph\"><strong>Onde assistir ao GP da&nbsp;<a href=\"https:\/\/grandepremio.com\/es\/\" target=\"_blank\" rel=\"noreferrer noopener\">Espanha<\/a>&nbsp;da&nbsp;F1&nbsp;no Brasil, na \u00c1frica e em&nbsp;<a href=\"https:\/\/grandepremio.pt\/\" target=\"_blank\" rel=\"noreferrer noopener\">Portugal<\/a><\/strong><\/p>\n\n\n\n<figure class=\"wp-block-table\"><table class=\"has-fixed-layout\"><tbody><tr><td>Brasil<\/td><td>BandSports (treinos livres), Band (classifica\u00e7\u00e3o e corrida) e F1TV<\/td><\/tr><tr><td>\u00c1frica<\/td><td>DStv (Supersport) e F1TV<\/td><\/tr><tr><td>Portugal<\/td><td>DAZN e F1TV<\/td><\/tr><\/tbody><\/table><\/figure>\n\n\n\n<p class=\"wp-block-paragraph\"><strong>\u25b6\ufe0f<\/strong>&nbsp;<strong>Inscreva-se nos dois canais do GRANDE PR\u00caMIO no YouTube:&nbsp;<a href=\"https:\/\/www.youtube.com\/channel\/UC9OlHEgxoaY6QY6nWPoiqQg?sub_confirmation=1\" target=\"_blank\" rel=\"noreferrer noopener\">GP<\/a>&nbsp;|&nbsp;<a href=\"https:\/\/www.youtube.com\/channel\/UC9csiS6q_C3C0FYhyr1rnFA?sub_confirmation=1\" target=\"_blank\" rel=\"noreferrer noopener\">GP2<\/a><\/strong><\/p>\n\n\n\n<figure class=\"wp-block-embed is-type-video is-provider-youtube wp-block-embed-youtube wp-embed-aspect-16-9 wp-has-aspect-ratio\"><div class=\"wp-block-embed__wrapper\">\n<iframe loading=\"lazy\" title=\"ESPANHA VAI VIRAR JOGO NA F1 2025? BEN SULAYEM CONTRA-ATACA + MART\u00cdN TRAZ CAOS \u00c0 MOTOGP | WGP\" width=\"500\" height=\"281\" src=\"https:\/\/www.youtube.com\/embed\/7hdmaGUzi4g?feature=oembed\" frameborder=\"0\" allow=\"accelerometer; autoplay; clipboard-write; encrypted-media; gyroscope; picture-in-picture; web-share\" referrerpolicy=\"strict-origin-when-cross-origin\" allowfullscreen><\/iframe>\n<\/div><figcaption class=\"wp-element-caption\">ESPANHA VAI VIRAR JOGO NA F1 2025? BEN SULAYEM CONTRA-ATACA + MART\u00cdN TRAZ CAOS \u00c0 MOTOGP | WGP<\/figcaption><\/figure>\n","protected":false},"excerpt":{"rendered":"<p>Ayao Komatsu, chefe da Haas, reiterou confian\u00e7a em Oliver Bearman e disse que o jovem piloto precisa de um fim de semana sem incidentes para voltar a pontuar, algo que n\u00e3o acontece desde o GP do Bahrein<\/p>\n","protected":false},"author":0,"featured_media":1000974676,"comment_status":"closed","ping_status":"closed","sticky":false,"template":"","format":"standard","meta":{"42wp_featured_image_caption":"","42wp_featured_image_credits":"","42wp_featured_video":"","42wp_featured_image_hidden":false,"42wp_authors_list":[],"footnotes":""},"categories":[2],"tags":[7499,304,26271,5273,147,3630,180,3628,996,43728,5100,39653,20861,1491,28285,119,30840,29923,35129,42001],"42wp_author":[47163],"class_list":["post-21941","post","type-post","status-publish","format-standard","has-post-thumbnail","hentry","category-f1","tag-ayao-komatsu","tag-barcelona","tag-calendario-f1","tag-classificacao-f1","tag-f1","tag-f1-2025","tag-formula-1","tag-formula-1-2025","tag-gp-da-espanha","tag-gp-da-espanha-f1","tag-gp-de-monaco","tag-gp-de-monaco-f1","tag-gp-espanha","tag-grande-premio","tag-grandepremio","tag-haas","tag-horarios-f1","tag-oliver-bearman","tag-onde-assistir-f1","tag-temporada-2025-f1","42wp_author-caio-cavalcante"],"_links":{"self":[{"href":"https:\/\/grandepremio.com\/br\/wp-json\/wp\/v2\/posts\/21941","targetHints":{"allow":["GET"]}}],"collection":[{"href":"https:\/\/grandepremio.com\/br\/wp-json\/wp\/v2\/posts"}],"about":[{"href":"https:\/\/grandepremio.com\/br\/wp-json\/wp\/v2\/types\/post"}],"replies":[{"embeddable":true,"href":"https:\/\/grandepremio.com\/br\/wp-json\/wp\/v2\/comments?post=21941"}],"version-history":[{"count":0,"href":"https:\/\/grandepremio.com\/br\/wp-json\/wp\/v2\/posts\/21941\/revisions"}],"wp:featuredmedia":[{"embeddable":true,"href":"https:\/\/grandepremio.com\/br\/wp-json\/wp\/v2\/media\/1000974676"}],"wp:attachment":[{"href":"https:\/\/grandepremio.com\/br\/wp-json\/wp\/v2\/media?parent=21941"}],"wp:term":[{"taxonomy":"category","embeddable":true,"href":"https:\/\/grandepremio.com\/br\/wp-json\/wp\/v2\/categories?post=21941"},{"taxonomy":"post_tag","embeddable":true,"href":"https:\/\/grandepremio.com\/br\/wp-json\/wp\/v2\/tags?post=21941"},{"taxonomy":"42wp_author","embeddable":true,"href":"https:\/\/grandepremio.com\/br\/wp-json\/wp\/v2\/42wp_author?post=21941"}],"curies":[{"name":"wp","href":"https:\/\/api.w.org\/{rel}","templated":true}]}}