{"id":21962,"date":"2025-05-30T01:00:00","date_gmt":"2025-05-30T04:00:00","guid":{"rendered":"https:\/\/grandepremio.com\/br\/noticias\/formula-2-passar-tv-hoje-onde-assistir-ao-vivo-classificacao-rodada-espanha-2\/"},"modified":"2025-05-29T15:11:11","modified_gmt":"2025-05-29T18:11:11","slug":"formula-2-passar-tv-hoje-onde-assistir-ao-vivo-classificacao-rodada-espanha-2","status":"publish","type":"post","link":"https:\/\/grandepremio.com\/br\/f2\/formula-2-passar-tv-hoje-onde-assistir-ao-vivo-classificacao-rodada-espanha-2\/","title":{"rendered":"F\u00f3rmula 2 vai passar na TV hoje? Onde assistir ao vivo \u00e0 classifica\u00e7\u00e3o da rodada da Espanha"},"content":{"rendered":"\n<p class=\"wp-block-paragraph\">A <strong>F\u00f3rmula 2<\/strong> est\u00e1 na <strong>Espanha <\/strong>neste fim de semana, e hoje (30) acontece a sess\u00e3o que define o grid de largada tanto da <strong>corrida sprint <\/strong>quanto da prova de domingo. Antes, os pilotos realizam o \u00fanico treino livre da programa\u00e7\u00e3o.<\/p>\n\n\n\n<p class=\"wp-block-paragraph\">O campeonato chega a <strong>Barcelona <\/strong>com<strong> Luke Browning<\/strong> na lideran\u00e7a depois de mais um p\u00f3dio, dessa vez no s\u00e1bado de <strong>M\u00f4naco<\/strong>. <strong>Alexander Dunne<\/strong>, que provocou big-one depois da largada da <strong>corrida 2<\/strong>, caiu para a segunda coloca\u00e7\u00e3o, 3 pontos atr\u00e1s do piloto brit\u00e2nico.<\/p>\n\n\n\n<p class=\"wp-block-paragraph\">As corridas em <strong>Monte Carlo<\/strong> foram vencidas pelos pilotos da <strong>DAMS<\/strong>: <strong>Kush Maini <\/strong>levou a sprint e <strong>Jak Crawford<\/strong> faturou a principal depois de acertar a parada no momento em que o safety-car entrou na pista.<\/p>\n\n\n\n<figure class=\"wp-block-image size-large\"><img decoding=\"async\" src=\"https:\/\/www.grandepremio.com\/br\/wp-content\/uploads\/2025\/05\/Kush-Maini-monaco-F2-2025-1-1200x800.jpg\" alt=\"\" class=\"wp-image-974059\"\/><figcaption class=\"wp-element-caption\">Kush Maini venceu a sprint em M\u00f4naco (Foto: F2)<\/figcaption><\/figure>\n\n\n\n<p class=\"wp-block-paragraph\">Confira a seguir os hor\u00e1rios nos pa\u00edses de l\u00edngua portuguesa:<\/p>\n\n\n\n<p class=\"wp-block-paragraph\"><strong>Rodada da&nbsp;<a href=\"https:\/\/grandepremio.com\/es\/\" target=\"_blank\" rel=\"noreferrer noopener\">Espanha<\/a>&nbsp;da&nbsp;<a href=\"https:\/\/www.grandepremio.com\/br\/f2\/\" target=\"_blank\" rel=\"noreferrer noopener\">F2<\/a>: veja os hor\u00e1rios em Brasil, Cabo Verde,&nbsp;<a href=\"https:\/\/grandepremio.pt\/\" target=\"_blank\" rel=\"noreferrer noopener\">Portugal<\/a>, Angola e Mo\u00e7ambique<\/strong><\/p>\n\n\n\n<figure class=\"wp-block-table\"><table class=\"has-fixed-layout\"><tbody><tr><td><strong>Sess\u00e3o<\/strong><\/td><td><strong>BRA*<\/strong><\/td><td><strong>CBV<\/strong><\/td><td><strong>POR<\/strong><br><strong>ANG<\/strong><\/td><td><strong>MOZ<\/strong><\/td><\/tr><tr><td>Treino livre<\/td><td>06:05<\/td><td>08:05<\/td><td>10:05<\/td><td>11:05<\/td><\/tr><tr><td>Classifica\u00e7\u00e3o<\/td><td>10:55<\/td><td>12:55<\/td><td>14:55<\/td><td>15:55<\/td><\/tr><\/tbody><\/table><\/figure>\n\n\n\n<p class=\"wp-block-paragraph\"><em>*Hor\u00e1rio de Bras\u00edlia<\/em><\/p>\n\n\n\n<p class=\"wp-block-paragraph\"><strong>Onde assistir \u00e0 rodada da&nbsp;<a href=\"https:\/\/grandepremio.com\/es\/\" target=\"_blank\" rel=\"noreferrer noopener\">Espanha<\/a>&nbsp;da&nbsp;<a href=\"https:\/\/www.grandepremio.com\/br\/f2\/\" target=\"_blank\" rel=\"noreferrer noopener\">F2<\/a>&nbsp;no Brasil, na \u00c1frica e em&nbsp;<a href=\"https:\/\/grandepremio.pt\/\" target=\"_blank\" rel=\"noreferrer noopener\">Portugal<\/a><\/strong><\/p>\n\n\n\n<figure class=\"wp-block-table\"><table class=\"has-fixed-layout\"><tbody><tr><td>Brasil<\/td><td>BandSports e F1TV<\/td><\/tr><tr><td>\u00c1frica<\/td><td>DStv (Supersport) e F1TV<\/td><\/tr><tr><td>Portugal<\/td><td>DAZN e F1TV<\/td><\/tr><\/tbody><\/table><\/figure>\n\n\n\n<p class=\"wp-block-paragraph\"><strong>\u25b6\ufe0f<\/strong>\u00a0<strong>Inscreva-se nos dois canais do GRANDE PR\u00caMIO no YouTube:\u00a0<a href=\"https:\/\/www.youtube.com\/channel\/UC9OlHEgxoaY6QY6nWPoiqQg?sub_confirmation=1\" target=\"_blank\" rel=\"noreferrer noopener\">GP<\/a>\u00a0|\u00a0<a href=\"https:\/\/www.youtube.com\/channel\/UC9csiS6q_C3C0FYhyr1rnFA?sub_confirmation=1\" target=\"_blank\" rel=\"noreferrer noopener\">GP2<\/a><\/strong><\/p>\n","protected":false},"excerpt":{"rendered":"<p>Hoje (30) \u00e9 dia de classifica\u00e7\u00e3o da F\u00f3rmula 2 na Espanha. Confira os hor\u00e1rios nos pa\u00edses de l\u00edngua portuguesa e saiba onde assistir<\/p>\n","protected":false},"author":0,"featured_media":1000974057,"comment_status":"closed","ping_status":"closed","sticky":false,"template":"","format":"standard","meta":{"42wp_featured_image_caption":"","42wp_featured_image_credits":"","42wp_featured_video":"","42wp_featured_image_hidden":false,"42wp_authors_list":[],"footnotes":""},"categories":[9],"tags":[304,29654,30246,1877,111,41547,2208,41881,1491,28285,35029,35030,14837,41882],"42wp_author":[47147],"class_list":["post-21962","post","type-post","status-publish","format-standard","has-post-thumbnail","hentry","category-f2","tag-barcelona","tag-calendario-f2","tag-classificacao-f2","tag-espanha","tag-f2","tag-f2-2025","tag-formula-2","tag-formula-2-2025","tag-grande-premio","tag-grandepremio","tag-horarios-f2","tag-onde-assistir-f2","tag-rodada-da-espanha","tag-temporada-2025-f2","42wp_author-luana-marino"],"_links":{"self":[{"href":"https:\/\/grandepremio.com\/br\/wp-json\/wp\/v2\/posts\/21962","targetHints":{"allow":["GET"]}}],"collection":[{"href":"https:\/\/grandepremio.com\/br\/wp-json\/wp\/v2\/posts"}],"about":[{"href":"https:\/\/grandepremio.com\/br\/wp-json\/wp\/v2\/types\/post"}],"replies":[{"embeddable":true,"href":"https:\/\/grandepremio.com\/br\/wp-json\/wp\/v2\/comments?post=21962"}],"version-history":[{"count":0,"href":"https:\/\/grandepremio.com\/br\/wp-json\/wp\/v2\/posts\/21962\/revisions"}],"wp:featuredmedia":[{"embeddable":true,"href":"https:\/\/grandepremio.com\/br\/wp-json\/wp\/v2\/media\/1000974057"}],"wp:attachment":[{"href":"https:\/\/grandepremio.com\/br\/wp-json\/wp\/v2\/media?parent=21962"}],"wp:term":[{"taxonomy":"category","embeddable":true,"href":"https:\/\/grandepremio.com\/br\/wp-json\/wp\/v2\/categories?post=21962"},{"taxonomy":"post_tag","embeddable":true,"href":"https:\/\/grandepremio.com\/br\/wp-json\/wp\/v2\/tags?post=21962"},{"taxonomy":"42wp_author","embeddable":true,"href":"https:\/\/grandepremio.com\/br\/wp-json\/wp\/v2\/42wp_author?post=21962"}],"curies":[{"name":"wp","href":"https:\/\/api.w.org\/{rel}","templated":true}]}}