{"id":21967,"date":"2025-05-29T16:00:00","date_gmt":"2025-05-29T19:00:00","guid":{"rendered":"https:\/\/grandepremio.com\/br\/noticias\/carlos-sainz-diz-proposta-mudar-tracado-monaco-resolveria-1-a-5-problema\/"},"modified":"2025-05-29T16:13:23","modified_gmt":"2025-05-29T19:13:23","slug":"carlos-sainz-diz-proposta-mudar-tracado-monaco-resolveria-1-a-5-problema","status":"publish","type":"post","link":"https:\/\/grandepremio.com\/br\/f1\/carlos-sainz-diz-proposta-mudar-tracado-monaco-resolveria-1-a-5-problema\/","title":{"rendered":"Sainz diz que proposta de mudar tra\u00e7ado de M\u00f4naco &#8220;resolveria de 1% a 5% do problema&#8221;"},"content":{"rendered":"\n<p class=\"wp-block-paragraph\">Durante a coletiva de imprensa desta quinta-feira (29), na <strong>Espanha<\/strong>, <strong>Carlos Sainz<\/strong> admitiu que n\u00e3o ficou nem um pouco convencido pelas mudan\u00e7as propostas por <strong>Alexander Wurz<\/strong> para o <strong>GP de M\u00f4naco<\/strong>. De acordo com o espanhol, a <strong>F\u00f3rmula 1<\/strong> &#8220;precisa de algo maior&#8221; para tentar resolver os problemas da corrida em <strong>Monte Carlo<\/strong> \u2014 e se colocou \u00e0 disposi\u00e7\u00e3o para ajudar a <strong>Federa\u00e7\u00e3o Internacional de Automobilismo<\/strong> (<strong>FIA<\/strong>) e a <strong>Formula One Management<\/strong> (<strong>FOM<\/strong>) nessa miss\u00e3o.<\/p>\n\n\n\n<p class=\"wp-block-paragraph\">A primeira sugest\u00e3o dada pelo ex-piloto da categoria, <a href=\"https:\/\/www.grandepremio.com\/br\/f1\/noticias\/ex-f1-sugere-3-mudancas-tracado-aumentar-ultrapassagens-gp-de-monaco\/\">em um v\u00eddeo divulgado no in\u00edcio da semana<\/a>, seria estender a reta da sa\u00edda do t\u00fanel por mais 80 metros e colocar a <strong>Nouvelle Chicane<\/strong> um pouco mais \u00e0 frente. A segunda ideia se refere \u00e0 <strong>La Rascasse<\/strong>, pen\u00faltima curva do tra\u00e7ado no <strong>Principado<\/strong>, que, de acordo com Wurz, deveria ser mais larga, dando aos competidores a oportunidade de mergulho por dentro. Por fim, a ic\u00f4nica <strong>Loews<\/strong> tamb\u00e9m entrou no pacote de poss\u00edveis mudan\u00e7as.<\/p>\n\n\n\n<p class=\"wp-block-paragraph\">&#8220;Ajudaria, mas resolveria de 1% a 5% do problema. Ainda poder\u00edamos posicionar o carro no meio da pista, reduzir 30 km\/h e n\u00e3o ser ultrapassado. Teria de ser inteligente para fazer isso, e talvez ficasse mais preocupado olhando os retrovisores. Mas os carros s\u00e3o t\u00e3o largos que podemos ir como quisermos que ningu\u00e9m vai ultrapassar&#8221;, disse Sainz.<\/p>\n\n\n\n<p class=\"wp-block-paragraph\">&#8220;Poder\u00edamos estar pilotando 4s ou 5s mais lentos por causa disso. \u00c9 uma mudan\u00e7a pequena com pouco benef\u00edcio \u2014 acho que precisamos de algo ainda maior que isso&#8221;, continuou o piloto da <strong>Williams<\/strong>, que voltou a criticar a corrida do \u00faltimo domingo.<\/p>\n\n\n\n\n\n\n\n<p class=\"wp-block-paragraph\">V\u00eddeo de Wurz explicando as mudan\u00e7as em M\u00f4naco (V\u00eddeo: Reprodu\u00e7\u00e3o\/Instagram)<\/p>\n\n\n\n<p class=\"wp-block-paragraph\">\u25b6\ufe0f <strong>Inscreva-se nos dois canais do GRANDE PR\u00caMIO no YouTube:\u00a0<a href=\"https:\/\/www.youtube.com\/channel\/UC9OlHEgxoaY6QY6nWPoiqQg?sub_confirmation=1\" target=\"_blank\" rel=\"noreferrer noopener\">GP<\/a>\u00a0|\u00a0<a href=\"https:\/\/www.youtube.com\/channel\/UC9csiS6q_C3C0FYhyr1rnFA?sub_confirmation=1\" target=\"_blank\" rel=\"noreferrer noopener\">GP2<\/a><\/strong><br>\u25b6\ufe0f <strong>LEIA TAMB\u00c9M:\u00a0<a href=\"https:\/\/www.grandepremio.com\/br\/f1\/noticias\/diretiva-asas-all-in-red-bull-gp-espanha-futuro-f1-2025-em-jogo\/\">Diretiva das asas e all-in da Red Bull: GP da Espanha tem futuro da F1 2025 em jogo<\/a><\/strong><\/p>\n\n\n\n<p class=\"wp-block-paragraph\">&#8220;Talvez eu esteja mais aberto a ver como melhorar o domingo. Quando corremos em M\u00f4naco, queremos ultrapassar, queremos fazer uma boa largada, sentir a press\u00e3o dos pit-stops, etc. A classifica\u00e7\u00e3o ainda deveria ter mais destaque, mas continuo aberto a solu\u00e7\u00f5es que possam melhorar um pouco o domingo. Porque [o \u00faltimo] domingo foi doloroso. Nunca sa\u00ed t\u00e3o decepcionado de um carro ap\u00f3s uma corrida. Foi realmente lento, o mais lento que j\u00e1 pilotei. Ent\u00e3o \u00e9 algo a ser analisado&#8221;, analisou.<\/p>\n\n\n\n<p class=\"wp-block-paragraph\">&#8220;Ningu\u00e9m melhor que os pilotos para saber o qu\u00e3o f\u00e1cil \u00e9 manipular uma corrida, ou reduzir o ritmo em 3s ou 4s. Pelo bem do esporte, precisamos nos sentar e buscar talvez n\u00e3o a melhor solu\u00e7\u00e3o, mas a mais f\u00e1cil de aplicar ou a que fa\u00e7a mais sentido. Temos de pensar nisso, ver quais ideias temos e quais podem ou n\u00e3o ser implementadas&#8221;, acrescentou Sainz, que se colocou \u00e0 disposi\u00e7\u00e3o para ajudar.<\/p>\n\n\n\n<p class=\"wp-block-paragraph\">&#8220;A FIA e a FOM tentaram for\u00e7ar as duas paradas, e n\u00e3o funcionou. Mas sempre dou boas-vindas a experimentos para ver se funcionam ou n\u00e3o. A FIA se beneficiaria ao incluir os pilotos nessas conversas&#8221;, concluiu.<\/p>\n\n\n\n<p class=\"wp-block-paragraph\">A\u00a0<strong><a href=\"https:\/\/www.grandepremio.com\/br\/f1\/\" target=\"_blank\" rel=\"noreferrer noopener\"><\/a><a href=\"https:\/\/www.grandepremio.com\/br\/f1\/\" target=\"_blank\" rel=\"noreferrer noopener\">F\u00f3rmula 1<\/a><\/strong>\u00a0realiza o GP da Espanha de 30 de maio a 1\u00ba de junho, em\u00a0<strong>Barcelona<\/strong>, nona etapa da temporada 2025. O\u00a0<strong>GRANDE PR\u00caMIO<\/strong>\u00a0acompanha todas as atividades\u00a0<strong><a href=\"https:\/\/www.grandepremio.com\/br\/f1\/ao-vivo\" target=\"_blank\" rel=\"noreferrer noopener\">AO VIVO E EM\u00a0<\/a><a href=\"https:\/\/www.grandepremio.com\/br\/ao-vivo\/\" target=\"_blank\" rel=\"noreferrer noopener\">TEMPO REAL<\/a><\/strong>, al\u00e9m de classifica\u00e7\u00e3o e corrida em\u00a0<strong><a href=\"https:\/\/www.youtube.com\/@GrandePremio1\/streams\" target=\"_blank\" rel=\"noreferrer noopener\">SEGUNDA TELA no YouTube<\/a><\/strong>, em parceria com a Voz do Esporte. O <strong>Briefing<\/strong> chega para analisar ap\u00f3s o fim de cada dia de atividades nas redes sociais e na GPTV.<\/p>\n\n\n\n<p class=\"wp-block-paragraph\">Al\u00e9m da cobertura tradicional, o\u00a0<strong>GRANDE PR\u00caMIO<\/strong>\u00a0estar\u00e1\u00a0<strong>IN LOCO<\/strong>\u00a0em\u00a0<strong><a href=\"https:\/\/es.grandepremio.com\/\" target=\"_blank\" rel=\"noreferrer noopener\">Barcelona<\/a>\u00a0<\/strong>para acompanhar todas as emo\u00e7\u00f5es da etapa com o rep\u00f3rter\u00a0<strong>Leonid Kliuev<\/strong>.<\/p>\n\n\n\n<p class=\"wp-block-paragraph\" style=\"font-size:25px\"><strong>GP da\u00a0<a href=\"https:\/\/grandepremio.com\/es\/\" target=\"_blank\" rel=\"noreferrer noopener\"><\/a><a href=\"https:\/\/grandepremio.com\/es\/\" target=\"_blank\" rel=\"noreferrer noopener\">Espanha<\/a>\u00a0de F1: veja os hor\u00e1rios em Brasil, Cabo Verde,\u00a0<a href=\"https:\/\/grandepremio.pt\/\" target=\"_blank\" rel=\"noreferrer noopener\">Portugal<\/a>, Angola e Mo\u00e7ambique:<\/strong><\/p>\n\n\n\n<figure class=\"wp-block-table\"><table class=\"has-fixed-layout\"><tbody><tr><td><strong>Sess\u00e3o<\/strong><\/td><td><strong>BRA*<\/strong><\/td><td><strong>CBV<\/strong><\/td><td><strong>POR<\/strong><br><strong>ANG<\/strong><\/td><td><strong>MOZ<\/strong><\/td><\/tr><tr><td>Treino livre 1<\/td><td>08:30<\/td><td>10:30<\/td><td>12:30<\/td><td>13:30<\/td><\/tr><tr><td>Treino livre 2<\/td><td>12:00<\/td><td>14:00<\/td><td>16:00<\/td><td>17:00<\/td><\/tr><tr><td>Treino livre 3<\/td><td>07:30<\/td><td>09:30<\/td><td>11:30<\/td><td>12:30<\/td><\/tr><tr><td>Classifica\u00e7\u00e3o<\/td><td>11:00<\/td><td>13:00<\/td><td>15:00<\/td><td>16:00<\/td><\/tr><tr><td>Corrida<\/td><td>10:00<\/td><td>12:00<\/td><td>14:00<\/td><td>15:00<\/td><\/tr><\/tbody><\/table><\/figure>\n\n\n\n<p class=\"wp-block-paragraph\"><em>*Hor\u00e1rios em Bras\u00edlia<\/em><\/p>\n\n\n\n<figure class=\"wp-block-embed is-type-video is-provider-youtube wp-block-embed-youtube wp-embed-aspect-16-9 wp-has-aspect-ratio\"><div class=\"wp-block-embed__wrapper\">\n<iframe loading=\"lazy\" title=\"FERRARI \u00c9 A NOVA FAVORITA DA F1? + CIRCO DE M\u00d4NACO DESABA | TTGP #181\" width=\"500\" height=\"281\" src=\"https:\/\/www.youtube.com\/embed\/TOpHp7vvCy4?feature=oembed\" frameborder=\"0\" allow=\"accelerometer; autoplay; clipboard-write; encrypted-media; gyroscope; picture-in-picture; web-share\" referrerpolicy=\"strict-origin-when-cross-origin\" allowfullscreen><\/iframe>\n<\/div><\/figure>\n","protected":false},"excerpt":{"rendered":"<p>Carlos Sainz analisou as sugest\u00f5es dadas por Alexander Wurz e afirmou que a F\u00f3rmula 1 &#8220;precisa de algo ainda maior&#8221; para deixar o GP de M\u00f4naco atrativo no futuro<\/p>\n","protected":false},"author":0,"featured_media":1000974590,"comment_status":"closed","ping_status":"closed","sticky":false,"template":"","format":"standard","meta":{"42wp_featured_image_caption":"","42wp_featured_image_credits":"","42wp_featured_video":"","42wp_featured_image_hidden":false,"42wp_authors_list":[],"footnotes":""},"categories":[2],"tags":[304,43733,35136,26271,546,5273,43731,5148,147,3630,180,3628,996,43732,5100,1491,28285,30840,2140,764,35129,42001,215],"42wp_author":[47160],"class_list":["post-21967","post","type-post","status-publish","format-standard","has-post-thumbnail","hentry","category-f1","tag-barcelona","tag-barcelona-2025","tag-barcelona-f1","tag-calendario-f1","tag-carlos-sainz","tag-classificacao-f1","tag-espanha-2025","tag-espanha-f1","tag-f1","tag-f1-2025","tag-formula-1","tag-formula-1-2025","tag-gp-da-espanha","tag-gp-de-espanha-f1","tag-gp-de-monaco","tag-grande-premio","tag-grandepremio","tag-horarios-f1","tag-monaco","tag-monte-carlo","tag-onde-assistir-f1","tag-temporada-2025-f1","tag-williams","42wp_author-vicente-soella"],"_links":{"self":[{"href":"https:\/\/grandepremio.com\/br\/wp-json\/wp\/v2\/posts\/21967","targetHints":{"allow":["GET"]}}],"collection":[{"href":"https:\/\/grandepremio.com\/br\/wp-json\/wp\/v2\/posts"}],"about":[{"href":"https:\/\/grandepremio.com\/br\/wp-json\/wp\/v2\/types\/post"}],"replies":[{"embeddable":true,"href":"https:\/\/grandepremio.com\/br\/wp-json\/wp\/v2\/comments?post=21967"}],"version-history":[{"count":0,"href":"https:\/\/grandepremio.com\/br\/wp-json\/wp\/v2\/posts\/21967\/revisions"}],"wp:featuredmedia":[{"embeddable":true,"href":"https:\/\/grandepremio.com\/br\/wp-json\/wp\/v2\/media\/1000974590"}],"wp:attachment":[{"href":"https:\/\/grandepremio.com\/br\/wp-json\/wp\/v2\/media?parent=21967"}],"wp:term":[{"taxonomy":"category","embeddable":true,"href":"https:\/\/grandepremio.com\/br\/wp-json\/wp\/v2\/categories?post=21967"},{"taxonomy":"post_tag","embeddable":true,"href":"https:\/\/grandepremio.com\/br\/wp-json\/wp\/v2\/tags?post=21967"},{"taxonomy":"42wp_author","embeddable":true,"href":"https:\/\/grandepremio.com\/br\/wp-json\/wp\/v2\/42wp_author?post=21967"}],"curies":[{"name":"wp","href":"https:\/\/api.w.org\/{rel}","templated":true}]}}