{"id":21996,"date":"2025-05-29T08:36:47","date_gmt":"2025-05-29T11:36:47","guid":{"rendered":"https:\/\/grandepremio.com\/br\/noticias\/ferrari-pula-etapas-antecipar-atualizacoes-sf-25-junho-pressao-alta-cupula\/"},"modified":"2025-05-29T11:41:34","modified_gmt":"2025-05-29T14:41:34","slug":"ferrari-pula-etapas-antecipar-atualizacoes-sf-25-junho-pressao-alta-cupula","status":"publish","type":"post","link":"https:\/\/grandepremio.com\/br\/f1\/ferrari-pula-etapas-antecipar-atualizacoes-sf-25-junho-pressao-alta-cupula\/","title":{"rendered":"Ferrari pula etapas para antecipar atualiza\u00e7\u00f5es da SF-25 at\u00e9 junho por press\u00e3o de alta c\u00fapula"},"content":{"rendered":"\n<p class=\"wp-block-paragraph\">A <strong>Ferrari <\/strong>est\u00e1 cada vez mais pressionada a encontrar uma solu\u00e7\u00e3o a curto prazo para n\u00e3o dar a <strong>temporada 2025<\/strong> como perdida, e a cobran\u00e7a tem vindo especialmente da alta c\u00fapula. Embora a equipe italiana trabalhe em mudan\u00e7as que exigem um tempo mais longo de prepara\u00e7\u00e3o por conta dos testes que precisam ser feitos, o presidente,<strong> John Elkann<\/strong>, e o CEO, <strong>Benedetto Vigna<\/strong>, querem que as atualiza\u00e7\u00f5es sejam antecipadas j\u00e1 para as pr\u00f3ximas etapas da <strong>temporada 2025<\/strong> da <strong>F\u00f3rmula 1<\/strong>.<\/p>\n\n\n\n<p class=\"wp-block-paragraph\">A informa\u00e7\u00e3o \u00e9 da vers\u00e3o italiana do <em>Motorsport <\/em>desta quinta-feira. Para o <strong>GP da Espanha<\/strong>, a equipe levar\u00e1 apenas a nova asa dianteira, assim como todas as demais <a href=\"https:\/\/www.grandepremio.com\/br\/f1\/noticias\/diretiva-asas-all-in-red-bull-gp-espanha-futuro-f1-2025-em-jogo\/\">por conta da diretiva que ser\u00e1 introduzida para reduzir a flex\u00e3o da pe\u00e7a<\/a>. \u00c9 uma mudan\u00e7a, ali\u00e1s, que muitos aguardam com expectativa, j\u00e1 que a <strong>McLaren <\/strong>tamb\u00e9m ter\u00e1 de se adequar \u00e0s novas regras.<\/p>\n\n\n\n<p class=\"wp-block-paragraph\">A grande mexida que a Ferrari planeja na <strong>SF-25<\/strong>, no entanto,<a href=\"https:\/\/www.grandepremio.com\/br\/f1\/noticias\/ferrari-desdobra-atualizar-suspensao-traseira-tempo-salvar-temporada-2025\/\"> \u00e9 na parte traseira<\/a>, com foco especial na suspens\u00e3o. O objetivo com a mudan\u00e7a \u00e9 permitir uma configura\u00e7\u00e3o mec\u00e2nica mais extrema, capaz de diminuir a altura em rela\u00e7\u00e3o ao solo em busca de mais downforce, que tem sido o grande problema dos vermelhos at\u00e9 aqui na temporada. No entanto, o sistema continuar\u00e1 sendo pull-rod.<\/p>\n\n\n\n<p class=\"wp-block-paragraph\">A quest\u00e3o \u00e9 que <a href=\"https:\/\/www.grandepremio.com\/br\/f1\/noticias\/ferrari-aguarda-diretiva-tecnica-espanha-tambem-atualizar-traseira-sf-25\/\">esse desenvolvimento da parte mec\u00e2nica \u00e9 mais demorado<\/a>, por isso o plano inicial era trazer a suspens\u00e3o traseira no <strong>GP da Inglaterra<\/strong>, que acontece no in\u00edcio de julho. De acordo com a publica\u00e7\u00e3o, o time liderado por <strong>Marco Civinelli<\/strong>, gerente de design mec\u00e2nico, est\u00e1 revisando o desenho dos bra\u00e7os da suspens\u00e3o com solu\u00e7\u00f5es muito mais extremas para oferecer a<strong> Lewis Hamilton <\/strong>e <strong>Charles Leclerc <\/strong>um carro mais est\u00e1vel durante a frenagem.<\/p>\n\n\n\n<figure class=\"wp-block-image size-large\"><img decoding=\"async\" src=\"https:\/\/www.grandepremio.com\/br\/wp-content\/uploads\/2025\/05\/monaco-2025-f1-treinos-livres-ferrari-lewis-hamilton-03-1-1200x800.jpg\" alt=\"\" class=\"wp-image-971543\"\/><figcaption class=\"wp-element-caption\">Lewis Hamilton: Ferrari foca em toda a parte traseira da SF-25, mas corrida \u00e9 contra o tempo (Foto: Ferrari)<\/figcaption><\/figure>\n\n\n\n<p class=\"wp-block-paragraph\">O diretor-t\u00e9cnico,<strong> Lo\u00efc Serra<\/strong>, que \u00e9 especialista em din\u00e2mica de ve\u00edculos, \u00e9 um dos mais confiantes de que esta interven\u00e7\u00e3o pode provocar um ganho significativo de performance, mas \u00e9 uma modifica\u00e7\u00e3o que leva tempo. A quest\u00e3o \u00e9 que, segundo o <em>Motorsport It\u00e1lia<\/em>, Elkann e Vigna pediram para que esses recursos sejam antecipados, e a \u00fanica forma de conseguir isso em junho \u2014 m\u00eas dos GPs do <strong>Canad\u00e1 <\/strong>e da <strong>\u00c1ustria<\/strong> \u2014 \u00e9 pular os testes din\u00e2micos.<\/p>\n\n\n\n<p class=\"wp-block-paragraph\">Funcion\u00e1rios que estavam trabalhando em tempo integral no projeto 678, o carro de 2026, j\u00e1 foram deslocados para trabalharem na SF-25. A alta c\u00fapula tamb\u00e9m deu o aval para que a Ferrari busque refor\u00e7os para a equipe t\u00e9cnica. Recentemente, a publica\u00e7\u00e3o italiana noticiou que foi feita uma oferta a Giuseppe Pesce, atual aerodinamicista-chefe da McLaren, que recusou a proposta.<\/p>\n\n\n\n<p class=\"wp-block-paragraph\">Durante a passagem da F\u00f3rmula 1 pela <strong>Em\u00edlia-Romanha<\/strong>, <strong>Fr\u00e9d\u00e9ric Vasseur <\/strong>falou sobre o porqu\u00ea <a href=\"https:\/\/www.grandepremio.com\/br\/f1\/noticias\/ferrari-tatica-foca-suspensao-traseira-olho-mudanca-regulamento-2026\/\">do foco na parte mec\u00e2nica<\/a>, e n\u00e3o em tentar melhorar a performance trabalhando a aerodin\u00e2mica do carro. \u201cEstamos trabalhando em todas as \u00e1reas do carro, principalmente na mec\u00e2nica, porque \u00e9 algo que podemos levar adiante para tentar obter um melhor desempenho ao longo da temporada.\u201d<\/p>\n\n\n\n<p class=\"wp-block-paragraph\">\u201cTodos os outros componentes [aerodin\u00e2micos] do carro, seja um novo assoalho ou uma nova asa traseira, n\u00e3o ser\u00e3o transferidos para 2026. Os regulamentos s\u00e3o completamente diferentes. As asas traseiras s\u00e3o diferentes. O regulamento de fluxo \u00e9 completamente diferente\u201d, salientou.<\/p>\n\n\n\n<p class=\"wp-block-paragraph\">\u201cIsso significa que [se trouxer uma atualiza\u00e7\u00e3o aerodin\u00e2mica] ser\u00e1 apenas para as \u00faltimas oito corridas. \u00c9 um pouco diferente no aspecto mec\u00e2nico, porque se trabalharmos os componentes mec\u00e2nicos, poder\u00e3o ser transferidos para o pr\u00f3ximo ano\u201d, acrescentou o dirigente franc\u00eas.<\/p>\n\n\n\n<p class=\"wp-block-paragraph\">A Ferrari \u00e9 a quarta colocada no <strong>Mundial de Construtores<\/strong> com 142 pontos.<\/p>\n\n\n\n<p class=\"wp-block-paragraph\">A&nbsp;<strong><a href=\"https:\/\/www.grandepremio.com\/br\/f1\/\" target=\"_blank\" rel=\"noreferrer noopener\"><\/a><a href=\"https:\/\/www.grandepremio.com\/br\/f1\/\" target=\"_blank\" rel=\"noreferrer noopener\">F\u00f3rmula 1<\/a><\/strong>&nbsp;realiza o GP da Espanha de 30 de maio a 1\u00ba de junho, em&nbsp;<strong>Barcelona<\/strong>, nona etapa da temporada 2025. O&nbsp;<strong>GRANDE PR\u00caMIO<\/strong>&nbsp;acompanha todas as atividades&nbsp;<strong><a href=\"https:\/\/www.grandepremio.com\/br\/f1\/ao-vivo\" target=\"_blank\" rel=\"noreferrer noopener\">AO VIVO E EM&nbsp;<\/a><a href=\"https:\/\/www.grandepremio.com\/br\/ao-vivo\/\" target=\"_blank\" rel=\"noreferrer noopener\">TEMPO REAL<\/a><\/strong>, al\u00e9m de classifica\u00e7\u00e3o e corrida em&nbsp;<strong><a href=\"https:\/\/www.youtube.com\/@GrandePremio1\/streams\" target=\"_blank\" rel=\"noreferrer noopener\">SEGUNDA TELA no YouTube<\/a><\/strong>, em parceria com a Voz do Esporte. O&nbsp;<strong>Briefing<\/strong>&nbsp;chega para analisar ap\u00f3s o fim de cada dia de atividades nas redes sociais e na GPTV.<\/p>\n\n\n\n<p class=\"wp-block-paragraph\">Al\u00e9m da cobertura tradicional, o&nbsp;<strong>GRANDE PR\u00caMIO<\/strong>&nbsp;estar\u00e1&nbsp;<strong>IN LOCO<\/strong>&nbsp;em&nbsp;<strong><a href=\"https:\/\/es.grandepremio.com\/\" target=\"_blank\" rel=\"noreferrer noopener\">Barcelona<\/a>&nbsp;<\/strong>para acompanhar todas as emo\u00e7\u00f5es da etapa com o rep\u00f3rter&nbsp;<strong>Leonid Kliuev<\/strong>.<\/p>\n\n\n\n<p class=\"wp-block-paragraph\"><strong>GP da&nbsp;<a href=\"https:\/\/grandepremio.com\/es\/\" target=\"_blank\" rel=\"noreferrer noopener\"><\/a><a href=\"https:\/\/grandepremio.com\/es\/\" target=\"_blank\" rel=\"noreferrer noopener\">Espanha<\/a>&nbsp;de F1: veja os hor\u00e1rios em Brasil, Cabo Verde,&nbsp;<a href=\"https:\/\/grandepremio.pt\/\" target=\"_blank\" rel=\"noreferrer noopener\">Portugal<\/a>, Angola e Mo\u00e7ambique:<\/strong><\/p>\n\n\n\n<figure class=\"wp-block-table\"><table class=\"has-fixed-layout\"><tbody><tr><td><strong>Sess\u00e3o<\/strong><\/td><td><strong>BRA*<\/strong><\/td><td><strong>CBV<\/strong><\/td><td><strong>POR<\/strong><br><strong>ANG<\/strong><\/td><td><strong>MOZ<\/strong><\/td><\/tr><tr><td>Treino livre 1<\/td><td>08:30<\/td><td>10:30<\/td><td>12:30<\/td><td>13:30<\/td><\/tr><tr><td>Treino livre 2<\/td><td>12:00<\/td><td>14:00<\/td><td>16:00<\/td><td>17:00<\/td><\/tr><tr><td>Treino livre 3<\/td><td>07:30<\/td><td>09:30<\/td><td>11:30<\/td><td>12:30<\/td><\/tr><tr><td>Classifica\u00e7\u00e3o<\/td><td>11:00<\/td><td>13:00<\/td><td>15:00<\/td><td>16:00<\/td><\/tr><tr><td>Corrida<\/td><td>10:00<\/td><td>12:00<\/td><td>14:00<\/td><td>15:00<\/td><\/tr><\/tbody><\/table><\/figure>\n\n\n\n<p class=\"wp-block-paragraph\"><em>*Hor\u00e1rios em Bras\u00edlia<\/em><\/p>\n\n\n\n<p class=\"wp-block-paragraph\"><strong>\u25b6\ufe0f<\/strong> <strong>Inscreva-se nos dois canais do GRANDE PR\u00caMIO no YouTube:\u00a0<a href=\"https:\/\/www.youtube.com\/channel\/UC9OlHEgxoaY6QY6nWPoiqQg?sub_confirmation=1\" target=\"_blank\" rel=\"noreferrer noopener\">GP<\/a>\u00a0|\u00a0<a href=\"https:\/\/www.youtube.com\/channel\/UC9csiS6q_C3C0FYhyr1rnFA?sub_confirmation=1\" target=\"_blank\" rel=\"noreferrer noopener\">GP2<\/a><\/strong><br>\u25b6\ufe0f <strong>LEIA TAMB\u00c9M: <a href=\"https:\/\/www.grandepremio.com\/br\/f1\/noticias\/diretiva-asas-all-in-red-bull-gp-espanha-futuro-f1-2025-em-jogo\/\">Diretiva das asas e all-in da Red Bull: GP da Espanha tem futuro da F1 2025 em jogo<\/a><\/strong><\/p>\n\n\n\n<figure class=\"wp-block-embed is-type-video is-provider-youtube wp-block-embed-youtube wp-embed-aspect-16-9 wp-has-aspect-ratio\"><div class=\"wp-block-embed__wrapper\">\n<iframe loading=\"lazy\" title=\"FERRARI \u00c9 A NOVA FAVORITA DA F1? + CIRCO DE M\u00d4NACO DESABA | TTGP #181\" width=\"500\" height=\"281\" src=\"https:\/\/www.youtube.com\/embed\/TOpHp7vvCy4?feature=oembed\" frameborder=\"0\" allow=\"accelerometer; autoplay; clipboard-write; encrypted-media; gyroscope; picture-in-picture; web-share\" referrerpolicy=\"strict-origin-when-cross-origin\" allowfullscreen><\/iframe>\n<\/div><\/figure>\n","protected":false},"excerpt":{"rendered":"<p>De in\u00edcio, o foco da Ferrari era ter a nova suspens\u00e3o traseira da SF-25 apenas no GP da Inglaterra, no in\u00edcio de junho, mas o presidente, John Elkann, e o CEO, Benedetto Vigna, pediram para que a atualiza\u00e7\u00e3o seja antecipada para o quanto antes, e isso pode comprometer os testes mec\u00e2nicos<\/p>\n","protected":false},"author":0,"featured_media":1000972982,"comment_status":"closed","ping_status":"closed","sticky":false,"template":"","format":"standard","meta":{"42wp_featured_image_caption":"","42wp_featured_image_credits":"","42wp_featured_video":"","42wp_featured_image_hidden":false,"42wp_authors_list":[],"footnotes":""},"categories":[2],"tags":[28273,26271,5273,147,3630,207,180,3628,1491,28285,30840,1968,35129,42448,42001],"42wp_author":[47147],"class_list":["post-21996","post","type-post","status-publish","format-standard","has-post-thumbnail","hentry","category-f1","tag-benedetto-vigna","tag-calendario-f1","tag-classificacao-f1","tag-f1","tag-f1-2025","tag-ferrari","tag-formula-1","tag-formula-1-2025","tag-grande-premio","tag-grandepremio","tag-horarios-f1","tag-john-elkann","tag-onde-assistir-f1","tag-sf-25","tag-temporada-2025-f1","42wp_author-luana-marino"],"_links":{"self":[{"href":"https:\/\/grandepremio.com\/br\/wp-json\/wp\/v2\/posts\/21996","targetHints":{"allow":["GET"]}}],"collection":[{"href":"https:\/\/grandepremio.com\/br\/wp-json\/wp\/v2\/posts"}],"about":[{"href":"https:\/\/grandepremio.com\/br\/wp-json\/wp\/v2\/types\/post"}],"replies":[{"embeddable":true,"href":"https:\/\/grandepremio.com\/br\/wp-json\/wp\/v2\/comments?post=21996"}],"version-history":[{"count":0,"href":"https:\/\/grandepremio.com\/br\/wp-json\/wp\/v2\/posts\/21996\/revisions"}],"wp:featuredmedia":[{"embeddable":true,"href":"https:\/\/grandepremio.com\/br\/wp-json\/wp\/v2\/media\/1000972982"}],"wp:attachment":[{"href":"https:\/\/grandepremio.com\/br\/wp-json\/wp\/v2\/media?parent=21996"}],"wp:term":[{"taxonomy":"category","embeddable":true,"href":"https:\/\/grandepremio.com\/br\/wp-json\/wp\/v2\/categories?post=21996"},{"taxonomy":"post_tag","embeddable":true,"href":"https:\/\/grandepremio.com\/br\/wp-json\/wp\/v2\/tags?post=21996"},{"taxonomy":"42wp_author","embeddable":true,"href":"https:\/\/grandepremio.com\/br\/wp-json\/wp\/v2\/42wp_author?post=21996"}],"curies":[{"name":"wp","href":"https:\/\/api.w.org\/{rel}","templated":true}]}}