{"id":22034,"date":"2025-05-28T07:46:17","date_gmt":"2025-05-28T10:46:17","guid":{"rendered":"https:\/\/grandepremio.com\/br\/noticias\/max-verstappen-cita-desvantagem-mclaren-ve-consistencia-chave-titulo\/"},"modified":"2025-05-28T08:37:52","modified_gmt":"2025-05-28T11:37:52","slug":"max-verstappen-cita-desvantagem-mclaren-ve-consistencia-chave-titulo","status":"publish","type":"post","link":"https:\/\/grandepremio.com\/br\/f1\/max-verstappen-cita-desvantagem-mclaren-ve-consistencia-chave-titulo\/","title":{"rendered":"Verstappen cita desvantagem para McLaren, mas v\u00ea consist\u00eancia como \u201cchave\u201d para t\u00edtulo"},"content":{"rendered":"\n<p class=\"wp-block-paragraph\">Com o dom\u00ednio da <strong>McLaren<\/strong> no in\u00edcio da temporada, <strong>Max Verstappen<\/strong> briga por fora pelo t\u00edtulo contra <strong>Oscar Piastri<\/strong> e <strong>Lando Norris<\/strong> na <strong>F\u00f3rmula 1<\/strong> em 2025. Com 25 pontos de desvantagem em rela\u00e7\u00e3o ao l\u00edder, o tetracampe\u00e3o lembrou que o cen\u00e1rio n\u00e3o \u00e9 dos mais favor\u00e1veis para a <strong>Red Bull<\/strong>, mas disse que ser consistente \u00e9 a chave para se manter vivo na disputa.<\/p>\n\n\n\n<p class=\"wp-block-paragraph\">A <strong>Red Bull<\/strong> vive uma temporada de altos e baixos na <strong>F1 <\/strong>em 2025. Enquanto <strong>Verstappen <\/strong>conseguiu vencer os <strong>GPs do Jap\u00e3o<\/strong> e da <strong>Em\u00edlia-Romanha<\/strong>, enfrentou dificuldades em <strong>M\u00f4naco<\/strong>, <strong>Bahrein <\/strong>e <strong>Miami<\/strong>, por exemplo. Por isso, viu o l\u00edder <strong>Piastri <\/strong>abrir uma vantagem de 25 pontos na lideran\u00e7a, enquanto <strong>Norris <\/strong>est\u00e1 22 tentos \u00e0 frente.<\/p>\n\n\n\n<p class=\"wp-block-paragraph\">Ap\u00f3s o <strong>GP de M\u00f4naco<\/strong>, questionado pelo<strong> GRANDE PR\u00caMIO<\/strong> <a href=\"https:\/\/www.grandepremio.com\/br\/f1\/noticias\/max-verstappen-conforma-4o-lugar-monaco-debocha-podiam-fazer-4-pit-stops\/\">durante coletiva<\/a>, <strong>Verstappen <\/strong>disse que n\u00e3o pensava na briga pelo t\u00edtulo e estava lidando com a temporada \u201ccorrida a corrida\u201d. Agora, no entanto, ao podcast<strong> TalkingBull <\/strong>da <strong>Red Bull<\/strong>, o neerland\u00eas falou sobre a import\u00e2ncia de ser consistente ao longo durante o ano.<\/p>\n\n\n\n<p class=\"wp-block-paragraph\">\u201cPrefiro estar 50 pontos na lideran\u00e7a do que 20 atr\u00e1s. Todo mundo prefere isso, mas \u00e9 claro que essa n\u00e3o \u00e9 a realidade, mas ainda \u00e9 uma temporada muito longa. N\u00f3s quer\u00edamos ir bem em M\u00f4naco e queremos ir muito bem em Barcelona, \u200b\u200be \u00e9 assim que seguimos em frente. \u00cdmola foi um fim de semana muito positivo para n\u00f3s, e os circuitos de rua s\u00e3o sempre um pouco mais complicados e, \u00e0s vezes, um pouco mais aleat\u00f3rios com os resultados, mas ainda h\u00e1 muitas corridas em que podemos fazer um bom trabalho\u201d, disse <strong>Verstappen<\/strong>.<\/p>\n\n\n\n<figure class=\"wp-block-image size-large\"><img decoding=\"async\" src=\"https:\/\/www.grandepremio.com\/br\/wp-content\/uploads\/2025\/05\/emilia-romanha-2025-f1-corrida-red-bull-max-verstappen-25-1200x800.jpg\" alt=\"\" class=\"wp-image-969472\"\/><figcaption class=\"wp-element-caption\">Max Verstappen venceu em \u00cdmola, mas ainda se v\u00ea atr\u00e1s das McLaren (Foto: Red Bull Content Pool)<\/figcaption><\/figure>\n\n\n\n<p class=\"wp-block-paragraph\">\u201cVoc\u00ea sempre tenta maximizar o que tem, seja vencendo corridas ou n\u00e3o. \u00c9 sempre isso que voc\u00ea tem de almejar, ser o mais consistente poss\u00edvel ao longo do ano sem cometer muitos erros. Essa \u00e9 a chave&#8221;, finalizou <strong>Verstappen<\/strong>.<\/p>\n\n\n\n<p class=\"wp-block-paragraph\">A&nbsp;<strong><a href=\"https:\/\/www.grandepremio.com\/br\/f1\/\" target=\"_blank\" rel=\"noreferrer noopener\"><\/a><a href=\"https:\/\/www.grandepremio.com\/br\/f1\/\" target=\"_blank\" rel=\"noreferrer noopener\">F\u00f3rmula 1<\/a><\/strong>&nbsp;realiza o GP da Espanha de 30 de maio a 1\u00ba de junho, em&nbsp;<strong>Barcelona<\/strong>, nona etapa da temporada 2025. O&nbsp;<strong>GRANDE PR\u00caMIO<\/strong>&nbsp;acompanha todas as atividades&nbsp;<strong><a href=\"https:\/\/www.grandepremio.com\/br\/f1\/ao-vivo\" target=\"_blank\" rel=\"noreferrer noopener\">AO VIVO E EM&nbsp;<\/a><a href=\"https:\/\/www.grandepremio.com\/br\/ao-vivo\/\" target=\"_blank\" rel=\"noreferrer noopener\">TEMPO REAL<\/a><\/strong>, al\u00e9m de classifica\u00e7\u00e3o e corrida em&nbsp;<strong><a href=\"https:\/\/www.youtube.com\/@GrandePremio1\/streams\" target=\"_blank\" rel=\"noreferrer noopener\">SEGUNDA TELA no YouTube<\/a><\/strong>, em parceria com a Voz do Esporte. O&nbsp;<strong>Briefing<\/strong>&nbsp;chega para analisar ap\u00f3s o fim de cada dia de atividades nas redes sociais e na GPTV.<\/p>\n\n\n\n<p class=\"wp-block-paragraph\">Al\u00e9m da cobertura tradicional, o&nbsp;<strong>GRANDE PR\u00caMIO<\/strong>&nbsp;estar\u00e1&nbsp;<strong>IN LOCO<\/strong>&nbsp;em&nbsp;<strong><a href=\"https:\/\/es.grandepremio.com\/\" target=\"_blank\" rel=\"noreferrer noopener\">Barcelona<\/a>&nbsp;<\/strong>para acompanhar todas as emo\u00e7\u00f5es da etapa com o rep\u00f3rter&nbsp;<strong>Leonid Kliuev<\/strong>.<\/p>\n\n\n\n<p class=\"wp-block-paragraph\"><strong>GP da&nbsp;<a href=\"https:\/\/grandepremio.com\/es\/\" target=\"_blank\" rel=\"noreferrer noopener\"><\/a><a href=\"https:\/\/grandepremio.com\/es\/\" target=\"_blank\" rel=\"noreferrer noopener\">Espanha<\/a>&nbsp;de F1: veja os hor\u00e1rios em Brasil, Cabo Verde,&nbsp;<a href=\"https:\/\/grandepremio.pt\/\" target=\"_blank\" rel=\"noreferrer noopener\">Portugal<\/a>, Angola e Mo\u00e7ambique:<\/strong><\/p>\n\n\n\n<figure class=\"wp-block-table\"><table class=\"has-fixed-layout\"><tbody><tr><td><strong>Sess\u00e3o<\/strong><\/td><td><strong>BRA*<\/strong><\/td><td><strong>CBV<\/strong><\/td><td><strong>POR<\/strong><br><strong>ANG<\/strong><\/td><td><strong>MOZ<\/strong><\/td><\/tr><tr><td>Treino livre 1<\/td><td>08:30<\/td><td>10:30<\/td><td>12:30<\/td><td>13:30<\/td><\/tr><tr><td>Treino livre 2<\/td><td>12:00<\/td><td>14:00<\/td><td>16:00<\/td><td>17:00<\/td><\/tr><tr><td>Treino livre 3<\/td><td>07:30<\/td><td>09:30<\/td><td>11:30<\/td><td>12:30<\/td><\/tr><tr><td>Classifica\u00e7\u00e3o<\/td><td>11:00<\/td><td>13:00<\/td><td>15:00<\/td><td>16:00<\/td><\/tr><tr><td>Corrida<\/td><td>10:00<\/td><td>12:00<\/td><td>14:00<\/td><td>15:00<\/td><\/tr><\/tbody><\/table><\/figure>\n\n\n\n<p class=\"wp-block-paragraph\"><em>*Hor\u00e1rios em Bras\u00edlia<\/em><\/p>\n\n\n\n<p class=\"wp-block-paragraph\"><strong>Onde assistir ao GP da&nbsp;<a href=\"https:\/\/grandepremio.com\/es\/\" target=\"_blank\" rel=\"noreferrer noopener\">Espanha<\/a>&nbsp;da&nbsp;F1&nbsp;no Brasil, na \u00c1frica e em&nbsp;<a href=\"https:\/\/grandepremio.pt\/\" target=\"_blank\" rel=\"noreferrer noopener\">Portugal<\/a><\/strong><\/p>\n\n\n\n<figure class=\"wp-block-table\"><table class=\"has-fixed-layout\"><tbody><tr><td>Brasil<\/td><td>BandSports (treinos livres), Band (classifica\u00e7\u00e3o e corrida) e F1TV<\/td><\/tr><tr><td>\u00c1frica<\/td><td>DStv (Supersport) e F1TV<\/td><\/tr><tr><td>Portugal<\/td><td>DAZN e F1TV<\/td><\/tr><\/tbody><\/table><\/figure>\n\n\n\n<figure class=\"wp-block-embed is-type-video is-provider-youtube wp-block-embed-youtube wp-embed-aspect-16-9 wp-has-aspect-ratio\"><div class=\"wp-block-embed__wrapper\">\n<iframe loading=\"lazy\" title=\"NORRIS VENCE &amp;apos;ANTICORRIDA&amp;apos; DA F1 EM M\u00d4NACO E PALOU BRILHA NA INDY 500 | Paddock GP #417\" width=\"500\" height=\"281\" src=\"https:\/\/www.youtube.com\/embed\/buxILq93bWQ?feature=oembed\" frameborder=\"0\" allow=\"accelerometer; autoplay; clipboard-write; encrypted-media; gyroscope; picture-in-picture; web-share\" referrerpolicy=\"strict-origin-when-cross-origin\" allowfullscreen><\/iframe>\n<\/div><\/figure>\n","protected":false},"excerpt":{"rendered":"<p>Max Verstappen ainda v\u00ea a Red Bull um passo atr\u00e1s da McLaren, mas disse que \u00e9 importante ser constante ao longo do ano para sonhar em brigar pelo t\u00edtulo<\/p>\n","protected":false},"author":0,"featured_media":1000970972,"comment_status":"closed","ping_status":"closed","sticky":false,"template":"","format":"standard","meta":{"42wp_featured_image_caption":"","42wp_featured_image_credits":"","42wp_featured_video":"","42wp_featured_image_hidden":false,"42wp_authors_list":[],"footnotes":""},"categories":[2],"tags":[147,3630,3628,1491,28285,547,203,90,4928,2916,204,9685,27383,37936],"42wp_author":[47149],"class_list":["post-22034","post","type-post","status-publish","format-standard","has-post-thumbnail","hentry","category-f1","tag-f1","tag-f1-2025","tag-formula-1-2025","tag-grande-premio","tag-grandepremio","tag-lando-norris","tag-max-verstappen","tag-mclaren","tag-mclaren-f1","tag-oscar-piastri","tag-red-bull","tag-verstappen","tag-verstappen-f1","tag-verstappen-formula-1","42wp_author-bernardo-castro"],"_links":{"self":[{"href":"https:\/\/grandepremio.com\/br\/wp-json\/wp\/v2\/posts\/22034","targetHints":{"allow":["GET"]}}],"collection":[{"href":"https:\/\/grandepremio.com\/br\/wp-json\/wp\/v2\/posts"}],"about":[{"href":"https:\/\/grandepremio.com\/br\/wp-json\/wp\/v2\/types\/post"}],"replies":[{"embeddable":true,"href":"https:\/\/grandepremio.com\/br\/wp-json\/wp\/v2\/comments?post=22034"}],"version-history":[{"count":0,"href":"https:\/\/grandepremio.com\/br\/wp-json\/wp\/v2\/posts\/22034\/revisions"}],"wp:featuredmedia":[{"embeddable":true,"href":"https:\/\/grandepremio.com\/br\/wp-json\/wp\/v2\/media\/1000970972"}],"wp:attachment":[{"href":"https:\/\/grandepremio.com\/br\/wp-json\/wp\/v2\/media?parent=22034"}],"wp:term":[{"taxonomy":"category","embeddable":true,"href":"https:\/\/grandepremio.com\/br\/wp-json\/wp\/v2\/categories?post=22034"},{"taxonomy":"post_tag","embeddable":true,"href":"https:\/\/grandepremio.com\/br\/wp-json\/wp\/v2\/tags?post=22034"},{"taxonomy":"42wp_author","embeddable":true,"href":"https:\/\/grandepremio.com\/br\/wp-json\/wp\/v2\/42wp_author?post=22034"}],"curies":[{"name":"wp","href":"https:\/\/api.w.org\/{rel}","templated":true}]}}