{"id":22100,"date":"2025-05-26T13:29:19","date_gmt":"2025-05-26T16:29:19","guid":{"rendered":"https:\/\/grandepremio.com\/br\/noticias\/rafael-camara-contem-danos-sprint-monaco-sustenta-lideranca-classificacao-f3\/"},"modified":"2025-05-26T14:59:15","modified_gmt":"2025-05-26T17:59:15","slug":"rafael-camara-contem-danos-sprint-monaco-sustenta-lideranca-classificacao-f3","status":"publish","type":"post","link":"https:\/\/grandepremio.com\/br\/f3\/rafael-camara-contem-danos-sprint-monaco-sustenta-lideranca-classificacao-f3\/","title":{"rendered":"C\u00e2mara cont\u00e9m danos em sprint de M\u00f4naco e sustenta lideran\u00e7a: confira classifica\u00e7\u00e3o da F3"},"content":{"rendered":"\n<p class=\"wp-block-paragraph\">Mesmo com a perda de tr\u00eas posi\u00e7\u00f5es nas duas corridas da <strong>rodada de M\u00f4naco<\/strong>, <strong>Rafael C\u00e2mara<\/strong> conseguiu conter os danos para deixar a etapa ainda na lideran\u00e7a da <strong>F\u00f3rmula 3 2025<\/strong>. O brasileiro pontuou apenas na sprint, em s\u00e9timo, mas contou com o trope\u00e7o do ent\u00e3o vice-l\u00edder, <strong>Noah Str\u00f8msted<\/strong>, que tamb\u00e9m teve problemas e n\u00e3o marcou pontos.<\/p>\n\n\n\n<p class=\"wp-block-paragraph\">Com os 4 tentos do s\u00e1bado, C\u00e2mara chegou a 77 pontos. O segundo colocado passou a ser novamente <strong>Tim Tramnitz<\/strong>, que conseguiu pontos importantes nas duas corridas e chegou a 64, uma diferen\u00e7a de 13 na tabela de classifica\u00e7\u00e3o.<\/p>\n\n\n\n<p class=\"wp-block-paragraph\"><strong>Nikola Tsolov<\/strong> saltou de sexto para terceiro com a vit\u00f3ria no domingo (25) e agora tem 61, 16 a menos que Rafael. Ele passou Str\u00f8msted na classifica\u00e7\u00e3o, que agora est\u00e1 25 tentos atr\u00e1s do companheiro de Trident. <strong>Tuukka Taponen<\/strong>, por sua vez, vem em seguida, apenas 1 ponto atr\u00e1s.<\/p>\n\n\n\n<p class=\"wp-block-paragraph\"><strong>Callum Voisin <\/strong>somou 13 pontos na rodada e chegou a 40. Ele \u00e9 o sexto colocado, com <strong>Roman Bilinski <\/strong>em s\u00e9timo, com 38. <\/p>\n\n\n\n<figure class=\"wp-block-image size-large\"><img decoding=\"async\" src=\"https:\/\/www.grandepremio.com\/br\/wp-content\/uploads\/2025\/05\/Nikola-Tsolov-Monaco-F3-20252-1-1200x786.jpg\" alt=\"\" class=\"wp-image-973756\"\/><figcaption class=\"wp-element-caption\">Nikola Tsolov venceu a corrida de domingo (Foto: F3)<\/figcaption><\/figure>\n\n\n\n<p class=\"wp-block-paragraph\"><strong>Santiago Ramos<\/strong> deixou Monte Carlo zerado e agora tem os mesmos pontos de <strong>Martinius Stenshorne<\/strong>: 35. P\u00f3dio no domingo, <strong>Mari Boya<\/strong> chegou a 32 e fecha o top-10.<\/p>\n\n\n\n<p class=\"wp-block-paragraph\">Entre as equipes, a <strong>Trident <\/strong>s\u00f3 marcou 9 tentos e chegou a 144. A <strong>Campos<\/strong>, por sua vez, saiu de M\u00f4naco com mais 49 e tem 106 no total. <strong>MP <\/strong>(100), <strong>Rodin <\/strong>(89) e <strong>ART <\/strong>(68) v\u00eam na sequ\u00eancia.<\/p>\n\n\n\n<p class=\"wp-block-paragraph\">A<strong>\u00a0F\u00f3rmula <\/strong>3\u00a0volta neste fim de semana, de 30 de maio a 1\u00ba de junho, com a\u00a0<strong>rodada da\u00a0<a href=\"https:\/\/grandepremio.com\/es\/\" target=\"_blank\" rel=\"noreferrer noopener\">Espanha<\/a><\/strong>, a sexta da temporada 2025.<\/p>\n\n\n\n<p class=\"wp-block-paragraph\"><strong>F\u00f3rmula 3 2025, classifica\u00e7\u00e3o ap\u00f3s rodada de M\u00f4naco:<\/strong><\/p>\n\n\n\n<figure class=\"wp-block-table\"><table class=\"has-fixed-layout\"><tbody><tr><td>&nbsp;<\/td><td><strong>&nbsp;<\/strong><\/td><td><strong>&nbsp;<\/strong><\/td><td>Poles<\/td><td>Vit\u00f3rias<\/td><td>Pontos<\/td><\/tr><tr><td><strong>1<\/strong><\/td><td>R C\u00c2MARA<\/td><td>Trident<\/td><td>1<\/td><td>2<\/td><td>77<\/td><\/tr><tr><td><strong>2<\/strong><\/td><td>T TRAMNITZ<\/td><td>MP<\/td><td>0<\/td><td>1<\/td><td>64<\/td><\/tr><tr><td><strong>3<\/strong><\/td><td>N TSOLOV<\/td><td>Campos<\/td><td>1<\/td><td>2<\/td><td>61<\/td><\/tr><tr><td><strong>4<\/strong><\/td><td>N STR\u00d8MSTED<\/td><td>Trident<\/td><td>0<\/td><td>0<\/td><td>52<\/td><\/tr><tr><td><strong>5<\/strong><\/td><td>T TAPONEN<\/td><td>ART<\/td><td>0<\/td><td>0<\/td><td>51<\/td><\/tr><tr><td><strong>6<\/strong><\/td><td>C VOISIN<\/td><td>Rodin<\/td><td>0<\/td><td>0<\/td><td>40<\/td><\/tr><tr><td><strong>7<\/strong><\/td><td>R BILINSKI<\/td><td>Rodin<\/td><td>0<\/td><td>0<\/td><td>38<\/td><\/tr><tr><td><strong>8<\/strong><\/td><td>S RAMOS<\/td><td>Van Amersfoort<\/td><td>0<\/td><td>2<\/td><td>35<\/td><\/tr><tr><td><strong>9<\/strong><\/td><td>M STENSHORNE<\/td><td>Hitech<\/td><td>1<\/td><td>0<\/td><td>35<\/td><\/tr><tr><td><strong>10<\/strong><\/td><td>M BOYA<\/td><td>Campos<\/td><td>0<\/td><td>0<\/td><td>32<\/td><\/tr><tr><td><strong>11<\/strong><\/td><td>A GIUSTI<\/td><td>MP<\/td><td>0<\/td><td>0<\/td><td>25<\/td><\/tr><tr><td><strong>12<\/strong><\/td><td>T NA\u00cbL<\/td><td>Van Amersfoort<\/td><td>0<\/td><td>0<\/td><td>19<\/td><\/tr><tr><td><strong>13<\/strong><\/td><td>N BEDRIN<\/td><td>AIX<\/td><td>0<\/td><td>0<\/td><td>17<\/td><\/tr><tr><td><strong>14<\/strong><\/td><td>L VAN HOEPEN<\/td><td>ART<\/td><td>0<\/td><td>0<\/td><td>17<\/td><\/tr><tr><td><strong>15<\/strong><\/td><td>C WURZ<\/td><td>Trident<\/td><td>0<\/td><td>0<\/td><td>15<\/td><\/tr><tr><td><strong>16<\/strong><\/td><td>T INTHRAPHUVASAK<\/td><td>Campos<\/td><td>0<\/td><td>0<\/td><td>13<\/td><\/tr><tr><td><strong>17<\/strong><\/td><td>B DEL PINO<\/td><td>MP<\/td><td>0<\/td><td>0<\/td><td>11<\/td><\/tr><tr><td><strong>18<\/strong><\/td><td>L SHARP<\/td><td>Rodin<\/td><td>0<\/td><td>0<\/td><td>11<\/td><\/tr><tr><td><strong>19<\/strong><\/td><td>F SLATER<\/td><td>AIX<\/td><td>0<\/td><td>0<\/td><td>10<\/td><\/tr><tr><td><strong>20<\/strong><\/td><td>M ZAGAZETA<\/td><td>DAMS<\/td><td>0<\/td><td>0<\/td><td>6<\/td><\/tr><tr><td><strong>21<\/strong><\/td><td>U UGOCHUKWU<\/td><td>Prema<\/td><td>0<\/td><td>0<\/td><td>4<\/td><\/tr><tr><td><strong>22<\/strong><\/td><td>C HO<\/td><td>DAMS<\/td><td>0<\/td><td>0<\/td><td>4<\/td><\/tr><tr><td><strong>23<\/strong><\/td><td>N LE\u00d3N<\/td><td>Prema<\/td><td>0<\/td><td>0<\/td><td>3<\/td><\/tr><tr><td><strong>24<\/strong><\/td><td>B BADOER<\/td><td>Prema<\/td><td>0<\/td><td>0<\/td><td>0<\/td><\/tr><tr><td><strong>25<\/strong><\/td><td>J SAGRERA<\/td><td>AIX<\/td><td>0<\/td><td>0<\/td><td>0<\/td><\/tr><tr><td><strong>26<\/strong><\/td><td>N MARINAGELI<\/td><td>AIX<\/td><td>0<\/td><td>0<\/td><td>0<\/td><\/tr><tr><td><strong>27<\/strong><\/td><td>N LACORTE<\/td><td>DAMS<\/td><td>0<\/td><td>0<\/td><td>0<\/td><\/tr><tr><td><strong>28<\/strong><\/td><td>J DUFEK<\/td><td>Hitech<\/td><td>0<\/td><td>0<\/td><td>0<\/td><\/tr><tr><td><strong>29<\/strong><\/td><td>G XIE<\/td><td>Hitech<\/td><td>0<\/td><td>0<\/td><td>0<\/td><\/tr><tr><td><strong>30<\/strong><\/td><td>I DOMINGUES<\/td><td>Van Amersfoort<\/td><td>0<\/td><td>0<\/td><td>0<\/td><\/tr><tr><td><strong>31<\/strong><\/td><td>J WHARTON<\/td><td>ART<\/td><td>0<\/td><td>0<\/td><td>0<\/td><\/tr><\/tbody><\/table><\/figure>\n","protected":false},"excerpt":{"rendered":"<p>Rafael C\u00e2mara conseguiu um importante s\u00e9timo lugar na sprint de M\u00f4naco. Ele agora tem 77 pontos contra 64 de Tim Tramnitz, que voltou \u00e0 vice-lideran\u00e7a da F3<\/p>\n","protected":false},"author":0,"featured_media":1000973755,"comment_status":"closed","ping_status":"closed","sticky":false,"template":"","format":"standard","meta":{"42wp_featured_image_caption":"","42wp_featured_image_credits":"","42wp_featured_video":"","42wp_featured_image_hidden":false,"42wp_authors_list":[],"footnotes":""},"categories":[10],"tags":[29655,31948,1008,40508,8057,40507,1491,28285,35181,2140,43679,764,43680,35651,27860,39606,40740],"42wp_author":[47147],"class_list":["post-22100","post","type-post","status-publish","format-standard","has-post-thumbnail","hentry","category-f3","tag-calendario-f3","tag-classificacao-f3","tag-f3","tag-f3-2025","tag-formula-3","tag-formula-3-2025","tag-grande-premio","tag-grandepremio","tag-horarios-f3","tag-monaco","tag-monaco-2025","tag-monte-carlo","tag-monte-carlo-2025","tag-onde-assistir-f3","tag-rafael-camara","tag-rodada-de-monaco","tag-temporada-2025-f3","42wp_author-luana-marino"],"_links":{"self":[{"href":"https:\/\/grandepremio.com\/br\/wp-json\/wp\/v2\/posts\/22100","targetHints":{"allow":["GET"]}}],"collection":[{"href":"https:\/\/grandepremio.com\/br\/wp-json\/wp\/v2\/posts"}],"about":[{"href":"https:\/\/grandepremio.com\/br\/wp-json\/wp\/v2\/types\/post"}],"replies":[{"embeddable":true,"href":"https:\/\/grandepremio.com\/br\/wp-json\/wp\/v2\/comments?post=22100"}],"version-history":[{"count":0,"href":"https:\/\/grandepremio.com\/br\/wp-json\/wp\/v2\/posts\/22100\/revisions"}],"wp:featuredmedia":[{"embeddable":true,"href":"https:\/\/grandepremio.com\/br\/wp-json\/wp\/v2\/media\/1000973755"}],"wp:attachment":[{"href":"https:\/\/grandepremio.com\/br\/wp-json\/wp\/v2\/media?parent=22100"}],"wp:term":[{"taxonomy":"category","embeddable":true,"href":"https:\/\/grandepremio.com\/br\/wp-json\/wp\/v2\/categories?post=22100"},{"taxonomy":"post_tag","embeddable":true,"href":"https:\/\/grandepremio.com\/br\/wp-json\/wp\/v2\/tags?post=22100"},{"taxonomy":"42wp_author","embeddable":true,"href":"https:\/\/grandepremio.com\/br\/wp-json\/wp\/v2\/42wp_author?post=22100"}],"curies":[{"name":"wp","href":"https:\/\/api.w.org\/{rel}","templated":true}]}}