{"id":22204,"date":"2025-05-24T19:57:53","date_gmt":"2025-05-24T22:57:53","guid":{"rendered":"https:\/\/grandepremio.com\/br\/noticias\/kean-nakamura-berta-vence-corridas-1-e-2-f4-italiana-vallelunga-gabriel-gomez-vai-podio\/"},"modified":"2025-05-24T20:28:28","modified_gmt":"2025-05-24T23:28:28","slug":"kean-nakamura-berta-vence-corridas-1-e-2-f4-italiana-vallelunga-gabriel-gomez-vai-podio","status":"publish","type":"post","link":"https:\/\/grandepremio.com\/br\/f4\/kean-nakamura-berta-vence-corridas-1-e-2-f4-italiana-vallelunga-gabriel-gomez-vai-podio\/","title":{"rendered":"Nakamura-Berta vence corridas 1 e 2 da F4 Italiana em Vallelunga. Gomez vai ao p\u00f3dio"},"content":{"rendered":"\n<p class=\"wp-block-paragraph\"><strong>David Cosma Cristofor<\/strong> pode at\u00e9 ter conquistado a pole-position da etapa da <strong>F4 Italiana<\/strong> em <strong>Vallelunga<\/strong>, mas quem dominou o s\u00e1bado (24) de atividades mesmo foi <strong>Kean Nakamura-Berta<\/strong>. Com uma quantidade enorme de inscritos na competi\u00e7\u00e3o, a categoria de base separou os pilotos em tr\u00eas grupos diferentes ap\u00f3s a classifica\u00e7\u00e3o, com cada um deles competindo contra os outros dois em baterias separadas.<\/p>\n\n\n\n<p class=\"wp-block-paragraph\">A corrida 1, ent\u00e3o, determinou um duelo entre os grupos B e C. O in\u00edcio da prova ficou marcado por uma disputa entre <strong>Tomass Stolcermanis<\/strong> e <strong>Luka Sammalisto<\/strong>, que brigaram pela segunda posi\u00e7\u00e3o, com o jovem da Prema levando a melhor e mantendo-se no posto at\u00e9 fim \u2014 cruzando a linha de chegada apenas 0s430 atr\u00e1s de Nakamura-Berta, que ficou longe de problemas ao longo das 15 voltas.<\/p>\n\n\n\n<p class=\"wp-block-paragraph\">Sammalisto, por sua vez, tinha tudo para conseguir um lugar no p\u00f3dio, mas acabou colocando um dos pneus na grama e perdeu um tempo valioso, abrindo a porta para o brasileiro <strong>Gabriel Gomez<\/strong>, que aproveitou a oportunidade e completou o top-3. <strong>Maxim Rehm<\/strong>, <strong>Salim Hanna Hernandez<\/strong>, <strong>Artem Severiukhin<\/strong>, <strong>Marcus Saeter<\/strong>, <strong>Enea Frey<\/strong>, <strong>Newman Chi<\/strong> e <strong>Kirill Kutskov<\/strong> fecharam a lista dos dez primeiros.<\/p>\n\n\n\n<p class=\"wp-block-paragraph\">Na corrida 2, que marcou uma batalha entre os grupos A e B, Cristofor largou mal e viu Nakamura-Berta assumir a primeira posi\u00e7\u00e3o logo de cara. <strong>Sebastian Wheldon<\/strong>, <strong>Emanuele Olivieri<\/strong> e Gomez tamb\u00e9m aproveitaram o vacilo do rival e escalaram uma posi\u00e7\u00e3o no grid.<\/p>\n\n\n\n<figure class=\"wp-block-image size-large\"><img decoding=\"async\" src=\"https:\/\/www.grandepremio.com\/br\/wp-content\/uploads\/2025\/05\/nakamura-berta-2-1200x800.jpg\" alt=\"\" class=\"wp-image-972847\"\/><figcaption class=\"wp-element-caption\">Kean Nakamura-Berta dominou o s\u00e1bado em Vallelunga (Foto: F4 Italiana)<\/figcaption><\/figure>\n\n\n\n<p class=\"wp-block-paragraph\">\u25b6\ufe0f <strong>Inscreva-se nos dois canais do GRANDE PR\u00caMIO no YouTube:&nbsp;<a href=\"https:\/\/www.youtube.com\/channel\/UC9OlHEgxoaY6QY6nWPoiqQg?sub_confirmation=1\" target=\"_blank\" rel=\"noreferrer noopener\">GP<\/a>&nbsp;|&nbsp;<a href=\"https:\/\/www.youtube.com\/channel\/UC9csiS6q_C3C0FYhyr1rnFA?sub_confirmation=1\" target=\"_blank\" rel=\"noreferrer noopener\">GP2<\/a><\/strong><br>\u25b6\ufe0f <strong>OU\u00c7A AGORA:&nbsp;<a href=\"https:\/\/www.grandepremio.com\/br\/f1\/noticias\/gp-de-monaco-da-formula-1-ame-o-ou-deixe-o-paddockast-193\/\">GP de&nbsp;<\/a><a href=\"https:\/\/www.grandepremio.com\/br\/circuito\/monaco\/\" target=\"_blank\" rel=\"noreferrer noopener\">M\u00f4naco<\/a><a href=\"https:\/\/www.grandepremio.com\/br\/f1\/noticias\/gp-de-monaco-da-formula-1-ame-o-ou-deixe-o-paddockast-193\/\">&nbsp;da F1: ame-o ou deixe-o | Paddockast #193<\/a><\/strong><\/p>\n\n\n\n<p class=\"wp-block-paragraph\">O safety-car teve de ser acionado logo na primeira volta, j\u00e1 que <strong>David Walther<\/strong> acabou sofrendo um incidente na curva 2. Na relargada, Nakamura-Berta conseguiu se manter na lideran\u00e7a e abriu 0s6 de vantagem sobre o segundo colocado, mas a vida do japon\u00eas ainda viria a ficar complicada, j\u00e1 que Wheldon apertou o ritmo e se aproximou muito nas voltas seguintes.<\/p>\n\n\n\n<p class=\"wp-block-paragraph\">Nas voltas restantes, o piloto da Prema mostrou um espet\u00e1culo de manobras defensivas para se manter na primeira posi\u00e7\u00e3o e recebeu a bandeira quadriculada apenas 0s667 \u00e0 frente de Sebastian. Gabriel mais uma vez conseguiu chegar ao p\u00f3dio, em terceiro, com Stolcermanis e Olivieri completando o top-5.<\/p>\n\n\n\n<p class=\"wp-block-paragraph\">A corrida 3 da\u00a0<strong>F4 Italiana<\/strong>\u00a0em\u00a0<strong>Vallelunga<\/strong> acontece neste domingo (25).<\/p>\n","protected":false},"excerpt":{"rendered":"<p>Kean Nakamura-Berta mostrou superioridade mais uma vez na F4 Italiana e dominou completamente o s\u00e1bado (24) em Vallelunga. O brasileiro Gabriel Gomez foi ao p\u00f3dio nas duas corridas do dia<\/p>\n","protected":false},"author":0,"featured_media":1000972846,"comment_status":"closed","ping_status":"closed","sticky":false,"template":"","format":"standard","meta":{"42wp_featured_image_caption":"","42wp_featured_image_credits":"","42wp_featured_video":"","42wp_featured_image_hidden":false,"42wp_authors_list":[],"footnotes":""},"categories":[47],"tags":[36237,36235,348,43121,702,5304,43122,1491,28285,36236,43123,5229],"42wp_author":[47160],"class_list":["post-22204","post","type-post","status-publish","format-standard","has-post-thumbnail","hentry","category-f4","tag-calendario-f4","tag-classificacao-f4","tag-f4","tag-f4-2025","tag-f4-italiana","tag-formula-4","tag-formula-4-2025","tag-grande-premio","tag-grandepremio","tag-horarios-f4","tag-temporada-2025-f4","tag-vallelunga","42wp_author-vicente-soella"],"_links":{"self":[{"href":"https:\/\/grandepremio.com\/br\/wp-json\/wp\/v2\/posts\/22204","targetHints":{"allow":["GET"]}}],"collection":[{"href":"https:\/\/grandepremio.com\/br\/wp-json\/wp\/v2\/posts"}],"about":[{"href":"https:\/\/grandepremio.com\/br\/wp-json\/wp\/v2\/types\/post"}],"replies":[{"embeddable":true,"href":"https:\/\/grandepremio.com\/br\/wp-json\/wp\/v2\/comments?post=22204"}],"version-history":[{"count":0,"href":"https:\/\/grandepremio.com\/br\/wp-json\/wp\/v2\/posts\/22204\/revisions"}],"wp:featuredmedia":[{"embeddable":true,"href":"https:\/\/grandepremio.com\/br\/wp-json\/wp\/v2\/media\/1000972846"}],"wp:attachment":[{"href":"https:\/\/grandepremio.com\/br\/wp-json\/wp\/v2\/media?parent=22204"}],"wp:term":[{"taxonomy":"category","embeddable":true,"href":"https:\/\/grandepremio.com\/br\/wp-json\/wp\/v2\/categories?post=22204"},{"taxonomy":"post_tag","embeddable":true,"href":"https:\/\/grandepremio.com\/br\/wp-json\/wp\/v2\/tags?post=22204"},{"taxonomy":"42wp_author","embeddable":true,"href":"https:\/\/grandepremio.com\/br\/wp-json\/wp\/v2\/42wp_author?post=22204"}],"curies":[{"name":"wp","href":"https:\/\/api.w.org\/{rel}","templated":true}]}}