{"id":22280,"date":"2025-05-23T16:49:28","date_gmt":"2025-05-23T19:49:28","guid":{"rendered":"https:\/\/grandepremio.com\/br\/noticias\/credencial-mao-pit-walk-sexta-feira-cobertura-gp-monaco-f1\/"},"modified":"2025-05-23T16:50:12","modified_gmt":"2025-05-23T19:50:12","slug":"credencial-mao-pit-walk-sexta-feira-cobertura-gp-monaco-f1","status":"publish","type":"post","link":"https:\/\/grandepremio.com\/br\/f1\/credencial-mao-pit-walk-sexta-feira-cobertura-gp-monaco-f1\/","title":{"rendered":"Credencial na m\u00e3o e pit-walk: a sexta-feira de cobertura do GP de M\u00f4naco"},"content":{"rendered":"\n<p class=\"wp-block-paragraph\">As coisas finalmente come\u00e7aram a caminhar de forma positiva na cobertura do<strong> GP de M\u00f4naco<\/strong> de <strong>F\u00f3rmula 1<\/strong>. Depois dos in\u00fameros<a href=\"https:\/\/www.grandepremio.com\/br\/f1\/noticias\/problema-repete-62-jornalistas-sem-acesso-paddock-quase-nao-cobertura-1o-dia-monaco\/\"> problemas com o credenciamento de 62 jornalistas<\/a>, a <strong>Federa\u00e7\u00e3o Internacional de Automobilismo (FIA)<\/strong> solucionou o caso \u2014 embora ainda tenha levado algum tempo para isso.<\/p>\n\n\n\n<p class=\"wp-block-paragraph\">No final da quinta-feira (22), ap\u00f3s os transtornos, a <strong>FIA <\/strong>enviou um e-mail para todos os jornalistas prejudicados se desculpando pelo ocorrido e garantiu que todas as credenciais estariam dispon\u00edveis a partir das 9h em M\u00f4naco (4h de Bras\u00edlia, GMT-3). Assim, sa\u00ed cedo de <strong>Nice <\/strong>e fui direto para o local indicado para retirar a credencial. E para a surpresa de absolutamente ningu\u00e9m, o processo atrasou.<\/p>\n\n\n\n<p class=\"wp-block-paragraph\">Se levarmos em considera\u00e7\u00e3o apenas a sexta-feira, e esquecer o que aconteceu na quinta, o atraso n\u00e3o foi dos maiores. Foram apenas 45 minutos. Levou algum tempo at\u00e9 retirar a credencial e fazer o trajeto at\u00e9 a pista: chegamos na sala de imprensa por volta das 11h. Com algum tempo livre antes do come\u00e7o do primeiro treino livre da<strong> F\u00f3rmula 1<\/strong>, aproveitamos para conhecer o paddock de <strong>M\u00f4naco <\/strong>e saber onde as equipes est\u00e3o instaladas.<\/p>\n\n\n\n<p class=\"wp-block-paragraph\">O bom de M\u00f4naco, para os jornalistas, \u00e9 que o paddock \u00e9 pequeno e as equipes ficam muito pr\u00f3ximas umas das outras. E a sala de imprensa tamb\u00e9m \u00e9 pertinho de onde os times ficam instalados. Assim, n\u00e3o \u00e9 necess\u00e1rio se deslocar muito, principalmente durante o dia de coletivas, que acontece \u00e0s quintas-feiras. Teria sido \u00f3timo essa proximidade, pena que no dia ainda n\u00e3o estava com a credencial.<\/p>\n\n\n\n<figure class=\"wp-block-image size-large\"><img decoding=\"async\" src=\"https:\/\/www.grandepremio.com\/br\/wp-content\/uploads\/2025\/05\/Pit-lane-GP-de-Monaco-2025-Foto-Bernardo-Castro-GRANDE-PREMIO-900x1200.jpeg\" alt=\"\" class=\"wp-image-971864\"\/><figcaption class=\"wp-element-caption\">Um pouco da experi\u00eancia do pit-walk em M\u00f4naco (Foto: Bernardo Castro\/GRANDE PR\u00caMIO)<\/figcaption><\/figure>\n\n\n\n<p class=\"wp-block-paragraph\">Outra coisa interessante do fim de semana de cobertura do <strong>GP de M\u00f4naco<\/strong>, e que n\u00e3o tive a oportunidade de fazer em <strong>\u00cdmola<\/strong>, foi a caminhada no pit-lane. Ao longo do fim de semana, entre uma sess\u00e3o e outra, os jornalistas podem passear pelos boxes. E a vista \u00e9 bem interessante, al\u00e9m de poder ver de perto os carros e as equipes trabalhando \u2014 o que por si s\u00f3 j\u00e1 \u00e9 fascinante \u2014 tamb\u00e9m tem uma boa visibilidade de outros pontos da pista, como a <strong>Curva da Piscina<\/strong>, por exemplo.<\/p>\n\n\n\n<p class=\"wp-block-paragraph\">A sexta-feira em <strong>M\u00f4naco <\/strong>ainda foi positiva em termos de entrevistas. Al\u00e9m de ter acompanhado a coletiva com os chefes da <strong>Mercedes<\/strong>, <strong>Williams <\/strong>e<strong> Aston Martin<\/strong>, o <strong>GRANDE PR\u00caMIO<\/strong> fez uma exclusiva com <strong>Joshua D\u00fcrksen<\/strong>, que hoje est\u00e1 na<strong> F\u00f3rmula 2<\/strong>. Nossa conversa n\u00e3o foi t\u00e3o longa, at\u00e9 porque o piloto ainda tinha algumas reuni\u00f5es pendentes com a equipe, mas a impress\u00e3o que ficou \u00e9 de que o paraguaio \u00e9 gente fina.<\/p>\n\n\n\n<p class=\"wp-block-paragraph\"><strong>D\u00fcrksen<\/strong>, que venceu a primeira corrida do ano na <strong>Austr\u00e1lia<\/strong>, falou das expectativas de 2025, o aumento da popularidade do esporte no pa\u00eds com os tamb\u00e9m sul-americanos <strong>Franco Colapinto<\/strong> e <strong>Gabriel Bortoleto<\/strong> na <strong>F\u00f3rmula 1<\/strong> e sobre outros campeonatos que j\u00e1 est\u00e3o no radar caso o sonho de estar na principal categoria do esporte a motor n\u00e3o se concretize.\u00a0 O conte\u00fado entra na programa\u00e7\u00e3o do <strong>GP <\/strong>nos pr\u00f3ximos dias, ent\u00e3o fique ligado.<\/p>\n\n\n\n<p class=\"wp-block-paragraph\">A&nbsp;<strong><a href=\"https:\/\/www.grandepremio.com\/br\/f1\/\" target=\"_blank\" rel=\"noreferrer noopener\"><\/a><a href=\"https:\/\/www.grandepremio.com\/br\/f1\/\" target=\"_blank\" rel=\"noreferrer noopener\">F\u00f3rmula 1<\/a><\/strong>&nbsp;realiza o GP de M\u00f4naco de 23 a 25 de maio, em&nbsp;<strong>Monte Carlo<\/strong>, oitava etapa da temporada 2025. O&nbsp;<strong>GRANDE PR\u00caMIO<\/strong>&nbsp;acompanha todas as atividades&nbsp;<strong><a href=\"https:\/\/www.grandepremio.com\/br\/f1\/ao-vivo\" target=\"_blank\" rel=\"noreferrer noopener\">AO VIVO E EM&nbsp;<\/a><a href=\"https:\/\/www.grandepremio.com\/br\/ao-vivo\/\" target=\"_blank\" rel=\"noreferrer noopener\">TEMPO REAL<\/a><\/strong>, al\u00e9m de classifica\u00e7\u00e3o e corrida em&nbsp;<strong><a href=\"https:\/\/www.youtube.com\/@GrandePremio1\/streams\" target=\"_blank\" rel=\"noreferrer noopener\">SEGUNDA TELA no YouTube<\/a><\/strong>, em parceria com a Voz do Esporte. O&nbsp;<strong>Briefing<\/strong>&nbsp;chega para analisar ap\u00f3s o fim de cada dia de atividades nas redes sociais e na GPTV.<\/p>\n\n\n\n<p class=\"wp-block-paragraph\">Al\u00e9m da cobertura tradicional, o&nbsp;<strong>GRANDE PR\u00caMIO<\/strong>&nbsp;est\u00e1&nbsp;<strong>IN LOCO<\/strong>&nbsp;em&nbsp;<strong><a href=\"https:\/\/www.grandepremio.com\/br\/circuito\/monaco\/\" target=\"_blank\" rel=\"noreferrer noopener\">M\u00f4naco<\/a>&nbsp;<\/strong>para acompanhar todas as emo\u00e7\u00f5es da etapa com os rep\u00f3rteres&nbsp;<strong>Bernardo Castro<\/strong>&nbsp;e&nbsp;<strong>Leonid Kliuev<\/strong>.<\/p>\n\n\n\n<p class=\"wp-block-paragraph\"><strong>GP de&nbsp;<a href=\"https:\/\/www.grandepremio.com\/br\/circuito\/monaco\/\" target=\"_blank\" rel=\"noreferrer noopener\">M\u00f4naco<\/a>&nbsp;de F1: veja os hor\u00e1rios em Brasil, Cabo Verde,&nbsp;<a href=\"https:\/\/grandepremio.pt\/\" target=\"_blank\" rel=\"noreferrer noopener\">Portugal<\/a>, Angola e Mo\u00e7ambique:<\/strong><\/p>\n\n\n\n<figure class=\"wp-block-table\"><table class=\"has-fixed-layout\"><tbody><tr><td><strong>Sess\u00e3o<\/strong><\/td><td><strong>BRA*<\/strong><\/td><td><strong>CBV<\/strong><\/td><td><strong>POR<\/strong><br><strong>ANG<\/strong><\/td><td><strong>MOZ<\/strong><\/td><\/tr><tr><td>Treino livre 3<\/td><td>07:30<\/td><td>09:30<\/td><td>11:30<\/td><td>12:30<\/td><\/tr><tr><td>Classifica\u00e7\u00e3o<\/td><td>11:00<\/td><td>13:00<\/td><td>15:00<\/td><td>16:00<\/td><\/tr><tr><td>Corrida<\/td><td>10:00<\/td><td>12:00<\/td><td>14:00<\/td><td>15:00<\/td><\/tr><\/tbody><\/table><\/figure>\n\n\n\n<p class=\"wp-block-paragraph\"><em>*Hor\u00e1rios em Bras\u00edlia<\/em><\/p>\n\n\n\n<p class=\"wp-block-paragraph\"><strong>\u25b6\ufe0f<\/strong>&nbsp;<strong>Inscreva-se nos dois canais do GRANDE PR\u00caMIO no YouTube:&nbsp;<a href=\"https:\/\/www.youtube.com\/channel\/UC9OlHEgxoaY6QY6nWPoiqQg?sub_confirmation=1\" target=\"_blank\" rel=\"noreferrer noopener\">GP<\/a>&nbsp;|&nbsp;<a href=\"https:\/\/www.youtube.com\/channel\/UC9csiS6q_C3C0FYhyr1rnFA?sub_confirmation=1\" target=\"_blank\" rel=\"noreferrer noopener\">GP2<\/a><\/strong><\/p>\n\n\n\n<figure class=\"wp-block-embed is-type-video is-provider-youtube wp-block-embed-youtube wp-embed-aspect-16-9 wp-has-aspect-ratio\"><div class=\"wp-block-embed__wrapper\">\n<iframe loading=\"lazy\" title=\"LECLERC CHOCA COM DOM\u00cdNIO, VERSTAPPEN SE IRRITA COM BORTOLETO: OS TREINOS DA F1 EM M\u00d4NACO | BRIEFING\" width=\"500\" height=\"281\" src=\"https:\/\/www.youtube.com\/embed\/CBROlJ5yFLE?feature=oembed\" frameborder=\"0\" allow=\"accelerometer; autoplay; clipboard-write; encrypted-media; gyroscope; picture-in-picture; web-share\" referrerpolicy=\"strict-origin-when-cross-origin\" allowfullscreen><\/iframe>\n<\/div><\/figure>\n","protected":false},"excerpt":{"rendered":"<p>No segundo dia de cobertura do GP de M\u00f4naco, a Federa\u00e7\u00e3o Internacional Automobilismo (FIA) voltou a apresentar uma leve demora com as credenciais, mas resolveu o problema. J\u00e1 na pista, o acesso ao pit-lane certamente foi um dos pontos altos do dia<\/p>\n","protected":false},"author":0,"featured_media":1000971687,"comment_status":"closed","ping_status":"closed","sticky":false,"template":"","format":"standard","meta":{"42wp_featured_image_caption":"","42wp_featured_image_credits":"","42wp_featured_video":"","42wp_featured_image_hidden":false,"42wp_authors_list":[],"footnotes":""},"categories":[2],"tags":[20491,309,111,41547,207,2208,5100,1491,28285,119,38631,90,82,2140,4993,38179,204,1197,215],"42wp_author":[47149],"class_list":["post-22280","post","type-post","status-publish","format-standard","has-post-thumbnail","hentry","category-f1","tag-alpine","tag-aston-martin","tag-f2","tag-f2-2025","tag-ferrari","tag-formula-2","tag-gp-de-monaco","tag-grande-premio","tag-grandepremio","tag-haas","tag-joshua-durksen","tag-mclaren","tag-mercedes","tag-monaco","tag-monaco-f1","tag-racing-bulls","tag-red-bull","tag-sauber","tag-williams","42wp_author-bernardo-castro"],"_links":{"self":[{"href":"https:\/\/grandepremio.com\/br\/wp-json\/wp\/v2\/posts\/22280","targetHints":{"allow":["GET"]}}],"collection":[{"href":"https:\/\/grandepremio.com\/br\/wp-json\/wp\/v2\/posts"}],"about":[{"href":"https:\/\/grandepremio.com\/br\/wp-json\/wp\/v2\/types\/post"}],"replies":[{"embeddable":true,"href":"https:\/\/grandepremio.com\/br\/wp-json\/wp\/v2\/comments?post=22280"}],"version-history":[{"count":0,"href":"https:\/\/grandepremio.com\/br\/wp-json\/wp\/v2\/posts\/22280\/revisions"}],"wp:featuredmedia":[{"embeddable":true,"href":"https:\/\/grandepremio.com\/br\/wp-json\/wp\/v2\/media\/1000971687"}],"wp:attachment":[{"href":"https:\/\/grandepremio.com\/br\/wp-json\/wp\/v2\/media?parent=22280"}],"wp:term":[{"taxonomy":"category","embeddable":true,"href":"https:\/\/grandepremio.com\/br\/wp-json\/wp\/v2\/categories?post=22280"},{"taxonomy":"post_tag","embeddable":true,"href":"https:\/\/grandepremio.com\/br\/wp-json\/wp\/v2\/tags?post=22280"},{"taxonomy":"42wp_author","embeddable":true,"href":"https:\/\/grandepremio.com\/br\/wp-json\/wp\/v2\/42wp_author?post=22280"}],"curies":[{"name":"wp","href":"https:\/\/api.w.org\/{rel}","templated":true}]}}