{"id":22419,"date":"2025-05-20T14:46:17","date_gmt":"2025-05-20T17:46:17","guid":{"rendered":"https:\/\/grandepremio.com\/br\/noticias\/dan-ticktum-celebra-1-podio-brinca-com-premio-toquio-achei-que-todos-me-odiavam\/"},"modified":"2025-05-20T17:01:45","modified_gmt":"2025-05-20T20:01:45","slug":"dan-ticktum-celebra-1-podio-brinca-com-premio-toquio-achei-que-todos-me-odiavam","status":"publish","type":"post","link":"https:\/\/grandepremio.com\/br\/formula-e\/dan-ticktum-celebra-1-podio-brinca-com-premio-toquio-achei-que-todos-me-odiavam\/","title":{"rendered":"Ticktum celebra 1\u00aa p\u00f3dio e brinca com pr\u00eamio em T\u00f3quio: &#8220;Achei que todos me odiavam&#8221;"},"content":{"rendered":"\n<p class=\"wp-block-paragraph\"><strong>Dan Ticktum<\/strong> finalmente subiu ao p\u00f3dio na <strong>F\u00f3rmula E<\/strong> e comemorou o feito in\u00e9dito na categoria el\u00e9trica. Ap\u00f3s conquistar um s\u00f3lido<strong> 5\u00ba lugar<\/strong> na <strong>corrida 1<\/strong> do <strong>eP de T\u00f3quio<\/strong>, o piloto da<strong> Cupra Kiro<\/strong> foi ainda mais forte no domingo (18), quando escalou a fase de duelos e disputou a pole-position com <strong>Oliver Rowland<\/strong>, da <strong>Nissan<\/strong>. Na corrida, o ingl\u00eas concluiu a a prova em <strong>3\u00ba<\/strong>, conquistando o primeiro p\u00f3dio na F\u00f3rmula E. De quebra, Ticktum foi eleito <strong>Piloto do Dia<\/strong> pelos f\u00e3s.<\/p>\n\n\n\n<p class=\"wp-block-paragraph\">Ticktum adotou uma estrat\u00e9gia inteligente de economia de energia e chegou a liderar ap\u00f3s ultrapassar Rowland na volta 8. Depois, acabou sendo superado por <strong>Pascal Wehrlein<\/strong> e, mais tarde, por Rowland novamente durante a ativa\u00e7\u00e3o do segundo <strong>Modo Ataque<\/strong>.<\/p>\n\n\n\n<p class=\"wp-block-paragraph\">O momento mais emocionante veio no fim da prova, quando o piloto da Cupra Kiro travou um intenso duelo com <strong>Taylor Barnard<\/strong> pela terceira posi\u00e7\u00e3o. O piloto da <strong>McLaren<\/strong> at\u00e9 chegou a ultrapass\u00e1-lo, mas Ticktum recuperou o posto e cruzou a linha de chegada no p\u00f3dio.<\/p>\n\n\n\n<p class=\"wp-block-paragraph\">&#8220;Sinto que o p\u00f3dio demorou a chegar, mas foi muito bom. J\u00e1 pensei muitas vezes: \u2018Se tiv\u00e9ssemos feito isso ou aquilo, talvez eu tivesse vencido\u2019. Mas hoje foi tudo perfeito. A equipe fez um trabalho impec\u00e1vel. Estou muito feliz&#8221;, celebrou.<\/p>\n\n\n\n<figure class=\"wp-block-image size-full\"><img decoding=\"async\" src=\"https:\/\/www.grandepremio.com\/br\/wp-content\/uploads\/2025\/05\/BA019061_5yOUPOqu_20250518071715-1000x1000-1.jpg\" alt=\"\" class=\"wp-image-970395\"\/><figcaption class=\"wp-element-caption\">Dan Ticktum (Foto: F\u00f3rmula E)<\/figcaption><\/figure>\n\n\n\n<p class=\"wp-block-paragraph\"><strong>\u25b6\ufe0f Inscreva-se nos dois canais do GRANDE PR\u00caMIO no YouTube:\u00a0<a href=\"https:\/\/www.youtube.com\/channel\/UC9OlHEgxoaY6QY6nWPoiqQg?sub_confirmation=1\" target=\"_blank\" rel=\"noreferrer noopener\">GP<\/a>\u00a0|\u00a0<a href=\"https:\/\/www.youtube.com\/channel\/UC9csiS6q_C3C0FYhyr1rnFA?sub_confirmation=1\" target=\"_blank\" rel=\"noreferrer noopener\">GP2<\/a><\/strong><\/p>\n\n\n\n<p class=\"wp-block-paragraph\">Mesmo sem vencer, o piloto garantiu que n\u00e3o ficou frustrado com a chance perdida. \u201cN\u00e3o havia muito mais que eu pudesse ter feito. Precisei liderar por um tempo, o que n\u00e3o \u00e9 o ideal quando se tenta economizar energia. Quando o Wehrlein ativou o Modo Ataque, Rowland ficou entre n\u00f3s. Foram estrat\u00e9gias diferentes, e n\u00e3o foi suficiente para o 1\u00ba ou 2\u00ba lugar&#8221;.<\/p>\n\n\n\n<p class=\"wp-block-paragraph\">Al\u00e9m do p\u00f3dio, Ticktum teve uma surpresa ao ser escolhido pelos f\u00e3s como Piloto do Dia \u2014 um pr\u00eamio simb\u00f3lico, mas significativo para o brit\u00e2nico, que tem uma reputa\u00e7\u00e3o bastante pol\u00eamica no paddock. \u201cPiloto do Dia? Olha, vou te dizer: achei que todo mundo me odiava!\u201d, brincou o piloto. \u201cEnt\u00e3o, talvez n\u00e3o! Estou feliz, isso \u00e9 \u00f3timo. Obrigado a todos que votaram. Agrade\u00e7o de verdade&#8221;, concluiu.<\/p>\n\n\n\n<p class=\"wp-block-paragraph\">A&nbsp;<a href=\"https:\/\/www.grandepremio.com\/br\/formula-e\/\" target=\"_blank\" rel=\"noreferrer noopener\"><\/a><a href=\"https:\/\/www.grandepremio.com\/br\/formula-e\/\" target=\"_blank\" rel=\"noreferrer noopener\">F\u00f3rmula E<\/a>, agora, volta a acelerar entre os dias 31 de maio e 1\u00ba de junho com a rodada dupla do&nbsp;<strong>eP de&nbsp;<a href=\"https:\/\/www.grandepremio.com\/br\/circuito\/xangai\/\" target=\"_blank\" rel=\"noreferrer noopener\">Xangai<\/a><\/strong>, na&nbsp;<strong>China<\/strong>. Emissora oficial no Brasil, o&nbsp;<strong>GRANDE PR\u00caMIO&nbsp;<\/strong>transmite todas as atividades de pista&nbsp;<strong>AO VIVO<\/strong>&nbsp;e&nbsp;<strong>COM IMAGENS<\/strong>.<\/p>\n\n\n\n<p class=\"wp-block-paragraph\"><strong>\u25b6\ufe0f Inscreva-se nos dois canais do GRANDE PR\u00caMIO no YouTube:&nbsp;<a href=\"https:\/\/www.youtube.com\/channel\/UC9OlHEgxoaY6QY6nWPoiqQg?sub_confirmation=1\" target=\"_blank\" rel=\"noreferrer noopener\">GP<\/a>&nbsp;|&nbsp;<a href=\"https:\/\/www.youtube.com\/channel\/UC9csiS6q_C3C0FYhyr1rnFA?sub_confirmation=1\" target=\"_blank\" rel=\"noreferrer noopener\">GP2<\/a><\/strong><\/p>\n\n\n\n<figure class=\"wp-block-embed is-type-video is-provider-youtube wp-block-embed-youtube wp-embed-aspect-16-9 wp-has-aspect-ratio\"><div class=\"wp-block-embed__wrapper\">\n<iframe loading=\"lazy\" title=\"F\u00d3RMULA E 2024\/2025 COM IMAGENS | eP DE T\u00d3QUIO | 9\u00aa ETAPA | CORRIDA 2\" width=\"500\" height=\"281\" src=\"https:\/\/www.youtube.com\/embed\/fWgZpXuL-6Q?feature=oembed\" frameborder=\"0\" allow=\"accelerometer; autoplay; clipboard-write; encrypted-media; gyroscope; picture-in-picture; web-share\" referrerpolicy=\"strict-origin-when-cross-origin\" allowfullscreen><\/iframe>\n<\/div><\/figure>\n","protected":false},"excerpt":{"rendered":"<p>Ap\u00f3s 57 provas, piloto da Cupra Kiro conquistou primeiro p\u00f3dio na F\u00f3rmula E e levou pr\u00eamio de Piloto do Dia no eP de T\u00f3quio 2<\/p>\n","protected":false},"author":0,"featured_media":1000970394,"comment_status":"closed","ping_status":"closed","sticky":false,"template":"","format":"standard","meta":{"42wp_featured_image_caption":"","42wp_featured_image_credits":"","42wp_featured_video":"","42wp_featured_image_hidden":false,"42wp_authors_list":[],"footnotes":""},"categories":[19],"tags":[28679,6853,41812,985,840,38802,1491,28285,35442,24855,36219,41542,32662],"42wp_author":[47161],"class_list":["post-22419","post","type-post","status-publish","format-standard","has-post-thumbnail","hentry","category-formula-e","tag-calendario-formula-e","tag-classificacao-formula-e","tag-cupra-kiro","tag-dan-ticktum","tag-formula-e","tag-formula-e-2025","tag-grande-premio","tag-grandepremio","tag-horarios-formula-e","tag-japao","tag-onde-assistir-formula-e","tag-temporada-2025-da-formula-e","tag-toquio","42wp_author-kaio-esteves"],"_links":{"self":[{"href":"https:\/\/grandepremio.com\/br\/wp-json\/wp\/v2\/posts\/22419","targetHints":{"allow":["GET"]}}],"collection":[{"href":"https:\/\/grandepremio.com\/br\/wp-json\/wp\/v2\/posts"}],"about":[{"href":"https:\/\/grandepremio.com\/br\/wp-json\/wp\/v2\/types\/post"}],"replies":[{"embeddable":true,"href":"https:\/\/grandepremio.com\/br\/wp-json\/wp\/v2\/comments?post=22419"}],"version-history":[{"count":0,"href":"https:\/\/grandepremio.com\/br\/wp-json\/wp\/v2\/posts\/22419\/revisions"}],"wp:featuredmedia":[{"embeddable":true,"href":"https:\/\/grandepremio.com\/br\/wp-json\/wp\/v2\/media\/1000970394"}],"wp:attachment":[{"href":"https:\/\/grandepremio.com\/br\/wp-json\/wp\/v2\/media?parent=22419"}],"wp:term":[{"taxonomy":"category","embeddable":true,"href":"https:\/\/grandepremio.com\/br\/wp-json\/wp\/v2\/categories?post=22419"},{"taxonomy":"post_tag","embeddable":true,"href":"https:\/\/grandepremio.com\/br\/wp-json\/wp\/v2\/tags?post=22419"},{"taxonomy":"42wp_author","embeddable":true,"href":"https:\/\/grandepremio.com\/br\/wp-json\/wp\/v2\/42wp_author?post=22419"}],"curies":[{"name":"wp","href":"https:\/\/api.w.org\/{rel}","templated":true}]}}