{"id":22437,"date":"2025-05-20T09:52:57","date_gmt":"2025-05-20T12:52:57","guid":{"rendered":"https:\/\/grandepremio.com\/br\/noticias\/red-bull-progresso-aponta-exigencia-absoluta-perfeicao-bater-mclaren\/"},"modified":"2025-05-20T10:22:24","modified_gmt":"2025-05-20T13:22:24","slug":"red-bull-progresso-aponta-exigencia-absoluta-perfeicao-bater-mclaren","status":"publish","type":"post","link":"https:\/\/grandepremio.com\/br\/f1\/red-bull-progresso-aponta-exigencia-absoluta-perfeicao-bater-mclaren\/","title":{"rendered":"Red Bull v\u00ea progresso, mas aponta exig\u00eancia de &#8220;absoluta perfei\u00e7\u00e3o&#8221; para bater McLaren"},"content":{"rendered":"\n<p class=\"wp-block-paragraph\"><a href=\"https:\/\/www.grandepremio.com\/br\/f1\/noticias\/max-verstappen-bate-oscar-piastri-largada-magistral-vence-gp-emilia-romanha-gabriel-bortoleto-18o\/\">A vit\u00f3ria contundente <\/a>de <strong>Max Verstappen<\/strong> no <strong>GP da Em\u00edlia-Romanha<\/strong> passou a sensa\u00e7\u00e3o de que as atualiza\u00e7\u00f5es da <strong>Red Bull <\/strong>surtiram o efeito desejado, mas <strong>Helmut Marko <\/strong>conteve qualquer expectativa de uma virada r\u00e1pida de mesa. Na vis\u00e3o do consultor, os taurinos ter\u00e3o de ser &#8220;absolutamente perfeitos&#8221; se quiserem bater a rival papaia na <strong>temporada 2025 <\/strong>da <strong>F\u00f3rmula 1<\/strong>.<\/p>\n\n\n\n<p class=\"wp-block-paragraph\">A Red Bull levou tr\u00eas itens revisados para o fim de semana em \u00cdmola: cobertura do motor, suspens\u00e3o traseira e entradas de ar nas rodas traseiras. As mexidas buscaram otimizar a efici\u00eancia aerodin\u00e2mica do RB21, e, de certa forma, ajudaram Verstappen a mais uma vez brigar pela pole-position e cuidar dos pneus, de modo a bater a <strong>McLaren <\/strong>em ritmo de corrida.<\/p>\n\n\n\n<p class=\"wp-block-paragraph\">Com a vit\u00f3ria e o terceiro lugar de <strong>Oscar Piastri<\/strong>, l\u00edder do campeonato, a dist\u00e2ncia na classifica\u00e7\u00e3o caiu para 22 pontos \u2014 algo que pode ser tirado em uma \u00fanica etapa, dependendo da combina\u00e7\u00e3o de resultados. Por\u00e9m Marko evitou adotar discurso t\u00e3o otimista.<\/p>\n\n\n\n<p class=\"wp-block-paragraph\">\u00c0 emissora austr\u00edaca <em>ORF<\/em>, o consultor afirmou que a vit\u00f3ria de Verstappen mostrou &#8220;que temos de ter um desempenho absolutamente perfeito em cada fim de semana&#8221;, emendando: &#8220;Caso contr\u00e1rio, n\u00e3o teremos chance contra essa McLaren&#8221;, frisou.<\/p>\n\n\n\n<figure class=\"wp-block-image size-large\"><img decoding=\"async\" src=\"https:\/\/www.grandepremio.com\/br\/wp-content\/uploads\/2022\/10\/SI202210280981_hires_jpeg_24bit_rgb-1024x683.jpg\" alt=\"\" class=\"wp-image-628320\"\/><figcaption class=\"wp-element-caption\">Helmut Marko analisou a vit\u00f3ria de Verstappen e as atualiza\u00e7\u00f5es da Red Bull em \u00cdmola (Foto: Mark Thompson\/Getty Images)<\/figcaption><\/figure>\n\n\n\n<p class=\"wp-block-paragraph\">&#8220;Mas acho que j\u00e1 estivemos mais de 40 pontos atr\u00e1s em 2012 e recuperamos essa desvantagem depois das f\u00e9rias de ver\u00e3o&#8221;, pontuou.<\/p>\n\n\n\n<p class=\"wp-block-paragraph\">&#8220;Com rela\u00e7\u00e3o a esses 32 pontos [que Verstappen tinha de dist\u00e2ncia para Piastri antes de \u00cdmola], n\u00e3o est\u00e1vamos t\u00e3o nervosos, mas sab\u00edamos que as novidades colocadas no carro em termos de tecnologia tinham de ser boas. E, felizmente, depois de um ano, finalmente trouxe o progresso que precis\u00e1vamos&#8221;, encerrou Marko.<\/p>\n\n\n\n<p class=\"wp-block-paragraph\">A\u00a0<strong><a href=\"https:\/\/www.grandepremio.com\/br\/f1\/\" target=\"_blank\" rel=\"noreferrer noopener\"><\/a><a href=\"https:\/\/www.grandepremio.com\/br\/f1\/\" target=\"_blank\" rel=\"noreferrer noopener\">F\u00f3rmula 1<\/a><\/strong>\u00a0realiza o GP de M\u00f4naco de 23 a 25 de maio, em\u00a0<strong>Monte Carlo<\/strong>, oitava etapa da temporada 2025. O\u00a0<strong>GRANDE PR\u00caMIO<\/strong>\u00a0acompanha todas as atividades\u00a0<strong><a href=\"https:\/\/www.grandepremio.com\/br\/f1\/ao-vivo\" target=\"_blank\" rel=\"noreferrer noopener\">AO VIVO E EM\u00a0<\/a><a href=\"https:\/\/www.grandepremio.com\/br\/ao-vivo\/\" target=\"_blank\" rel=\"noreferrer noopener\">TEMPO REAL<\/a><\/strong>, al\u00e9m de classifica\u00e7\u00e3o e corrida em\u00a0<strong><a href=\"https:\/\/www.youtube.com\/@GrandePremio1\/streams\" target=\"_blank\" rel=\"noreferrer noopener\">SEGUNDA TELA no YouTube<\/a><\/strong>, em parceria com a Voz do Esporte. O\u00a0<strong>Briefing<\/strong>\u00a0chega para analisar ap\u00f3s o fim de cada dia de atividades nas redes sociais e na GPTV.<\/p>\n\n\n\n<p class=\"wp-block-paragraph\">Al\u00e9m da cobertura tradicional, o\u00a0<strong>GRANDE PR\u00caMIO<\/strong>\u00a0est\u00e1\u00a0<strong>IN LOCO<\/strong>\u00a0em <strong>M\u00f4naco <\/strong>para acompanhar todas as emo\u00e7\u00f5es da etapa com os rep\u00f3rteres\u00a0<strong>Bernardo Castro<\/strong>\u00a0e\u00a0<strong>Leonid Kliuev<\/strong>.<\/p>\n\n\n\n<p class=\"wp-block-paragraph\"><strong>GP de M\u00f4naco de F1: veja os hor\u00e1rios em Brasil, Cabo Verde,\u00a0<a href=\"https:\/\/grandepremio.pt\/\" target=\"_blank\" rel=\"noreferrer noopener\">Portugal<\/a>, Angola e Mo\u00e7ambique<\/strong><\/p>\n\n\n\n<figure class=\"wp-block-table\"><table class=\"has-fixed-layout\"><tbody><tr><td><strong>Data<\/strong><\/td><td><strong>Sess\u00e3o<\/strong><\/td><td><strong>BRA*<\/strong><\/td><td><strong>CBV<\/strong><\/td><td><strong>POR<\/strong><br><strong>ANG<\/strong><\/td><td><strong>MOZ<\/strong><\/td><\/tr><tr><td>23 (sexta-feira)<\/td><td>Treino livre 1<\/td><td>08:30<\/td><td>10:30<\/td><td>12:30<\/td><td>13:30<\/td><\/tr><tr><td>23 (sexta-feira)<\/td><td>Treino livre 2<\/td><td>12:00<\/td><td>14:00<\/td><td>16:00<\/td><td>17:00<\/td><\/tr><tr><td>24 (s\u00e1bado)<\/td><td>Treino livre 3<\/td><td>07:30<\/td><td>09:30<\/td><td>11:30<\/td><td>12:30<\/td><\/tr><tr><td>24 (s\u00e1bado)<\/td><td>Classifica\u00e7\u00e3o<\/td><td>11:00<\/td><td>13:00<\/td><td>15:00<\/td><td>16:00<\/td><\/tr><tr><td>25 (domingo)<\/td><td>Corrida<\/td><td>10:00<\/td><td>12:00<\/td><td>14:00<\/td><td>15:00<\/td><\/tr><\/tbody><\/table><\/figure>\n\n\n\n<p class=\"wp-block-paragraph\"><em>*Hor\u00e1rio de Bras\u00edlia<\/em><\/p>\n\n\n\n<p class=\"wp-block-paragraph\"><strong>\u25b6\ufe0f<\/strong> <strong>Inscreva-se nos dois canais do GRANDE PR\u00caMIO no YouTube:&nbsp;<a href=\"https:\/\/www.youtube.com\/channel\/UC9OlHEgxoaY6QY6nWPoiqQg?sub_confirmation=1\" target=\"_blank\" rel=\"noreferrer noopener\">GP<\/a>&nbsp;|&nbsp;<a href=\"https:\/\/www.youtube.com\/channel\/UC9csiS6q_C3C0FYhyr1rnFA?sub_confirmation=1\" target=\"_blank\" rel=\"noreferrer noopener\">GP2<\/a><\/strong><br>\u25b6\ufe0f <strong>LEIA TAMB\u00c9M:&nbsp;<a href=\"https:\/\/www.grandepremio.com\/br\/f1\/noticias\/fia-emite-diretiva-pneus-antes-imola-suspeita-queda-mclaren\/\">FIA emite diretiva para pneus antes de&nbsp;<\/a><a href=\"https:\/\/www.grandepremio.com\/br\/circuito\/399739\/\" target=\"_blank\" rel=\"noreferrer noopener\">\u00cdmola<\/a>&nbsp;e causa suspeita sobre queda da McLaren<\/strong><\/p>\n\n\n\n<figure class=\"wp-block-embed is-type-video is-provider-youtube wp-block-embed-youtube wp-embed-aspect-16-9 wp-has-aspect-ratio\"><div class=\"wp-block-embed__wrapper\">\n<iframe loading=\"lazy\" title=\"VERSTAPPEN JANTA PIASTRI. HAMILTON D\u00c1 SINAL DE VIDA. SAUBER VACILA COM BORTOLETO | Paddock GP #416\" width=\"500\" height=\"281\" src=\"https:\/\/www.youtube.com\/embed\/zV2WeSgKjRk?feature=oembed\" frameborder=\"0\" allow=\"accelerometer; autoplay; clipboard-write; encrypted-media; gyroscope; picture-in-picture; web-share\" referrerpolicy=\"strict-origin-when-cross-origin\" allowfullscreen><\/iframe>\n<\/div><\/figure>\n","protected":false},"excerpt":{"rendered":"<p>Helmut Marko contou que a Red Bull precisava que as atualiza\u00e7\u00f5es levadas para a Em\u00edlia-Romanha funcionassem, mas ainda \u00e9 preciso mais para virar o jogo contra a McLaren<\/p>\n","protected":false},"author":0,"featured_media":1000969351,"comment_status":"closed","ping_status":"closed","sticky":false,"template":"","format":"standard","meta":{"42wp_featured_image_caption":"","42wp_featured_image_credits":"","42wp_featured_video":"","42wp_featured_image_hidden":false,"42wp_authors_list":[],"footnotes":""},"categories":[2],"tags":[26271,5273,26134,147,3630,180,3628,25606,43617,1491,28285,258,30840,5386,43616,33974,203,90,35129,204,42001],"42wp_author":[47147],"class_list":["post-22437","post","type-post","status-publish","format-standard","has-post-thumbnail","hentry","category-f1","tag-calendario-f1","tag-classificacao-f1","tag-emilia-romanha","tag-f1","tag-f1-2025","tag-formula-1","tag-formula-1-2025","tag-gp-da-emilia-romanha","tag-gp-da-emilia-romanha-f1","tag-grande-premio","tag-grandepremio","tag-helmut-marko","tag-horarios-f1","tag-imola","tag-imola-2025","tag-imola-f1","tag-max-verstappen","tag-mclaren","tag-onde-assistir-f1","tag-red-bull","tag-temporada-2025-f1","42wp_author-luana-marino"],"_links":{"self":[{"href":"https:\/\/grandepremio.com\/br\/wp-json\/wp\/v2\/posts\/22437","targetHints":{"allow":["GET"]}}],"collection":[{"href":"https:\/\/grandepremio.com\/br\/wp-json\/wp\/v2\/posts"}],"about":[{"href":"https:\/\/grandepremio.com\/br\/wp-json\/wp\/v2\/types\/post"}],"replies":[{"embeddable":true,"href":"https:\/\/grandepremio.com\/br\/wp-json\/wp\/v2\/comments?post=22437"}],"version-history":[{"count":0,"href":"https:\/\/grandepremio.com\/br\/wp-json\/wp\/v2\/posts\/22437\/revisions"}],"wp:featuredmedia":[{"embeddable":true,"href":"https:\/\/grandepremio.com\/br\/wp-json\/wp\/v2\/media\/1000969351"}],"wp:attachment":[{"href":"https:\/\/grandepremio.com\/br\/wp-json\/wp\/v2\/media?parent=22437"}],"wp:term":[{"taxonomy":"category","embeddable":true,"href":"https:\/\/grandepremio.com\/br\/wp-json\/wp\/v2\/categories?post=22437"},{"taxonomy":"post_tag","embeddable":true,"href":"https:\/\/grandepremio.com\/br\/wp-json\/wp\/v2\/tags?post=22437"},{"taxonomy":"42wp_author","embeddable":true,"href":"https:\/\/grandepremio.com\/br\/wp-json\/wp\/v2\/42wp_author?post=22437"}],"curies":[{"name":"wp","href":"https:\/\/api.w.org\/{rel}","templated":true}]}}