{"id":22466,"date":"2025-05-19T12:56:14","date_gmt":"2025-05-19T15:56:14","guid":{"rendered":"https:\/\/grandepremio.com\/br\/noticias\/alex-dunne-vence-imola-assume-lideranca-confira-classificacao-formula-2-2025\/"},"modified":"2025-05-20T09:06:58","modified_gmt":"2025-05-20T12:06:58","slug":"alex-dunne-vence-imola-assume-lideranca-confira-classificacao-formula-2-2025","status":"publish","type":"post","link":"https:\/\/grandepremio.com\/br\/f2\/alex-dunne-vence-imola-assume-lideranca-confira-classificacao-formula-2-2025\/","title":{"rendered":"Dunne vence em \u00cdmola e assume lideran\u00e7a: confira classifica\u00e7\u00e3o da F\u00f3rmula 2 2025"},"content":{"rendered":"\n<p class=\"wp-block-paragraph\">Pela segunda vez no ano, <strong>Alex Dunne<\/strong> venceu na <strong>F\u00f3rmula 2<\/strong> e, com isso, assumiu a dianteira do campeonato. Em <strong>\u00cdmola<\/strong>, <a href=\"https:\/\/www.grandepremio.com\/br\/f2\/noticias\/alex-dunne-recupera-atuacao-solida-vence-corrida-2-formula-2-imola-richard-verschoor-9o\/\">triunfou na corrida 2<\/a>, repetindo o feito da rodada do <strong>Bahrein<\/strong>, em abril, e chegou aos 64 pontos somados, colocando-o \u00e0 frente de <strong>Richard Verschoor<\/strong>, que liderava a tabela at\u00e9 a rodada passada, em <strong>Jed\u00e1<\/strong>. <\/p>\n\n\n\n<p class=\"wp-block-paragraph\">O neerland\u00eas, inclusive, perdeu dois postos e caiu para a terceira posi\u00e7\u00e3o ap\u00f3s a rodada da <strong>Em\u00edlia-Romanha<\/strong>. Com 55 pontos, Verschoor tamb\u00e9m est\u00e1 atr\u00e1s de <strong>Luke Browning<\/strong>, que j\u00e1 soma 58 tentos e figura na segunda coloca\u00e7\u00e3o, completando o top-3 de momento. <\/p>\n\n\n\n<p class=\"wp-block-paragraph\"><strong>Leonardo Fornaroli,<\/strong> que tem uma pole, mas ainda n\u00e3o venceu na temporada de estreia na categoria, figura na quarta posi\u00e7\u00e3o, com 52 pontos. <strong>Arvid Lindblad<\/strong> (45), <strong>Pepe Mart\u00ed<\/strong> (41) e <strong>Jak Crawford<\/strong> (38), que venceu a corrida sprint em \u00cdmola, fecham o grupo dos sete primeiros. <\/p>\n\n\n\n<p class=\"wp-block-paragraph\">J\u00e1 <strong>Victor Martins<\/strong>, com 33 pontos, <strong>Dino Beganovic<\/strong>, com 29, e <strong>Oliver Goethe<\/strong>, com 12, encerram o top-10.<\/p>\n\n\n\n<figure class=\"wp-block-image size-full\"><img decoding=\"async\" src=\"https:\/\/www.grandepremio.com\/br\/wp-content\/uploads\/2025\/05\/Alex-Dunne-F2-2025-Emilia-Romanha1-1.jpg\" alt=\"\" class=\"wp-image-969962\"\/><figcaption class=\"wp-element-caption\">Alexander Dunne venceu mais uma na F2 2025 (Foto: F2)<\/figcaption><\/figure>\n\n\n\n<p class=\"wp-block-paragraph\">Entre as equipes, a <strong>Hitech <\/strong>anotou 42 pontos em \u00cdmola e assumiu a lideran\u00e7a, agora com 87, seguida de perto pela <strong>Campos <\/strong>(86), <strong>MP <\/strong>(67), <strong>Rodin <\/strong>(64) e <strong>Invicta<\/strong> (61).<\/p>\n\n\n\n<p class=\"wp-block-paragraph\">A&nbsp;<strong>F\u00f3rmula 2&nbsp;<\/strong>volta j\u00e1 neste fim de semana, com a&nbsp;<strong>rodada de&nbsp;<a href=\"https:\/\/www.grandepremio.com\/br\/circuito\/monaco\/\" target=\"_blank\" rel=\"noreferrer noopener\">M\u00f4naco<\/a><\/strong>, quinta da&nbsp;<strong>temporada 2025<\/strong>. O&nbsp;<strong>GRANDE PR\u00caMIO&nbsp;<\/strong>acompanha todas as atividades&nbsp;<strong>IN LOCO<\/strong>&nbsp;com os rep\u00f3rteres Bernardo Castro e Leonid Kliuev.<\/p>\n\n\n\n<p class=\"wp-block-paragraph\"><strong>F\u00f3rmula 2 2025, classifica\u00e7\u00e3o ap\u00f3s rodada da Em\u00edlia-Romanha:<\/strong><\/p>\n\n\n\n<figure class=\"wp-block-table\"><table class=\"has-fixed-layout\"><tbody><tr><td>&nbsp;<\/td><td>&nbsp;<\/td><td>&nbsp;<\/td><td>&nbsp;<\/td><td>Poles<\/td><td>Vit\u00f3rias<\/td><td>PONTOS<\/td><\/tr><tr><td>1<\/td><td>A DUNNE<\/td><td>&nbsp;<\/td><td>Rodin<\/td><td><strong>0<\/strong><\/td><td><strong>2<\/strong><\/td><td><strong>64<\/strong><\/td><\/tr><tr><td>2<\/td><td>L BROWNING<\/td><td>&nbsp;<\/td><td>Hitech<\/td><td><strong>0<\/strong><\/td><td><strong>0<\/strong><\/td><td><strong>58<\/strong><\/td><\/tr><tr><td>3<\/td><td>R VERSCHOOR<\/td><td>&nbsp;<\/td><td>MP<\/td><td><strong>0<\/strong><\/td><td><strong>1<\/strong><\/td><td><strong>55<\/strong><\/td><\/tr><tr><td>4<\/td><td>L FORNAROLI<\/td><td>&nbsp;<\/td><td>Invicta<\/td><td><strong>1<\/strong><\/td><td><strong>0<\/strong><\/td><td><strong>52<\/strong><\/td><\/tr><tr><td>5<\/td><td>A LINDBLAD<\/td><td>&nbsp;<\/td><td>Campos<\/td><td><strong>0<\/strong><\/td><td><strong>1<\/strong><\/td><td><strong>45<\/strong><\/td><\/tr><tr><td>6<\/td><td>J M MART\u00cd<\/td><td>&nbsp;<\/td><td>Campos<\/td><td><strong>0<\/strong><\/td><td><strong>1<\/strong><\/td><td><strong>41<\/strong><\/td><\/tr><tr><td>7<\/td><td>J CRAWFORD<\/td><td>&nbsp;<\/td><td>DAMS<\/td><td><strong>1<\/strong><\/td><td><strong>1<\/strong><\/td><td><strong>38<\/strong><\/td><\/tr><tr><td>8<\/td><td>V MARTINS<\/td><td>&nbsp;<\/td><td>ART<\/td><td><strong>0<\/strong><\/td><td><strong>0<\/strong><\/td><td><strong>33<\/strong><\/td><\/tr><tr><td>9<\/td><td>D BEGANOVIC<\/td><td>&nbsp;<\/td><td>Hitech<\/td><td><strong>1<\/strong><\/td><td><strong>0<\/strong><\/td><td><strong>29<\/strong><\/td><\/tr><tr><td>10<\/td><td>O GOETHE<\/td><td>&nbsp;<\/td><td>MP<\/td><td><strong>0<\/strong><\/td><td><strong>0<\/strong><\/td><td><strong>12<\/strong><\/td><\/tr><tr><td>11<\/td><td>G MIN\u00cc<\/td><td>&nbsp;<\/td><td>Prema<\/td><td><strong>1<\/strong><\/td><td><strong>0<\/strong><\/td><td><strong>12<\/strong><\/td><\/tr><tr><td>12<\/td><td>J D\u00dcRKSEN<\/td><td>&nbsp;<\/td><td>AIX<\/td><td><strong>0<\/strong><\/td><td><strong>1<\/strong><\/td><td><strong>11<\/strong><\/td><\/tr><tr><td>13<\/td><td>R STAN\u011aK<\/td><td>&nbsp;<\/td><td>Invicta<\/td><td><strong>0<\/strong><\/td><td><strong>0<\/strong><\/td><td><strong>9<\/strong><\/td><\/tr><tr><td>14<\/td><td>S MONTOYA<\/td><td>&nbsp;<\/td><td>Prema<\/td><td><strong>0<\/strong><\/td><td><strong>0<\/strong><\/td><td><strong>7<\/strong><\/td><\/tr><tr><td>15<\/td><td>R MIYATA<\/td><td>&nbsp;<\/td><td>ART<\/td><td><strong>0<\/strong><\/td><td><strong>0<\/strong><\/td><td><strong>3<\/strong><\/td><\/tr><tr><td>16<\/td><td>R VILLAG\u00d3MEZ<\/td><td>&nbsp;<\/td><td>Van Amersfoort<\/td><td><strong>0<\/strong><\/td><td><strong>0<\/strong><\/td><td><strong>3<\/strong><\/td><\/tr><tr><td>17<\/td><td>K MAINI<\/td><td>&nbsp;<\/td><td>DAMS<\/td><td><strong>0<\/strong><\/td><td><strong>0<\/strong><\/td><td><strong>1<\/strong><\/td><\/tr><tr><td>18<\/td><td>S MEGUETOUNIF<\/td><td>&nbsp;<\/td><td>Trident<\/td><td><strong>0<\/strong><\/td><td><strong>0<\/strong><\/td><td><strong>1<\/strong><\/td><\/tr><tr><td>19<\/td><td>J BENNETT<\/td><td>&nbsp;<\/td><td>Van Amersfoort<\/td><td><strong>0<\/strong><\/td><td><strong>0<\/strong><\/td><td><strong>0<\/strong><\/td><\/tr><tr><td>20<\/td><td>A CORDEEL<\/td><td>&nbsp;<\/td><td>Rodin<\/td><td><strong>0<\/strong><\/td><td><strong>0<\/strong><\/td><td><strong>0<\/strong><\/td><\/tr><tr><td>21<\/td><td>C SHIELDS<\/td><td>&nbsp;<\/td><td>AIX<\/td><td><strong>0<\/strong><\/td><td><strong>0<\/strong><\/td><td><strong>0<\/strong><\/td><\/tr><tr><td>22<\/td><td>M ESTERSON<\/td><td>&nbsp;<\/td><td>Trident<\/td><td><strong>0<\/strong><\/td><td><strong>0<\/strong><\/td><td><strong>0<\/strong><\/td><\/tr><\/tbody><\/table><\/figure>\n\n\n\n<p class=\"wp-block-paragraph\">\u25b6\ufe0f <strong>Inscreva-se nos dois canais do GRANDE PR\u00caMIO no YouTube:&nbsp;<a href=\"https:\/\/www.youtube.com\/channel\/UC9OlHEgxoaY6QY6nWPoiqQg?sub_confirmation=1\" target=\"_blank\" rel=\"noreferrer noopener\">GP<\/a>&nbsp;|&nbsp;<a href=\"https:\/\/www.youtube.com\/channel\/UC9csiS6q_C3C0FYhyr1rnFA?sub_confirmation=1\" target=\"_blank\" rel=\"noreferrer noopener\">GP2<\/a><\/strong><br>\u25b6\ufe0f <strong>LEIA TAMB\u00c9M:&nbsp;<a href=\"https:\/\/www.grandepremio.com\/br\/f1\/noticias\/opiniao-gp-max-verstappen-tempero-necessario-disputa-titulo-depende-red-bull\/\">Verstappen \u00e9 tempero necess\u00e1rio, e disputa de t\u00edtulo s\u00f3 depende da Red Bull<\/a><\/strong><\/p>\n\n\n\n<p class=\"wp-block-paragraph\"><\/p>\n","protected":false},"excerpt":{"rendered":"<p>Alex Dunne venceu a segunda no ano, deixou Richard Verschoor para tr\u00e1s e assumiu a lideran\u00e7a da F2. Confira a classifica\u00e7\u00e3o ap\u00f3s a etapa de \u00cdmola<\/p>\n","protected":false},"author":0,"featured_media":1000969958,"comment_status":"closed","ping_status":"closed","sticky":false,"template":"","format":"standard","meta":{"42wp_featured_image_caption":"","42wp_featured_image_credits":"","42wp_featured_video":"","42wp_featured_image_hidden":false,"42wp_authors_list":[],"footnotes":""},"categories":[9],"tags":[31510,29654,30246,26134,111,41547,2208,41881,1491,28285,35029,5386,43616,35030,39539,41882],"42wp_author":[47147],"class_list":["post-22466","post","type-post","status-publish","format-standard","has-post-thumbnail","hentry","category-f2","tag-alexander-dunne","tag-calendario-f2","tag-classificacao-f2","tag-emilia-romanha","tag-f2","tag-f2-2025","tag-formula-2","tag-formula-2-2025","tag-grande-premio","tag-grandepremio","tag-horarios-f2","tag-imola","tag-imola-2025","tag-onde-assistir-f2","tag-rodada-da-emilia-romanha","tag-temporada-2025-f2","42wp_author-luana-marino"],"_links":{"self":[{"href":"https:\/\/grandepremio.com\/br\/wp-json\/wp\/v2\/posts\/22466","targetHints":{"allow":["GET"]}}],"collection":[{"href":"https:\/\/grandepremio.com\/br\/wp-json\/wp\/v2\/posts"}],"about":[{"href":"https:\/\/grandepremio.com\/br\/wp-json\/wp\/v2\/types\/post"}],"replies":[{"embeddable":true,"href":"https:\/\/grandepremio.com\/br\/wp-json\/wp\/v2\/comments?post=22466"}],"version-history":[{"count":0,"href":"https:\/\/grandepremio.com\/br\/wp-json\/wp\/v2\/posts\/22466\/revisions"}],"wp:featuredmedia":[{"embeddable":true,"href":"https:\/\/grandepremio.com\/br\/wp-json\/wp\/v2\/media\/1000969958"}],"wp:attachment":[{"href":"https:\/\/grandepremio.com\/br\/wp-json\/wp\/v2\/media?parent=22466"}],"wp:term":[{"taxonomy":"category","embeddable":true,"href":"https:\/\/grandepremio.com\/br\/wp-json\/wp\/v2\/categories?post=22466"},{"taxonomy":"post_tag","embeddable":true,"href":"https:\/\/grandepremio.com\/br\/wp-json\/wp\/v2\/tags?post=22466"},{"taxonomy":"42wp_author","embeddable":true,"href":"https:\/\/grandepremio.com\/br\/wp-json\/wp\/v2\/42wp_author?post=22466"}],"curies":[{"name":"wp","href":"https:\/\/api.w.org\/{rel}","templated":true}]}}