{"id":22523,"date":"2025-05-18T15:32:24","date_gmt":"2025-05-18T18:32:24","guid":{"rendered":"https:\/\/grandepremio.com\/br\/noticias\/mercedes-liga-alerta-desempenho-preocupante-imola-mais-dificil-ano\/"},"modified":"2025-05-18T16:16:20","modified_gmt":"2025-05-18T19:16:20","slug":"mercedes-liga-alerta-desempenho-preocupante-imola-mais-dificil-ano","status":"publish","type":"post","link":"https:\/\/grandepremio.com\/br\/f1\/mercedes-liga-alerta-desempenho-preocupante-imola-mais-dificil-ano\/","title":{"rendered":"Mercedes liga alerta ap\u00f3s &#8220;desempenho preocupante&#8221; em \u00cdmola: &#8220;Mais dif\u00edcil do ano&#8221;"},"content":{"rendered":"\n<p class=\"wp-block-paragraph\">Dessa vez, a <strong>Mercedes<\/strong> n\u00e3o foi nem a terceira for\u00e7a do grid no <strong>GP da Em\u00edlia-Romanha<\/strong>, <a href=\"https:\/\/www.grandepremio.com\/br\/f1\/noticias\/max-verstappen-bate-oscar-piastri-largada-magistral-vence-gp-emilia-romanha-gabriel-bortoleto-18o\/\">realizado neste domingo (18)<\/a>. O diretor de comunica\u00e7\u00f5es da equipe, <strong>Bradley Lord<\/strong>, explicou que a equipe sofreu bastante com o superaquecimento dos pneus traseiros, e isso acabou bagun\u00e7ando a estrat\u00e9gia de <strong>George Russell<\/strong>. Para completar, uma falha de confiabilidade levou<strong> Andrea Kimi Antonelli <\/strong>ao abandono \u2014 resultado considerado &#8220;abaixo dos padr\u00f5es que estabelecemos como equipe&#8221;.<\/p>\n\n\n\n<p class=\"wp-block-paragraph\">Russell largou em terceiro e at\u00e9 come\u00e7ou a corrida bem, mas o superaquecimento causou um desgaste acentuado dos pneus. Por conta disso, a equipe precisou mudar a t\u00e1tica inicialmente adotada pelo carro #63.<\/p>\n\n\n\n<p class=\"wp-block-paragraph\">&#8220;Esse foi, sem d\u00favida, o GP mais dif\u00edcil da temporada&#8221;, come\u00e7ou Lord, que assumiu o lugar de Toto Wolff nos boxes da Mercedes em \u00cdmola. &#8220;Sair com um s\u00e9timo e um abandono est\u00e1 muito abaixo dos padr\u00f5es que estabelecemos como equipe.&#8221;<\/p>\n\n\n\n<p class=\"wp-block-paragraph\">&#8220;Desde as primeiras voltas, George relatou uma falta de estabilidade traseira e teve dificuldades para manter as temperaturas dos pneus traseiros sob controle, o que levou a um desgaste acelerado. Isso nos obrigou a fazer uma parada antecipada e a adotar uma estrat\u00e9gia de duas paradas&#8221;, explicou.<\/p>\n\n\n\n<figure class=\"wp-block-image size-large\"><img decoding=\"async\" src=\"https:\/\/www.grandepremio.com\/br\/wp-content\/uploads\/2025\/05\/emilia-romanha-2025-f1-corrida-mercedes-kimi-antonelli-afp-01-1200x800.jpg\" alt=\"\" class=\"wp-image-969386\"\/><figcaption class=\"wp-element-caption\">Antonelli abandonou a corrida por um problema no acelerador (Foto: AFP) <\/figcaption><\/figure>\n\n\n\n<p class=\"wp-block-paragraph\">&#8220;Ele fez a segunda parada no safety-car virtual e voltou a brigar pelos pontos quando o safety-car entrou por causa do abandono de Kimi. Ficou claro que permanecer\u00edamos na pista durante esse per\u00edodo, e George lutou muito at\u00e9 a bandeirada \u2014 n\u00e3o conseguiu segurar a Ferrari de Lewis [Hamilton], que estava com pneus mais novos, mas conseguiu manter a posi\u00e7\u00e3o at\u00e9 o final&#8221;, salientou.<\/p>\n\n\n\n<p class=\"wp-block-paragraph\">Com Antonelli, a situa\u00e7\u00e3o foi inversa, e Lord contou que o novato ia bem at\u00e9 o momento em que come\u00e7ou a sofrer com o desgaste do acelerador. Esse problema o levou a abandonar a corrida.<\/p>\n\n\n\n<p class=\"wp-block-paragraph\">&#8220;De modo geral, o quadro de desempenho foi preocupante hoje: embora George tenha se classificado bem, n\u00e3o conseguimos competir com os carros ao nosso redor e sofremos uma limita\u00e7\u00e3o significativa de ritmo devido ao superaquecimento dos pneus no eixo traseiro&#8221;, alertou.<\/p>\n\n\n\n<p class=\"wp-block-paragraph\">&#8220;O foco principal do trabalho nos pr\u00f3ximos dias ser\u00e1 entender por que sofremos tanto e, em seguida, aproveitar ao m\u00e1ximo as oportunidades de recupera\u00e7\u00e3o na pr\u00f3xima semana, em M\u00f4naco&#8221;, encerrou o diretor da Mercedes.<\/p>\n\n\n\n<p class=\"wp-block-paragraph\">A\u00a0<strong><a href=\"https:\/\/www.grandepremio.com\/br\/f1\/\" target=\"_blank\" rel=\"noreferrer noopener\">F\u00f3rmula 1<\/a><\/strong>\u00a0retorna j\u00e1 no pr\u00f3ximo fim de semana, de\u00a0<strong>23 a 25 de maio<\/strong>, com o\u00a0<strong>GP de\u00a0<a href=\"https:\/\/www.grandepremio.com\/br\/circuito\/monaco\/\" target=\"_blank\" rel=\"noreferrer noopener\">M\u00f4naco<\/a><\/strong>.<\/p>\n\n\n\n<p class=\"wp-block-paragraph\"><strong>\u25b6\ufe0f<\/strong> <strong>Inscreva-se nos dois canais do GRANDE PR\u00caMIO no YouTube:\u00a0<a href=\"https:\/\/www.youtube.com\/channel\/UC9OlHEgxoaY6QY6nWPoiqQg?sub_confirmation=1\" target=\"_blank\" rel=\"noreferrer noopener\">GP<\/a>\u00a0|\u00a0<a href=\"https:\/\/www.youtube.com\/channel\/UC9csiS6q_C3C0FYhyr1rnFA?sub_confirmation=1\" target=\"_blank\" rel=\"noreferrer noopener\">GP2<\/a><\/strong><\/p>\n\n\n\n<figure class=\"wp-block-embed is-type-video is-provider-youtube wp-block-embed-youtube wp-embed-aspect-16-9 wp-has-aspect-ratio\"><div class=\"wp-block-embed__wrapper\">\n<iframe loading=\"lazy\" title=\"VERSTAPPEN D\u00c1 PASS\u00c3O EM PIASTRI E VENCE, HAMILTON \u00c9 4\u00ba, BORTOLETO 17\u00ba: A F1 EM \u00cdMOLA | BRIEFING\" width=\"500\" height=\"281\" src=\"https:\/\/www.youtube.com\/embed\/RLaTFsrej8Y?feature=oembed\" frameborder=\"0\" allow=\"accelerometer; autoplay; clipboard-write; encrypted-media; gyroscope; picture-in-picture; web-share\" referrerpolicy=\"strict-origin-when-cross-origin\" allowfullscreen><\/iframe>\n<\/div><\/figure>\n","protected":false},"excerpt":{"rendered":"<p>Diretor de comunica\u00e7\u00e3o da Mercedes, Bradley Lord explicou que George Russell sofreu com o superaquecimento dos pneus traseiros, enquanto Andrea Kimi Antonelli abandonou por desgaste do acelerador<\/p>\n","protected":false},"author":0,"featured_media":1000969371,"comment_status":"closed","ping_status":"closed","sticky":false,"template":"","format":"standard","meta":{"42wp_featured_image_caption":"","42wp_featured_image_credits":"","42wp_featured_video":"","42wp_featured_image_hidden":false,"42wp_authors_list":[],"footnotes":""},"categories":[2],"tags":[36603,26271,5273,26134,43615,39550,147,3630,180,3628,25606,43617,1491,28285,30840,5386,43616,33974,82,35129,42001],"42wp_author":[47147],"class_list":["post-22523","post","type-post","status-publish","format-standard","has-post-thumbnail","hentry","category-f1","tag-bradley-lord","tag-calendario-f1","tag-classificacao-f1","tag-emilia-romanha","tag-emilia-romanha-2025","tag-emilia-romanha-f1","tag-f1","tag-f1-2025","tag-formula-1","tag-formula-1-2025","tag-gp-da-emilia-romanha","tag-gp-da-emilia-romanha-f1","tag-grande-premio","tag-grandepremio","tag-horarios-f1","tag-imola","tag-imola-2025","tag-imola-f1","tag-mercedes","tag-onde-assistir-f1","tag-temporada-2025-f1","42wp_author-luana-marino"],"_links":{"self":[{"href":"https:\/\/grandepremio.com\/br\/wp-json\/wp\/v2\/posts\/22523","targetHints":{"allow":["GET"]}}],"collection":[{"href":"https:\/\/grandepremio.com\/br\/wp-json\/wp\/v2\/posts"}],"about":[{"href":"https:\/\/grandepremio.com\/br\/wp-json\/wp\/v2\/types\/post"}],"replies":[{"embeddable":true,"href":"https:\/\/grandepremio.com\/br\/wp-json\/wp\/v2\/comments?post=22523"}],"version-history":[{"count":0,"href":"https:\/\/grandepremio.com\/br\/wp-json\/wp\/v2\/posts\/22523\/revisions"}],"wp:featuredmedia":[{"embeddable":true,"href":"https:\/\/grandepremio.com\/br\/wp-json\/wp\/v2\/media\/1000969371"}],"wp:attachment":[{"href":"https:\/\/grandepremio.com\/br\/wp-json\/wp\/v2\/media?parent=22523"}],"wp:term":[{"taxonomy":"category","embeddable":true,"href":"https:\/\/grandepremio.com\/br\/wp-json\/wp\/v2\/categories?post=22523"},{"taxonomy":"post_tag","embeddable":true,"href":"https:\/\/grandepremio.com\/br\/wp-json\/wp\/v2\/tags?post=22523"},{"taxonomy":"42wp_author","embeddable":true,"href":"https:\/\/grandepremio.com\/br\/wp-json\/wp\/v2\/42wp_author?post=22523"}],"curies":[{"name":"wp","href":"https:\/\/api.w.org\/{rel}","templated":true}]}}