{"id":22528,"date":"2025-05-18T14:52:41","date_gmt":"2025-05-18T17:52:41","guid":{"rendered":"https:\/\/grandepremio.com\/br\/noticias\/isack-hadjar-discorda-estrategia-racing-bulls-imola-nao-foi-escolha-certa\/"},"modified":"2025-05-19T10:08:30","modified_gmt":"2025-05-19T13:08:30","slug":"isack-hadjar-discorda-estrategia-racing-bulls-imola-nao-foi-escolha-certa","status":"publish","type":"post","link":"https:\/\/grandepremio.com\/br\/f1\/isack-hadjar-discorda-estrategia-racing-bulls-imola-nao-foi-escolha-certa\/","title":{"rendered":"Hadjar discorda de estrat\u00e9gia da Racing Bulls em \u00cdmola: &#8220;N\u00e3o foi a escolha certa&#8221;"},"content":{"rendered":"\n<p class=\"wp-block-paragraph\">Nono colocado no <strong>GP da Em\u00edlia-Romanha<\/strong> <a href=\"https:\/\/www.grandepremio.com\/br\/f1\/noticias\/max-verstappen-bate-oscar-piastri-largada-magistral-vence-gp-emilia-romanha-gabriel-bortoleto-18o\/\">deste domingo (18)<\/a>, s\u00e9tima etapa da temporada 2025 da <strong>F\u00f3rmula 1<\/strong>, <strong>Isack Hadjar<\/strong> n\u00e3o ficou muito satisfeito com a decis\u00e3o da <strong>Racing Bulls<\/strong> de cham\u00e1-lo aos boxes no momento em que o safety-car foi acionado. No fim, ainda que tenha sobrado algumas reclama\u00e7\u00f5es, o franc\u00eas reconheceu que o desempenho da <strong>VCARB 02<\/strong> &#8220;nunca esteve t\u00e3o bom&#8221; quanto em <strong>\u00cdmola<\/strong>.<\/p>\n\n\n\n<p class=\"wp-block-paragraph\">Depois de largar da nona posi\u00e7\u00e3o, o dono do <strong>#6<\/strong> chegou a ser ultrapassado por <strong>Pierre Gasly<\/strong> e <strong>Charles Leclerc<\/strong> nos metros iniciais, mas conseguiu escalar o pelot\u00e3o ao permanecer na pista no momento em que outros decidiram realizar a troca de pneus, entre as voltas 11 e 14. Quando estava em s\u00e9timo, por\u00e9m, a equipe tentou tirar proveito do safety-car causado por <strong>Andrea Kimi Antonelli<\/strong>, no giro 46, e optou por realizar uma nova mudan\u00e7a de compostos, o que n\u00e3o agradou muito o novato.<\/p>\n\n\n\n<p class=\"wp-block-paragraph\">&#8220;Teve um momento em que est\u00e1vamos em s\u00e9timo e achei que seguir\u00edamos assim at\u00e9 o fim. Uma pena pelo safety-car, porque acho que nossa estrat\u00e9gia estava perfeita&#8221;, disse Hadjar durante entrevista acompanhada pelo <strong>GRANDE PR\u00caMIO<\/strong>. &#8220;Claro que n\u00e3o queria entrar [nos boxes], mas tamb\u00e9m porque n\u00e3o tinha a vis\u00e3o geral da corrida&#8221;, justificou.<\/p>\n\n\n\n<p class=\"wp-block-paragraph\">\u25b6\ufe0f <strong>Inscreva-se nos dois canais do GRANDE PR\u00caMIO no YouTube:&nbsp;<a href=\"https:\/\/www.youtube.com\/channel\/UC9OlHEgxoaY6QY6nWPoiqQg?sub_confirmation=1\" target=\"_blank\" rel=\"noreferrer noopener\">GP<\/a>&nbsp;|&nbsp;<a href=\"https:\/\/www.youtube.com\/channel\/UC9csiS6q_C3C0FYhyr1rnFA?sub_confirmation=1\" target=\"_blank\" rel=\"noreferrer noopener\">GP2<\/a><\/strong><br>\u25b6\ufe0f <strong>LEIA MAIS:&nbsp;<a href=\"https:\/\/www.grandepremio.com\/br\/f1\/noticias\/max-verstappen-bate-oscar-piastri-largada-magistral-vence-gp-emilia-romanha-gabriel-bortoleto-18o\/\">Verstappen bate Piastri em largada magistral e vence GP da Em\u00edlia-Romanha. Bortoleto \u00e9 18\u00ba<\/a><\/strong><\/p>\n\n\n\n<figure class=\"wp-block-image size-large\"><img decoding=\"async\" src=\"https:\/\/www.grandepremio.com\/br\/wp-content\/uploads\/2025\/05\/emilia-romanha-2025-f1-treinos-livres-racing-bulls-isack-hadjar-04-1-1200x800.jpg\" alt=\"\" class=\"wp-image-968646\"\/><figcaption class=\"wp-element-caption\">Isack Hadjar reclamou de estrat\u00e9gia da Racing Bulls no safety-car (Foto: Red Bull Content Pool)<\/figcaption><\/figure>\n\n\n\n<p class=\"wp-block-paragraph\">&#8220;Ent\u00e3o, obviamente, preciso confiar no pessoal do pit-wall, mas agora vamos ver na an\u00e1lise se foi a escolha certa. Acho que n\u00e3o foi, mas enfim&#8221;, lamentou, antes analisar o resultado final no <strong>Aut\u00f3dromo Enzo e Dino Ferrari<\/strong>.<\/p>\n\n\n\n<p class=\"wp-block-paragraph\">&#8220;Conquistamos pontos e largamos em nono. Gostaria que tiv\u00e9ssemos avan\u00e7ado mais, mas ainda assim foi bom. As condi\u00e7\u00f5es estavam bem dif\u00edceis. O carro com certeza nunca esteve t\u00e3o bom, mas ao mesmo tempo, talvez, estivesse um pouco mais dif\u00edcil de pilotar&#8221;, completou Hadjar.<\/p>\n\n\n\n<p class=\"wp-block-paragraph\">A&nbsp;<strong><a href=\"https:\/\/www.grandepremio.com\/br\/f1\/\" target=\"_blank\" rel=\"noreferrer noopener\"><\/a><a href=\"https:\/\/www.grandepremio.com\/br\/f1\/\" target=\"_blank\" rel=\"noreferrer noopener\">F\u00f3rmula 1<\/a><\/strong>&nbsp;retorna j\u00e1 no pr\u00f3ximo fim de semana, de&nbsp;<strong>23 a 25 de maio<\/strong>, com o&nbsp;<strong>GP de&nbsp;<a href=\"https:\/\/www.grandepremio.com\/br\/circuito\/monaco\/\" target=\"_blank\" rel=\"noreferrer noopener\">M\u00f4naco<\/a><\/strong>.<\/p>\n\n\n\n<figure class=\"wp-block-embed is-type-video is-provider-youtube wp-block-embed-youtube wp-embed-aspect-16-9 wp-has-aspect-ratio\"><div class=\"wp-block-embed__wrapper\">\n<iframe loading=\"lazy\" title=\"VERSTAPPEN D\u00c1 PASS\u00c3O EM PIASTRI E VENCE, HAMILTON \u00c9 4\u00ba, BORTOLETO 17\u00ba: A F1 EM \u00cdMOLA | BRIEFING\" width=\"500\" height=\"281\" src=\"https:\/\/www.youtube.com\/embed\/RLaTFsrej8Y?feature=oembed\" frameborder=\"0\" allow=\"accelerometer; autoplay; clipboard-write; encrypted-media; gyroscope; picture-in-picture; web-share\" referrerpolicy=\"strict-origin-when-cross-origin\" allowfullscreen><\/iframe>\n<\/div><\/figure>\n","protected":false},"excerpt":{"rendered":"<p>Em entrevista acompanhada pelo GRANDE PR\u00caMIO, Isack Hadjar fez uma breve an\u00e1lise da corrida e falou sobre o momento em que o safety-car teve de ir \u00e0 pista, na volta 46<\/p>\n","protected":false},"author":0,"featured_media":1000968789,"comment_status":"closed","ping_status":"closed","sticky":false,"template":"","format":"standard","meta":{"42wp_featured_image_caption":"","42wp_featured_image_credits":"","42wp_featured_video":"","42wp_featured_image_hidden":false,"42wp_authors_list":[],"footnotes":""},"categories":[2],"tags":[26271,5273,147,3630,180,3628,25606,43617,1491,28285,30840,5386,43616,33974,28104,35129,38179,42001],"42wp_author":[47149,47165,47160],"class_list":["post-22528","post","type-post","status-publish","format-standard","has-post-thumbnail","hentry","category-f1","tag-calendario-f1","tag-classificacao-f1","tag-f1","tag-f1-2025","tag-formula-1","tag-formula-1-2025","tag-gp-da-emilia-romanha","tag-gp-da-emilia-romanha-f1","tag-grande-premio","tag-grandepremio","tag-horarios-f1","tag-imola","tag-imola-2025","tag-imola-f1","tag-isack-hadjar","tag-onde-assistir-f1","tag-racing-bulls","tag-temporada-2025-f1","42wp_author-bernardo-castro","42wp_author-leonid-kluiev","42wp_author-vicente-soella"],"_links":{"self":[{"href":"https:\/\/grandepremio.com\/br\/wp-json\/wp\/v2\/posts\/22528","targetHints":{"allow":["GET"]}}],"collection":[{"href":"https:\/\/grandepremio.com\/br\/wp-json\/wp\/v2\/posts"}],"about":[{"href":"https:\/\/grandepremio.com\/br\/wp-json\/wp\/v2\/types\/post"}],"replies":[{"embeddable":true,"href":"https:\/\/grandepremio.com\/br\/wp-json\/wp\/v2\/comments?post=22528"}],"version-history":[{"count":0,"href":"https:\/\/grandepremio.com\/br\/wp-json\/wp\/v2\/posts\/22528\/revisions"}],"wp:featuredmedia":[{"embeddable":true,"href":"https:\/\/grandepremio.com\/br\/wp-json\/wp\/v2\/media\/1000968789"}],"wp:attachment":[{"href":"https:\/\/grandepremio.com\/br\/wp-json\/wp\/v2\/media?parent=22528"}],"wp:term":[{"taxonomy":"category","embeddable":true,"href":"https:\/\/grandepremio.com\/br\/wp-json\/wp\/v2\/categories?post=22528"},{"taxonomy":"post_tag","embeddable":true,"href":"https:\/\/grandepremio.com\/br\/wp-json\/wp\/v2\/tags?post=22528"},{"taxonomy":"42wp_author","embeddable":true,"href":"https:\/\/grandepremio.com\/br\/wp-json\/wp\/v2\/42wp_author?post=22528"}],"curies":[{"name":"wp","href":"https:\/\/api.w.org\/{rel}","templated":true}]}}