{"id":22581,"date":"2025-05-17T16:32:19","date_gmt":"2025-05-17T19:32:19","guid":{"rendered":"https:\/\/grandepremio.com\/br\/noticias\/ferrari-derrotada-atropelamento-patinete-lewis-hamilton-sabado-f1-imola\/"},"modified":"2025-05-17T16:32:19","modified_gmt":"2025-05-17T19:32:19","slug":"ferrari-derrotada-atropelamento-patinete-lewis-hamilton-sabado-f1-imola","status":"publish","type":"post","link":"https:\/\/grandepremio.com\/br\/f1\/ferrari-derrotada-atropelamento-patinete-lewis-hamilton-sabado-f1-imola\/","title":{"rendered":"Ferrari derrotada e atropelamento por patinete de Hamilton: o s\u00e1bado da F1 em \u00cdmola"},"content":{"rendered":"\n<p class=\"wp-block-paragraph\">O terceiro dia de cobertura do <strong>GP da Em\u00edlia-Romanha<\/strong> de F\u00f3rmula 1, em <strong>\u00cdmola<\/strong>, rendeu boas hist\u00f3rias. A <a href=\"https:\/\/www.grandepremio.com\/br\/f1\/noticias\/oscar-piastri-crava-pole-classificacao-fortes-acidentes-emilia-romanha-imola-gabriel-bortoleto-14o\/\">principal \u00e9 o desfecho da classifica\u00e7\u00e3o<\/a>, que al\u00e9m de uma dura derrota da <strong>Ferrari <\/strong>em casa, mostrou uma <strong>McLaren <\/strong>muito forte, sobretudo nas m\u00e3os do pole <strong>Oscar Piastri.<\/strong> Por\u00e9m, \u00e9 imposs\u00edvel n\u00e3o destacar o inusitado &#8216;atropelamento&#8217; que sofri de <strong>Lewis Hamilton<\/strong> e seu patinete durante a manh\u00e3 no paddock.<\/p>\n\n\n\n<p class=\"wp-block-paragraph\">Repetindo um pouco das tarefas de ontem, aproveitei o tempo sem entrevistas na parte da manh\u00e3 para fazer algumas fotos para as redes sociais do <strong>GRANDE PR\u00caMIO<\/strong>. N\u00e3o que a <a href=\"https:\/\/www.grandepremio.com\/br\/f1\/noticias\/george-russell-max-verstappen-conformados-dia-paparazzo-sexta-feira-f1-imola\/\">experi\u00eancia adquirida ontem<\/a> tenha influenciado em muita coisa, mas os registros deste s\u00e1bado ficaram melhores. Muito disso porque percebi a aglomera\u00e7\u00e3o de fot\u00f3grafos na entrada do paddock \u00e0 espera dos pilotos. Isso me ajudou a conseguir \u00e2ngulos melhores.<\/p>\n\n\n\n<p class=\"wp-block-paragraph\">O curioso \u00e9 que a situa\u00e7\u00e3o tamb\u00e9m rendeu um incidente com <strong>Hamilton<\/strong>. Alguns minutos depois de ter feito as primeiras fotos dos pilotos da <strong>Ferrari<\/strong>, permaneci no paddock para tentar outros registros. Em dado momento, <strong>Charles Leclerc<\/strong> andava r\u00e1pido para evitar a multid\u00e3o e se dirigia ao motorhome da equipe italiana. Como n\u00e3o queria atrapalhar o fluxo, rapidamente sa\u00ed da frente para deixar o monegasco passar.<\/p>\n\n\n\n<p class=\"wp-block-paragraph\">O que eu n\u00e3o sabia \u00e9 que <strong>Hamilton <\/strong>tamb\u00e9m estava com pressa. E o heptacampe\u00e3o surgiu do nada atr\u00e1s de mim depois de sair do meio de algumas das estruturas instaladas no paddock. Assim, ao abrir passagem para <strong>Leclerc<\/strong>, entrei na frente de <strong>Lewis <\/strong>e ele me &#8216;atropelou&#8217;. Nada muito grave, para falar a verdade. Apenas um esbarr\u00e3o que n\u00e3o o impediu de seguir em frente.<\/p>\n\n\n\n<figure class=\"wp-block-image size-large\"><img decoding=\"async\" src=\"https:\/\/www.grandepremio.com\/br\/wp-content\/uploads\/2025\/05\/emilia-romanha-2025-f1-classificacao-ferrari-lewis-hamilton-afp-05-1200x800.jpg\" alt=\"\" class=\"wp-image-968778\"\/><figcaption class=\"wp-element-caption\">Lewis Hamilton e Charles Leclerc sofreram em \u00cdmola (Foto: AFP) <\/figcaption><\/figure>\n\n\n\n<p class=\"wp-block-paragraph\">Por falar na dupla da equipe <strong>italiana<\/strong>, a <strong>Ferrari<\/strong> foi a grande derrotada do dia. Ap\u00f3s as dificuldades em <strong>Miami<\/strong>, <strong>Hamilton <\/strong>e <strong>Leclerc <\/strong>n\u00e3o estavam muito esperan\u00e7osos para a etapa em <strong>\u00cdmola<\/strong>. Mas sair da classifica\u00e7\u00e3o com 11\u00ba e 12\u00ba lugares certamente \u00e9 muito menos do que qualquer um deles esperava.<\/p>\n\n\n\n<p class=\"wp-block-paragraph\">No chamado cercadinho, onde os pilotos passam ap\u00f3s as atividades de pista, tive a oportunidade de conversar um pouco com <strong>Leclerc<\/strong>. <a href=\"https:\/\/www.grandepremio.com\/br\/f1\/noticias\/charles-leclerc-tentar-milagres-imola-abatimento-classificacao-crucial\/\">Questionei ao monegasco<\/a> se havia algo de positivo no rendimento da <strong>SF-25<\/strong> que pudesse ajudar em um eventual ganho de posi\u00e7\u00f5es ao longo da prova no domingo. E embora estivesse visivelmente chateado com o resultado, destacou que o ritmo de corrida \u00e9 \u201cforte\u201d, mas lembrou que a classifica\u00e7\u00e3o \u00e9 crucial em \u00cdmola.<\/p>\n\n\n\n<p class=\"wp-block-paragraph\">L\u00e1 na frente, embora tenha sido superado por <strong>Oscar Piastri<\/strong>, <strong>Max Verstappen<\/strong> voltou a surpreender ao cravar o segundo melhor tempo com a <strong>Red Bull<\/strong>. O neerland\u00eas n\u00e3o tem nada a perder e certamente n\u00e3o se esqueceu de quando levou a pior contra o australiano na curva 1 na <strong>Ar\u00e1bia Saudita<\/strong>. A ver o que pode acontecer.<\/p>\n\n\n\n<p class=\"wp-block-paragraph\"><strong>\u00cdmola <\/strong>tem pouqu\u00edssimos pontos de ultrapassagem e, por isso, raramente proporciona corridas interessantes. No entanto, um eventual embate entre <strong>Piastri <\/strong>e <strong>Verstappen <\/strong>nos metros iniciais pode render uma hist\u00f3ria interessante. A ver se isso se confirma.<\/p>\n\n\n\n<p class=\"wp-block-paragraph\">A&nbsp;<strong><a href=\"https:\/\/www.grandepremio.com\/br\/f1\/\" target=\"_blank\" rel=\"noreferrer noopener\"><\/a><a href=\"https:\/\/www.grandepremio.com\/br\/f1\/\" target=\"_blank\" rel=\"noreferrer noopener\">F\u00f3rmula 1<\/a><\/strong>&nbsp;realiza o GP da Em\u00edlia-Romanha de 16 a 18 de maio, em&nbsp;<strong><a href=\"https:\/\/www.grandepremio.com\/br\/circuito\/399739\/\" target=\"_blank\" rel=\"noreferrer noopener\">\u00cdmola<\/a><\/strong>, o primeiro da temporada 2025 na&nbsp;<strong>Europa<\/strong>. O&nbsp;<strong>GRANDE PR\u00caMIO<\/strong>&nbsp;acompanha todas as atividades&nbsp;<strong><a href=\"https:\/\/www.grandepremio.com\/br\/f1\/ao-vivo\" target=\"_blank\" rel=\"noreferrer noopener\">AO VIVO E EM&nbsp;<\/a><a href=\"https:\/\/www.grandepremio.com\/br\/ao-vivo\/\" target=\"_blank\" rel=\"noreferrer noopener\">TEMPO REAL<\/a><\/strong>, al\u00e9m de classifica\u00e7\u00e3o e corrida em&nbsp;<strong><a href=\"https:\/\/www.youtube.com\/@GrandePremio1\/streams\" target=\"_blank\" rel=\"noreferrer noopener\">SEGUNDA TELA no YouTube<\/a><\/strong>, em parceria com a Voz do Esporte. O&nbsp;<strong>Briefing<\/strong>&nbsp;chega para analisar ap\u00f3s o fim de cada dia de atividades nas redes sociais e na GPTV.<\/p>\n\n\n\n<p class=\"wp-block-paragraph\">Al\u00e9m da cobertura tradicional, o&nbsp;<strong>GRANDE PR\u00caMIO<\/strong>&nbsp;est\u00e1&nbsp;<strong>IN LOCO<\/strong>&nbsp;em&nbsp;<strong><a href=\"https:\/\/www.grandepremio.com\/br\/circuito\/399739\/\" target=\"_blank\" rel=\"noreferrer noopener\">\u00cdmola<\/a><\/strong>,&nbsp;na&nbsp;<strong>It\u00e1lia<\/strong>.&nbsp;para acompanhar todas as emo\u00e7\u00f5es da etapa com os rep\u00f3rteres&nbsp;<strong>Bernardo Castro<\/strong>&nbsp;e&nbsp;<strong>Leonid Kliuev<\/strong>.<\/p>\n\n\n\n<p class=\"wp-block-paragraph\"><strong>GP da Em\u00edlia-Romanha de F1: veja os hor\u00e1rios em Brasil, Cabo Verde, Portugal, Angola e Mo\u00e7ambique<\/strong><\/p>\n\n\n\n<figure class=\"wp-block-table\"><table class=\"has-fixed-layout\"><tbody><tr><td><strong>&nbsp;Sess\u00e3o<\/strong><\/td><td><strong>BRA*<\/strong><\/td><td><strong>CBV<\/strong><\/td><td><strong>POR<\/strong><br><strong>ANG<\/strong><\/td><td><strong>MOZ<\/strong><\/td><\/tr><tr><td>Corrida<\/td><td>10:00<\/td><td>12:00<\/td><td>14:00<\/td><td>15:00<\/td><\/tr><\/tbody><\/table><\/figure>\n\n\n\n<p class=\"wp-block-paragraph\"><em>*Hor\u00e1rios de Bras\u00edlia<\/em><\/p>\n\n\n\n<p class=\"wp-block-paragraph\"><strong>\u25b6\ufe0f<\/strong>&nbsp;<strong>Inscreva-se nos dois canais do GRANDE PR\u00caMIO no YouTube:&nbsp;<a href=\"https:\/\/www.youtube.com\/channel\/UC9OlHEgxoaY6QY6nWPoiqQg?sub_confirmation=1\" target=\"_blank\" rel=\"noreferrer noopener\">GP<\/a>&nbsp;|&nbsp;<a href=\"https:\/\/www.youtube.com\/channel\/UC9csiS6q_C3C0FYhyr1rnFA?sub_confirmation=1\" target=\"_blank\" rel=\"noreferrer noopener\">GP2<\/a><\/strong><br>\u25b6\ufe0f&nbsp;<strong>LEIA TAMB\u00c9M:&nbsp;<a href=\"https:\/\/www.grandepremio.com\/br\/f1\/noticias\/mclaren-ratifica-forca-em-imola-e-aguarda-disputa-entre-mercedes-e-red-bull\/\">McLaren ratifica for\u00e7a em&nbsp;<\/a><a href=\"https:\/\/www.grandepremio.com\/br\/circuito\/399739\/\" target=\"_blank\" rel=\"noreferrer noopener\">\u00cdmola<\/a>&nbsp;e aguarda disputa entre Mercedes e Red Bull<\/strong><\/p>\n\n\n\n<figure class=\"wp-block-embed is-type-video is-provider-youtube wp-block-embed-youtube wp-embed-aspect-16-9 wp-has-aspect-ratio\"><div class=\"wp-block-embed__wrapper\">\n<iframe loading=\"lazy\" title=\"PIASTRI POLE, FERRARI SEM Q3, BORTOLETO 14\u00ba E BATIDAS: A CLASSIFICA\u00c7\u00c3O DA F1 EM \u00cdMOLA | BRIEFING\" width=\"500\" height=\"281\" src=\"https:\/\/www.youtube.com\/embed\/g0MntY4_vts?feature=oembed\" frameborder=\"0\" allow=\"accelerometer; autoplay; clipboard-write; encrypted-media; gyroscope; picture-in-picture; web-share\" referrerpolicy=\"strict-origin-when-cross-origin\" allowfullscreen><\/iframe>\n<\/div><\/figure>\n","protected":false},"excerpt":{"rendered":"<p>No terceiro dia de relato da experi\u00eancia da cobertura in loco do GP da Em\u00edlia Romanha, Bernardo Castro fala da queda da Ferrari em \u00cdmola e conta sobre um incidente curioso com Lewis Hamilton no paddock<\/p>\n","protected":false},"author":0,"featured_media":1000968687,"comment_status":"closed","ping_status":"closed","sticky":false,"template":"","format":"standard","meta":{"42wp_featured_image_caption":"","42wp_featured_image_credits":"","42wp_featured_video":"","42wp_featured_image_hidden":false,"42wp_authors_list":[],"footnotes":""},"categories":[2],"tags":[26000,36308,5660,3630,642,25606,29611,34862],"42wp_author":[47149],"class_list":["post-22581","post","type-post","status-publish","format-standard","has-post-thumbnail","hentry","category-f1","tag-audiencia-da-tv","tag-bernardo-castro","tag-classificacao","tag-f1-2025","tag-f1-ao-vivo","tag-gp-da-emilia-romanha","tag-gp-de-imola","tag-gp-em-imola","42wp_author-bernardo-castro"],"_links":{"self":[{"href":"https:\/\/grandepremio.com\/br\/wp-json\/wp\/v2\/posts\/22581","targetHints":{"allow":["GET"]}}],"collection":[{"href":"https:\/\/grandepremio.com\/br\/wp-json\/wp\/v2\/posts"}],"about":[{"href":"https:\/\/grandepremio.com\/br\/wp-json\/wp\/v2\/types\/post"}],"replies":[{"embeddable":true,"href":"https:\/\/grandepremio.com\/br\/wp-json\/wp\/v2\/comments?post=22581"}],"version-history":[{"count":0,"href":"https:\/\/grandepremio.com\/br\/wp-json\/wp\/v2\/posts\/22581\/revisions"}],"wp:featuredmedia":[{"embeddable":true,"href":"https:\/\/grandepremio.com\/br\/wp-json\/wp\/v2\/media\/1000968687"}],"wp:attachment":[{"href":"https:\/\/grandepremio.com\/br\/wp-json\/wp\/v2\/media?parent=22581"}],"wp:term":[{"taxonomy":"category","embeddable":true,"href":"https:\/\/grandepremio.com\/br\/wp-json\/wp\/v2\/categories?post=22581"},{"taxonomy":"post_tag","embeddable":true,"href":"https:\/\/grandepremio.com\/br\/wp-json\/wp\/v2\/tags?post=22581"},{"taxonomy":"42wp_author","embeddable":true,"href":"https:\/\/grandepremio.com\/br\/wp-json\/wp\/v2\/42wp_author?post=22581"}],"curies":[{"name":"wp","href":"https:\/\/api.w.org\/{rel}","templated":true}]}}