{"id":22661,"date":"2025-05-16T15:39:04","date_gmt":"2025-05-16T18:39:04","guid":{"rendered":"https:\/\/grandepremio.com\/br\/noticias\/isack-hadjar-enfatiza-importancia-boa-classificacao-imola-dificil-ultrapassar\/"},"modified":"2025-05-16T15:46:34","modified_gmt":"2025-05-16T18:46:34","slug":"isack-hadjar-enfatiza-importancia-boa-classificacao-imola-dificil-ultrapassar","status":"publish","type":"post","link":"https:\/\/grandepremio.com\/br\/f1\/isack-hadjar-enfatiza-importancia-boa-classificacao-imola-dificil-ultrapassar\/","title":{"rendered":"Hadjar enfatiza import\u00e2ncia de boa classifica\u00e7\u00e3o em \u00cdmola: &#8220;Dif\u00edcil ultrapassar&#8221;"},"content":{"rendered":"\n<p class=\"wp-block-paragraph\">Mal acabaram os treinos livres desta sexta-feira (16), e <strong>Isack Hadjar<\/strong> j\u00e1 com cabe\u00e7a no s\u00e1bado. Ap\u00f3s elogiar a performance da <strong>Racing Bulls<\/strong> nas primeiras sess\u00f5es em <strong>\u00cdmola<\/strong>, destacou a <strong>dificuldade de ultrapassar<\/strong> no Aut\u00f3dromo Enzo e Dino Ferrari e a import\u00e2ncia de <strong>ir bem na classifica\u00e7\u00e3o<\/strong> para largar em boa posi\u00e7\u00e3o na corrida.<\/p>\n\n\n\n<p class=\"wp-block-paragraph\">Hadjar foi discreto no TL1, <strong><a href=\"https:\/\/www.grandepremio.com\/br\/f1\/noticias\/oscar-piastri-puxa-1-2-mclaren-tl1-acirrado-gp-emilia-romanha-gabriel-bortoleto-9o\/\">ficando apenas no 17\u00ba lugar<\/a><\/strong>, mas se destacou no TL2, <strong><a href=\"https:\/\/www.grandepremio.com\/br\/f1\/noticias\/oscar-piastri-lidera-tl2-poe-mclaren-comando-sexta-feira-emilia-romanha-gabriel-bortoleto-16o\/\">com a s\u00e9tima posi\u00e7\u00e3o<\/a><\/strong> \u2014 <strong>Oscar Piastri<\/strong> foi o l\u00edder nos dois. Ao final das atividades, destacou a sensa\u00e7\u00e3o da <strong>VCARB 02<\/strong>.<\/p>\n\n\n\n<p class=\"wp-block-paragraph\">&#8220;No geral, <strong>o dia foi bom e estou feliz com a sensa\u00e7\u00e3o<\/strong>. Trouxemos atualiza\u00e7\u00f5es para \u00cdmola, mas n\u00e3o foi um pacote grande, ent\u00e3o n\u00e3o parece um carro novo&#8221;, explicou. &#8220;N\u00e3o precisei fazer adapta\u00e7\u00f5es, porque as caracter\u00edsticas seguem as mesmas&#8221;, seguiu.<\/p>\n\n\n\n<p class=\"wp-block-paragraph\">&#8220;Tenho certeza que a <strong>classifica\u00e7\u00e3o ser\u00e1 apertada<\/strong>. A pista \u00e9 curta, todos conhecem muito bem, ent\u00e3o espero um dia competitivo. <strong>\u00c9 dif\u00edcil ultrapassar aqui<\/strong>, ent\u00e3o ser\u00e1 importante maximizar o resultado no s\u00e1bado&#8221;, afirmou.<\/p>\n\n\n\n<figure class=\"wp-block-image size-large\"><img decoding=\"async\" src=\"https:\/\/www.grandepremio.com\/br\/wp-content\/uploads\/2025\/05\/emilia-romanha-2025-f1-treinos-livres-racing-bulls-isack-hadjar-04-1200x800.jpg\" alt=\"\" class=\"wp-image-968165\"\/><figcaption class=\"wp-element-caption\">Isack Hadjar terminou o TL2 em \u00edmola no s\u00e9timo lugar (Foto: Red Bull Content Pool)<\/figcaption><\/figure>\n\n\n\n<p class=\"wp-block-paragraph\"><strong>\u25b6\ufe0f<\/strong>\u00a0<strong>Inscreva-se nos dois canais do GRANDE PR\u00caMIO no YouTube:\u00a0<a href=\"https:\/\/www.youtube.com\/channel\/UC9OlHEgxoaY6QY6nWPoiqQg?sub_confirmation=1\" target=\"_blank\" rel=\"noreferrer noopener\">GP<\/a>\u00a0|\u00a0<a href=\"https:\/\/www.youtube.com\/channel\/UC9csiS6q_C3C0FYhyr1rnFA?sub_confirmation=1\" target=\"_blank\" rel=\"noreferrer noopener\">GP2<\/a><\/strong><\/p>\n\n\n\n<p class=\"wp-block-paragraph\">Apesar do bom resultado no treino da tarde, a sess\u00e3o n\u00e3o terminou bem para Hadjar. Ao passar pela Tamburello, <strong><a href=\"https:\/\/www.grandepremio.com\/br\/video\/f1\/isack-hadjar-roda-bate-tamburello-aciona-bandeira-vermelha-tl2-gp-emilia-romanha\/\">perdeu o controle do carro<\/a><\/strong>, bateu e ficou atolado na brita nos momentos finais.<\/p>\n\n\n\n<p class=\"wp-block-paragraph\">&#8220;Foi um final de sess\u00e3o infeliz para n\u00f3s. Perdi o carro na curva 3, consegui segurar, mas j\u00e1 tinha duas rodas na grama e acabei perdendo novamente. Uma pena n\u00e3o poder completar a sess\u00e3o&#8221;, lamentou.<\/p>\n\n\n\n<p class=\"wp-block-paragraph\">A&nbsp;<strong><a href=\"https:\/\/www.grandepremio.com\/br\/f1\/\" target=\"_blank\" rel=\"noreferrer noopener\"><\/a><a href=\"https:\/\/www.grandepremio.com\/br\/f1\/\" target=\"_blank\" rel=\"noreferrer noopener\">F\u00f3rmula 1<\/a><\/strong>&nbsp;realiza o GP da Em\u00edlia-Romanha de 16 a 18 de maio, em&nbsp;<strong><a href=\"https:\/\/www.grandepremio.com\/br\/circuito\/399739\/\" target=\"_blank\" rel=\"noreferrer noopener\">\u00cdmola<\/a><\/strong>, o primeiro da temporada 2025 na&nbsp;<strong>Europa<\/strong>. O&nbsp;<strong>GRANDE PR\u00caMIO<\/strong>&nbsp;acompanha todas as atividades&nbsp;<strong><a href=\"https:\/\/www.grandepremio.com\/br\/f1\/ao-vivo\" target=\"_blank\" rel=\"noreferrer noopener\">AO VIVO E EM&nbsp;<\/a><a href=\"https:\/\/www.grandepremio.com\/br\/ao-vivo\/\" target=\"_blank\" rel=\"noreferrer noopener\">TEMPO REAL<\/a><\/strong>, al\u00e9m de classifica\u00e7\u00e3o e corrida em&nbsp;<strong><a href=\"https:\/\/www.youtube.com\/@GrandePremio1\/streams\" target=\"_blank\" rel=\"noreferrer noopener\">SEGUNDA TELA no YouTube<\/a><\/strong>, em parceria com a Voz do Esporte. O&nbsp;<strong>Briefing<\/strong>&nbsp;chega para analisar ap\u00f3s o fim de cada dia de atividades nas redes sociais e na GPTV.<\/p>\n\n\n\n<p class=\"wp-block-paragraph\">Al\u00e9m da cobertura tradicional, o&nbsp;<strong>GRANDE PR\u00caMIO<\/strong>&nbsp;est\u00e1&nbsp;<strong>IN LOCO<\/strong>&nbsp;na&nbsp;<strong>It\u00e1lia<\/strong>&nbsp;para acompanhar todas as emo\u00e7\u00f5es da etapa com os rep\u00f3rteres&nbsp;<strong>Bernardo Castro<\/strong>&nbsp;e&nbsp;<strong>Leonid Kliuev<\/strong>.<\/p>\n\n\n\n<p class=\"wp-block-paragraph\"><strong>GP da Em\u00edlia-Romanha de F1: veja os hor\u00e1rios em Brasil, Cabo Verde,\u00a0<a href=\"https:\/\/grandepremio.pt\/\" target=\"_blank\" rel=\"noreferrer noopener\">Portugal<\/a>, Angola e Mo\u00e7ambique<\/strong><\/p>\n\n\n\n<figure class=\"wp-block-table\"><table class=\"has-fixed-layout\"><tbody><tr><td><strong>&nbsp;Sess\u00e3o<\/strong><\/td><td><strong>BRA*<\/strong><\/td><td><strong>CBV<\/strong><\/td><td><strong>POR<\/strong><br><strong>ANG<\/strong><\/td><td><strong>MOZ<\/strong><\/td><\/tr><tr><td>Treino livre 1<\/td><td>08:30<\/td><td>10:30<\/td><td>12:30<\/td><td>13:30<\/td><\/tr><tr><td>Treino livre 2<\/td><td>12:00<\/td><td>14:00<\/td><td>16:00<\/td><td>17:00<\/td><\/tr><tr><td>Treino livre 3<\/td><td>07:30<\/td><td>09:30<\/td><td>11:30<\/td><td>12:30<\/td><\/tr><tr><td>Classifica\u00e7\u00e3o<\/td><td>11:00<\/td><td>13:00<\/td><td>15:00<\/td><td>16:00<\/td><\/tr><tr><td>Corrida<\/td><td>10:00<\/td><td>12:00<\/td><td>14:00<\/td><td>15:00<\/td><\/tr><\/tbody><\/table><\/figure>\n\n\n\n<p class=\"wp-block-paragraph\"><em>*Hor\u00e1rios de Bras\u00edlia<\/em><\/p>\n\n\n\n<figure class=\"wp-block-embed is-type-video is-provider-youtube wp-block-embed-youtube wp-embed-aspect-16-9 wp-has-aspect-ratio\"><div class=\"wp-block-embed__wrapper\">\n<iframe loading=\"lazy\" title=\"PIASTRI LIDERA, HAMILTON RECLAMA, BORTOLETO ESCAPA E BATE: OS TREINOS DA F1 EM \u00cdMOLA | BRIEFING\" width=\"500\" height=\"281\" src=\"https:\/\/www.youtube.com\/embed\/GCF9JxSNgrk?feature=oembed\" frameborder=\"0\" allow=\"accelerometer; autoplay; clipboard-write; encrypted-media; gyroscope; picture-in-picture; web-share\" referrerpolicy=\"strict-origin-when-cross-origin\" allowfullscreen><\/iframe>\n<\/div><\/figure>\n","protected":false},"excerpt":{"rendered":"<p>Isack Hadjar gostou do desempenho da Racing Bulls nos treinos livres, mas destacou a import\u00e2ncia da classifica\u00e7\u00e3o pela dificuldade de ultrapassar em \u00cdmola<\/p>\n","protected":false},"author":0,"featured_media":1000967616,"comment_status":"closed","ping_status":"closed","sticky":false,"template":"","format":"standard","meta":{"42wp_featured_image_caption":"","42wp_featured_image_credits":"","42wp_featured_video":"","42wp_featured_image_hidden":false,"42wp_authors_list":[],"footnotes":""},"categories":[2],"tags":[26271,5273,147,3630,180,3628,1491,28285,30840,28104,35129,2916,38179,42001],"42wp_author":[47164],"class_list":["post-22661","post","type-post","status-publish","format-standard","has-post-thumbnail","hentry","category-f1","tag-calendario-f1","tag-classificacao-f1","tag-f1","tag-f1-2025","tag-formula-1","tag-formula-1-2025","tag-grande-premio","tag-grandepremio","tag-horarios-f1","tag-isack-hadjar","tag-onde-assistir-f1","tag-oscar-piastri","tag-racing-bulls","tag-temporada-2025-f1","42wp_author-marcos-gil-ribeiro"],"_links":{"self":[{"href":"https:\/\/grandepremio.com\/br\/wp-json\/wp\/v2\/posts\/22661","targetHints":{"allow":["GET"]}}],"collection":[{"href":"https:\/\/grandepremio.com\/br\/wp-json\/wp\/v2\/posts"}],"about":[{"href":"https:\/\/grandepremio.com\/br\/wp-json\/wp\/v2\/types\/post"}],"replies":[{"embeddable":true,"href":"https:\/\/grandepremio.com\/br\/wp-json\/wp\/v2\/comments?post=22661"}],"version-history":[{"count":0,"href":"https:\/\/grandepremio.com\/br\/wp-json\/wp\/v2\/posts\/22661\/revisions"}],"wp:featuredmedia":[{"embeddable":true,"href":"https:\/\/grandepremio.com\/br\/wp-json\/wp\/v2\/media\/1000967616"}],"wp:attachment":[{"href":"https:\/\/grandepremio.com\/br\/wp-json\/wp\/v2\/media?parent=22661"}],"wp:term":[{"taxonomy":"category","embeddable":true,"href":"https:\/\/grandepremio.com\/br\/wp-json\/wp\/v2\/categories?post=22661"},{"taxonomy":"post_tag","embeddable":true,"href":"https:\/\/grandepremio.com\/br\/wp-json\/wp\/v2\/tags?post=22661"},{"taxonomy":"42wp_author","embeddable":true,"href":"https:\/\/grandepremio.com\/br\/wp-json\/wp\/v2\/42wp_author?post=22661"}],"curies":[{"name":"wp","href":"https:\/\/api.w.org\/{rel}","templated":true}]}}